{"id":118052,"date":"2021-09-27T12:00:54","date_gmt":"2021-09-27T15:00:54","guid":{"rendered":"http:\/\/www.24baires.com\/?p=118052"},"modified":"2021-09-27T09:39:55","modified_gmt":"2021-09-27T12:39:55","slug":"estamos-cada-vez-mas-cerca-de-evitar-una-tercera-ola-considero-kreplak","status":"publish","type":"post","link":"https:\/\/www.24baires.com\/?p=118052","title":{"rendered":"\u201cEstamos cada vez m\u00e1s cerca de evitar una tercera ola\u201d, consider\u00f3 Kreplak"},"content":{"rendered":"<p><img data-recalc-dims=\"1\" loading=\"lazy\" decoding=\"async\" src=\"https:\/\/i0.wp.com\/www.24baires.com\/wp-content\/uploads\/2021\/09\/kreplak.jpg?resize=560%2C372\" alt=\"\" width=\"560\" height=\"372\" class=\"aligncenter size-full wp-image-118053\" srcset=\"https:\/\/i0.wp.com\/www.24baires.com\/wp-content\/uploads\/2021\/09\/kreplak.jpg?w=560&amp;ssl=1 560w, https:\/\/i0.wp.com\/www.24baires.com\/wp-content\/uploads\/2021\/09\/kreplak.jpg?resize=300%2C199&amp;ssl=1 300w\" sizes=\"auto, (max-width: 560px) 100vw, 560px\" \/>El ministro de Salud bonaerense asegur\u00f3 que los indicadores \u201cno marcan\u201d que pueda ocurrir una tercera ola de contagios de coronavirus.<!--more--><\/p>\n<p>El ministro de Salud bonaerense, Nicol\u00e1s Kreplak, asegur\u00f3 que \u201cestamos cada vez m\u00e1s cerca de evitar una tercera ola\u201d de contagios de Covid-19 y destac\u00f3 que los indicadores \u201cno marcan\u201d que pueda ocurrir.<\/p>\n<p>La provincia de Buenos Aires registra, desde hace m\u00e1s de 10 semanas, un descenso sostenido en los casos. De igual forma la capacidad de las terapias intensivas disminuy\u00f3 considerablemente.<\/p>\n<p>Kreplak consider\u00f3 que el buen pronostico se debe a que \u201cse ha vacunado a mucha gente porque se consiguieron muchas vacunas\u201d y a la estrategia de limitar \u201cla entrada r\u00e1pida de la variante Delta\u201d.<\/p>\n<p>No obstante, el funcionario expres\u00f3 que \u201cfalta vacunar a los menores de 17 a\u00f1os, que son casi 5 millones de personas, por lo que hay que tener en cuenta que no pas\u00f3 la pandemia, hay que seguir cuid\u00e1ndose\u201d.<\/p>\n<p>En esta l\u00ednea, remarc\u00f3 que Argentina fue \u201cel \u00fanico pa\u00eds del mundo\u201d que le garantiz\u00f3 a cualquier persona que se enferm\u00f3 de Covid-19 y lo necesit\u00f3 \u201cun respirador, suero de convalecientes o atenci\u00f3n tanto en el sector p\u00fablico como en el sector privado\u201d.<\/p>\n","protected":false},"excerpt":{"rendered":"<p>El ministro de Salud bonaerense asegur\u00f3 que los indicadores \u201cno marcan\u201d que pueda ocurrir una tercera ola de contagios de coronavirus.<\/p>\n","protected":false},"author":8,"featured_media":0,"comment_status":"open","ping_status":"open","sticky":false,"template":"","format":"standard","meta":{"_jetpack_newsletter_access":"","_jetpack_dont_email_post_to_subs":false,"_jetpack_newsletter_tier_id":0,"_jetpack_memberships_contains_paywalled_content":false,"_jetpack_memberships_contains_paid_content":false,"footnotes":""},"categories":[40],"tags":[],"class_list":["post-118052","post","type-post","status-publish","format-standard","hentry","category-provincia"],"jetpack_shortlink":"https:\/\/wp.me\/p2JWE0-uI4","jetpack-related-posts":[{"id":117581,"url":"https:\/\/www.24baires.com\/?p=117581","url_meta":{"origin":118052,"position":0},"title":"Para el Gobierno bonaerense, deben mantenerse las restricciones por la suba de casos","author":"AF","date":"17\/05\/2021","format":false,"excerpt":"Tanto Carlos Bianco (Jefe de Gabinete) como Daniel Gollan y Nicol\u00e1s Kreplak (ministro y viceministro de Salud, respectivamente) coincidieron en que ante la gran cantidad de contagios, las restricciones deben continuar. \"Vamos a tener que seguir implementando medidas de cuidado; no queda otra\u201d, se\u00f1al\u00f3 Bianco. El Gobierno bonaerense evalu\u00f3 este\u2026","rel":"","context":"En \u00abSociedad\u00bb","block_context":{"text":"Sociedad","link":"https:\/\/www.24baires.com\/?cat=1"},"img":{"alt_text":"","src":"https:\/\/i0.wp.com\/www.24baires.com\/wp-content\/uploads\/2021\/05\/608aacb0eb8ad_1004x565.jpg?resize=350%2C200","width":350,"height":200,"srcset":"https:\/\/i0.wp.com\/www.24baires.com\/wp-content\/uploads\/2021\/05\/608aacb0eb8ad_1004x565.jpg?resize=350%2C200 1x, https:\/\/i0.wp.com\/www.24baires.com\/wp-content\/uploads\/2021\/05\/608aacb0eb8ad_1004x565.jpg?resize=525%2C300 1.5x"},"classes":[]},{"id":118189,"url":"https:\/\/www.24baires.com\/?p=118189","url_meta":{"origin":118052,"position":1},"title":"Comenzar\u00e1n a aplicar terceras dosis de vacunas la semana pr\u00f3xima","author":"GB","date":"28\/10\/2021","format":false,"excerpt":"Estar\u00e1n destinadas a inmunocomprometidos y a los mayores de 50 a\u00f1os que tengan dos dosis de Sinopharm. Los turnos se enviar\u00e1n de forma autom\u00e1tica La provincia de Buenos Aires comenzar\u00e1 la semana pr\u00f3xima a vacunar con terceras dosis a todos los inmunocomprometidos y a los mayores de 50 a\u00f1os que\u2026","rel":"","context":"En \u00abProvincia\u00bb","block_context":{"text":"Provincia","link":"https:\/\/www.24baires.com\/?cat=40"},"img":{"alt_text":"","src":"https:\/\/i0.wp.com\/www.24baires.com\/wp-content\/uploads\/2021\/08\/vacunaci%C3%B3n.jpg?resize=350%2C200","width":350,"height":200,"srcset":"https:\/\/i0.wp.com\/www.24baires.com\/wp-content\/uploads\/2021\/08\/vacunaci%C3%B3n.jpg?resize=350%2C200 1x, https:\/\/i0.wp.com\/www.24baires.com\/wp-content\/uploads\/2021\/08\/vacunaci%C3%B3n.jpg?resize=525%2C300 1.5x"},"classes":[]},{"id":121165,"url":"https:\/\/www.24baires.com\/?p=121165","url_meta":{"origin":118052,"position":2},"title":"Kreplak confirm\u00f3 que Naci\u00f3n asumi\u00f3 el compromiso de comprar la vacuna","author":"GB","date":"26\/03\/2024","format":false,"excerpt":"En el peor momento de la epidemia de dengue, el ministro de Salud bonaerense, Nicol\u00e1s Kreplak, particip\u00f3 del primer COFESA con su par de la Naci\u00f3n, Mario Russo, y el resto de los titulares de las carteras sanitarias del pa\u00eds. Con la epidemia de dengue como eje principal, este lunes\u2026","rel":"","context":"En \u00abSociedad\u00bb","block_context":{"text":"Sociedad","link":"https:\/\/www.24baires.com\/?cat=1"},"img":{"alt_text":"","src":"https:\/\/i0.wp.com\/www.24baires.com\/wp-content\/uploads\/2024\/03\/keplak.webp?resize=350%2C200","width":350,"height":200,"srcset":"https:\/\/i0.wp.com\/www.24baires.com\/wp-content\/uploads\/2024\/03\/keplak.webp?resize=350%2C200 1x, https:\/\/i0.wp.com\/www.24baires.com\/wp-content\/uploads\/2024\/03\/keplak.webp?resize=525%2C300 1.5x, https:\/\/i0.wp.com\/www.24baires.com\/wp-content\/uploads\/2024\/03\/keplak.webp?resize=700%2C400 2x"},"classes":[]},{"id":116417,"url":"https:\/\/www.24baires.com\/?p=116417","url_meta":{"origin":118052,"position":3},"title":"Kreplak asegura que bajan los casos en el AMBA, pero sigue siendo un \u00abfoco irradiador\u00bb","author":"AF","date":"07\/10\/2020","format":false,"excerpt":"El viceministro de Salud bonaerense sostuvo que \"cualquier decisi\u00f3n que se vaya a tomar\" en relaci\u00f3n al regreso a las aulas debe ser \"con este paraguas y con esta responsabilidad\". El viceministro de Salud bonaerense, Nicol\u00e1s Kreplak, asegur\u00f3 que el n\u00famero de casos de coronavirus en el \u00c1rea Metropolitana de\u2026","rel":"","context":"En \u00abProvincia\u00bb","block_context":{"text":"Provincia","link":"https:\/\/www.24baires.com\/?cat=40"},"img":{"alt_text":"","src":"https:\/\/i0.wp.com\/www.24baires.com\/wp-content\/uploads\/2013\/07\/barbijos.jpg?resize=350%2C200","width":350,"height":200,"srcset":"https:\/\/i0.wp.com\/www.24baires.com\/wp-content\/uploads\/2013\/07\/barbijos.jpg?resize=350%2C200 1x, https:\/\/i0.wp.com\/www.24baires.com\/wp-content\/uploads\/2013\/07\/barbijos.jpg?resize=525%2C300 1.5x"},"classes":[]},{"id":119150,"url":"https:\/\/www.24baires.com\/?p=119150","url_meta":{"origin":118052,"position":4},"title":"Provincia define un plan de vacunaci\u00f3n en ni\u00f1os de 6 meses a 3 a\u00f1os","author":"AF","date":"27\/07\/2022","format":false,"excerpt":"Durante la reuni\u00f3n virtual se abord\u00f3 la estrategia de vacunaci\u00f3n que se llevar\u00e1 adelante junto con la log\u00edstica para la distribuci\u00f3n y la aplicaci\u00f3n de las vacunas en cada uno de los 135 municipios del territorio bonaerense. Autoridades del gabinete del Ministerio de Salud de la provincia de Buenos Aires\u2026","rel":"","context":"En \u00abSociedad\u00bb","block_context":{"text":"Sociedad","link":"https:\/\/www.24baires.com\/?cat=1"},"img":{"alt_text":"","src":"https:\/\/i0.wp.com\/www.24baires.com\/wp-content\/uploads\/2021\/06\/vacuna-cansino.jpg?resize=350%2C200","width":350,"height":200,"srcset":"https:\/\/i0.wp.com\/www.24baires.com\/wp-content\/uploads\/2021\/06\/vacuna-cansino.jpg?resize=350%2C200 1x, https:\/\/i0.wp.com\/www.24baires.com\/wp-content\/uploads\/2021\/06\/vacuna-cansino.jpg?resize=525%2C300 1.5x, https:\/\/i0.wp.com\/www.24baires.com\/wp-content\/uploads\/2021\/06\/vacuna-cansino.jpg?resize=700%2C400 2x"},"classes":[]},{"id":117487,"url":"https:\/\/www.24baires.com\/?p=117487","url_meta":{"origin":118052,"position":5},"title":"Provincia pide un cierre \u00abmuy fuerte\u00bb en el AMBA","author":"AF","date":"26\/04\/2021","format":false,"excerpt":"Las autoridades de Salud bonaerenses advirtieron por la saturaci\u00f3n que genera la segunda ola de Covid-19 en el \u00c1rea Metropolitana. El ministro de Salud de la provincia de Buenos Aires, Daniel Goll\u00e1n, plante\u00f3 este lunes la necesidad de aplicar un cierre \"muy fuerte\" durante 15 d\u00edas en el \u00c1rea Metropolitana\u2026","rel":"","context":"En \u00abProvincia\u00bb","block_context":{"text":"Provincia","link":"https:\/\/www.24baires.com\/?cat=40"},"img":{"alt_text":"","src":"https:\/\/i0.wp.com\/www.24baires.com\/wp-content\/uploads\/2020\/04\/adulto-barbijo.jpg?resize=350%2C200","width":350,"height":200,"srcset":"https:\/\/i0.wp.com\/www.24baires.com\/wp-content\/uploads\/2020\/04\/adulto-barbijo.jpg?resize=350%2C200 1x, https:\/\/i0.wp.com\/www.24baires.com\/wp-content\/uploads\/2020\/04\/adulto-barbijo.jpg?resize=525%2C300 1.5x"},"classes":[]}],"jetpack_sharing_enabled":true,"jetpack_likes_enabled":true,"jetpack_featured_media_url":"","_links":{"self":[{"href":"https:\/\/www.24baires.com\/index.php?rest_route=\/wp\/v2\/posts\/118052","targetHints":{"allow":["GET"]}}],"collection":[{"href":"https:\/\/www.24baires.com\/index.php?rest_route=\/wp\/v2\/posts"}],"about":[{"href":"https:\/\/www.24baires.com\/index.php?rest_route=\/wp\/v2\/types\/post"}],"author":[{"embeddable":true,"href":"https:\/\/www.24baires.com\/index.php?rest_route=\/wp\/v2\/users\/8"}],"replies":[{"embeddable":true,"href":"https:\/\/www.24baires.com\/index.php?rest_route=%2Fwp%2Fv2%2Fcomments&post=118052"}],"version-history":[{"count":1,"href":"https:\/\/www.24baires.com\/index.php?rest_route=\/wp\/v2\/posts\/118052\/revisions"}],"predecessor-version":[{"id":118054,"href":"https:\/\/www.24baires.com\/index.php?rest_route=\/wp\/v2\/posts\/118052\/revisions\/118054"}],"wp:attachment":[{"href":"https:\/\/www.24baires.com\/index.php?rest_route=%2Fwp%2Fv2%2Fmedia&parent=118052"}],"wp:term":[{"taxonomy":"category","embeddable":true,"href":"https:\/\/www.24baires.com\/index.php?rest_route=%2Fwp%2Fv2%2Fcategories&post=118052"},{"taxonomy":"post_tag","embeddable":true,"href":"https:\/\/www.24baires.com\/index.php?rest_route=%2Fwp%2Fv2%2Ftags&post=118052"}],"curies":[{"name":"wp","href":"https:\/\/api.w.org\/{rel}","templated":true}]}}