{"id":11803,"date":"2013-01-10T22:03:59","date_gmt":"2013-01-11T01:03:59","guid":{"rendered":"http:\/\/www.24baires.com\/?p=11803"},"modified":"2013-01-10T22:57:03","modified_gmt":"2013-01-11T01:57:03","slug":"se-levanto-el-paro-de-micros","status":"publish","type":"post","link":"https:\/\/www.24baires.com\/?p=11803","title":{"rendered":"Se levant\u00f3 el paro de micros"},"content":{"rendered":"<p>La medida de fuerza dur\u00f3 alrededor de una hora. Seguir\u00e1n las negociaciones entre el gremio y las c\u00e1maras empresarias.<!--more--><\/p>\n<p>Se levant\u00f3 el \u00abparo nacional\u00bb de transportes de larga distancia que hab\u00eca dispuesto La Uni\u00f3n Tranviarios Automotor (UTA) esta noche. El Ministerio de Trabajo y la Secretar\u00eda de Transporte de la Naci\u00f3n lograron detener la medida de fuerza que comenz\u00f3 alrededor de las 21.30 y se levant\u00f3 un poco m\u00e1s de una hora despu\u00e9s.<\/p>\n<p>Ma\u00f1ana seguir\u00e1n las negociaciones entre el gremio y las c\u00e1maras empresarias para solucionar las diferencias entre las partes, por un reajuste de vi\u00e1ticos pedido por el sindicato liderado por Roberto Fern\u00e1ndez.<\/p>\n<p>Al respecto, Fern\u00e1ndez, dijo que \u00abla actitud empresaria de negarle el vi\u00e1tico a los conductores de larga distancia es un verdadero abuso que no estamos en condiciones de soportar\u00bb. \u00abHay paro nacional de micros de larga distancia porque los empresarios se niegan a pagar $380 de vi\u00e1tico acordado, que los choferes deb\u00edan percibir desde diciembre pasado\u00bb, enfatiz\u00f3, antes que de destrabe el conflicto.<\/p>\n<p>En el servicio de larga distancia se desempe\u00f1an 22 mil trabajadores en todo el pa\u00eds. La UTA es un gremio enrolado actualmente en la CGT cercana al Gobierno, que lidera Antonio Cal\u00f3.<\/p>\n","protected":false},"excerpt":{"rendered":"<p>La medida de fuerza dur\u00f3 alrededor de una hora. Seguir\u00e1n las negociaciones entre el gremio y las c\u00e1maras empresarias.<\/p>\n","protected":false},"author":11,"featured_media":0,"comment_status":"open","ping_status":"open","sticky":false,"template":"","format":"standard","meta":{"_jetpack_newsletter_access":"","_jetpack_dont_email_post_to_subs":false,"_jetpack_newsletter_tier_id":0,"_jetpack_memberships_contains_paywalled_content":false,"_jetpack_memberships_contains_paid_content":false,"footnotes":""},"categories":[1],"tags":[],"class_list":["post-11803","post","type-post","status-publish","format-standard","hentry","category-sociedad"],"jetpack_featured_media_url":"","jetpack_shortlink":"https:\/\/wp.me\/p2JWE0-34n","jetpack-related-posts":[{"id":37521,"url":"https:\/\/www.24baires.com\/?p=37521","url_meta":{"origin":11803,"position":0},"title":"Al fin y al cabo no habr\u00e1 paro de micros el 31","author":"GB","date":"27\/12\/2013","format":false,"excerpt":"El Ministerio de Trabajo dict\u00f3 este viernes la conciliaci\u00f3n obligatoria en el conflicto que, por reclamos salariales, mantienen la Uni\u00f3n Tranviarios Automotor (UTA) y las c\u00e1maras empresarias de larga distancia. La norma 14.786 impuesta por la cartera laboral rige desde las 17, por lo que la organizaci\u00f3n sindical deber\u00e1 abstenerse\u2026","rel":"","context":"En \u00abPol\u00edtica\u00bb","block_context":{"text":"Pol\u00edtica","link":"https:\/\/www.24baires.com\/?cat=51"},"img":{"alt_text":"retiro","src":"https:\/\/i0.wp.com\/www.24baires.com\/wp-content\/uploads\/2013\/12\/retiro.jpg?resize=350%2C200","width":350,"height":200,"srcset":"https:\/\/i0.wp.com\/www.24baires.com\/wp-content\/uploads\/2013\/12\/retiro.jpg?resize=350%2C200 1x, https:\/\/i0.wp.com\/www.24baires.com\/wp-content\/uploads\/2013\/12\/retiro.jpg?resize=525%2C300 1.5x"},"classes":[]},{"id":97286,"url":"https:\/\/www.24baires.com\/?p=97286","url_meta":{"origin":11803,"position":1},"title":"Una huelga de choferes paraliza el servicio de micros de larga distancia","author":"GB","date":"08\/09\/2017","format":false,"excerpt":"Choferes de micros de cuatro importantes empresas de larga distancia iniciaron esta medianoche un paro por tiempo indeterminado, por lo que consideran como \"incumplimiento\" de pago de la suba salarial de 21 por ciento dispuesta por el Ministerio de Trabajo ante la falta de acuerdo en la paritaria. El secretario\u2026","rel":"","context":"En \u00abSociedad\u00bb","block_context":{"text":"Sociedad","link":"https:\/\/www.24baires.com\/?cat=1"},"img":{"alt_text":"","src":"https:\/\/i0.wp.com\/www.24baires.com\/wp-content\/uploads\/2014\/01\/micros.jpg?resize=350%2C200","width":350,"height":200,"srcset":"https:\/\/i0.wp.com\/www.24baires.com\/wp-content\/uploads\/2014\/01\/micros.jpg?resize=350%2C200 1x, https:\/\/i0.wp.com\/www.24baires.com\/wp-content\/uploads\/2014\/01\/micros.jpg?resize=525%2C300 1.5x"},"classes":[]},{"id":49962,"url":"https:\/\/www.24baires.com\/?p=49962","url_meta":{"origin":11803,"position":2},"title":"La UTA levant\u00f3 el paro de micros","author":"Grupo Sierra","date":"15\/07\/2014","format":false,"excerpt":"El personal de \u00f3mnibus de larga distancia suspendi\u00f3 la medida de fuerza de 24 horas prevista a partir de la 0 del jueves en demanda de mejoras salariales, seg\u00fan asegur\u00f3 el titular de la organizaci\u00f3n sindical, Roberto Fern\u00e1ndez. El gremio levant\u00f3 la medida de fuerza luego de un encuentro en\u2026","rel":"","context":"En \u00abSociedad\u00bb","block_context":{"text":"Sociedad","link":"https:\/\/www.24baires.com\/?cat=1"},"img":{"alt_text":"micros","src":"https:\/\/i0.wp.com\/www.24baires.com\/wp-content\/uploads\/2014\/01\/micros.jpg?resize=350%2C200","width":350,"height":200,"srcset":"https:\/\/i0.wp.com\/www.24baires.com\/wp-content\/uploads\/2014\/01\/micros.jpg?resize=350%2C200 1x, https:\/\/i0.wp.com\/www.24baires.com\/wp-content\/uploads\/2014\/01\/micros.jpg?resize=525%2C300 1.5x"},"classes":[]},{"id":22607,"url":"https:\/\/www.24baires.com\/?p=22607","url_meta":{"origin":11803,"position":3},"title":"Contin\u00faa el paro de choferes de micros de larga distancia de todo el pa\u00eds","author":"AF","date":"04\/05\/2013","format":false,"excerpt":"A casi 48 horas desde el inicio del paro de choferes de larga distancia, que reclaman un aumento salarial del 23%, por el momento, no hay una soluci\u00f3n a la vista. Desde Uni\u00f3n Tranviarios Automotor (UTA) mandaron este s\u00e1bado por la ma\u00f1ana un mensaje claro: hasta que no haya una\u2026","rel":"","context":"En \u00abSociedad\u00bb","block_context":{"text":"Sociedad","link":"https:\/\/www.24baires.com\/?cat=1"},"img":{"alt_text":"colectivo larga distancia","src":"https:\/\/i0.wp.com\/www.24baires.com\/wp-content\/uploads\/2013\/05\/colectivo-larga-distancia.jpg?resize=350%2C200","width":350,"height":200,"srcset":"https:\/\/i0.wp.com\/www.24baires.com\/wp-content\/uploads\/2013\/05\/colectivo-larga-distancia.jpg?resize=350%2C200 1x, https:\/\/i0.wp.com\/www.24baires.com\/wp-content\/uploads\/2013\/05\/colectivo-larga-distancia.jpg?resize=525%2C300 1.5x"},"classes":[]},{"id":22405,"url":"https:\/\/www.24baires.com\/?p=22405","url_meta":{"origin":11803,"position":4},"title":"Desde las 14 paran trabajadores de UTA y no habr\u00e1 micros larga distancia","author":"AF","date":"02\/05\/2013","format":false,"excerpt":"Mario Calegari inform\u00f3 que la medida afectar\u00e1 al transporte de larga distancia. Exigen un aumento salarial del 23% retroactivo a marzo. La Uni\u00f3n Tranviaria Automotor ratific\u00f3 el paro que comenzar\u00e1 hoy a las 14 horas y que afectar\u00e1 el transporte de larga distancia en todo el pa\u00eds. El jefe de\u2026","rel":"","context":"En \u00abSociedad\u00bb","block_context":{"text":"Sociedad","link":"https:\/\/www.24baires.com\/?cat=1"},"img":{"alt_text":"colectivo larga distancia","src":"https:\/\/i0.wp.com\/www.24baires.com\/wp-content\/uploads\/2013\/05\/colectivo-larga-distancia.jpg?resize=350%2C200","width":350,"height":200,"srcset":"https:\/\/i0.wp.com\/www.24baires.com\/wp-content\/uploads\/2013\/05\/colectivo-larga-distancia.jpg?resize=350%2C200 1x, https:\/\/i0.wp.com\/www.24baires.com\/wp-content\/uploads\/2013\/05\/colectivo-larga-distancia.jpg?resize=525%2C300 1.5x"},"classes":[]},{"id":108370,"url":"https:\/\/www.24baires.com\/?p=108370","url_meta":{"origin":11803,"position":5},"title":"No habr\u00e1 paro de transporte finalmente durante el feriado de ma\u00f1ana","author":"AF","date":"24\/05\/2019","format":false,"excerpt":"Tras una reuni\u00f3n en el Ministerio de Transporte, los gremios levantaron la medida de fuerza que afectaba a colectivos, subtes y trenes. Los gremios de transporte de pasajeros (trenes, subte y colectivos) levantaron el paro anunciado para el s\u00e1bado 25 de mayo tras una reuni\u00f3n en el Ministerio de Transporte\u2026","rel":"","context":"En \u00abSociedad\u00bb","block_context":{"text":"Sociedad","link":"https:\/\/www.24baires.com\/?cat=1"},"img":{"alt_text":"","src":"https:\/\/i0.wp.com\/www.24baires.com\/wp-content\/uploads\/2017\/03\/transporte.jpg?resize=350%2C200","width":350,"height":200,"srcset":"https:\/\/i0.wp.com\/www.24baires.com\/wp-content\/uploads\/2017\/03\/transporte.jpg?resize=350%2C200 1x, https:\/\/i0.wp.com\/www.24baires.com\/wp-content\/uploads\/2017\/03\/transporte.jpg?resize=525%2C300 1.5x"},"classes":[]}],"jetpack_sharing_enabled":true,"jetpack_likes_enabled":true,"_links":{"self":[{"href":"https:\/\/www.24baires.com\/index.php?rest_route=\/wp\/v2\/posts\/11803","targetHints":{"allow":["GET"]}}],"collection":[{"href":"https:\/\/www.24baires.com\/index.php?rest_route=\/wp\/v2\/posts"}],"about":[{"href":"https:\/\/www.24baires.com\/index.php?rest_route=\/wp\/v2\/types\/post"}],"author":[{"embeddable":true,"href":"https:\/\/www.24baires.com\/index.php?rest_route=\/wp\/v2\/users\/11"}],"replies":[{"embeddable":true,"href":"https:\/\/www.24baires.com\/index.php?rest_route=%2Fwp%2Fv2%2Fcomments&post=11803"}],"version-history":[{"count":1,"href":"https:\/\/www.24baires.com\/index.php?rest_route=\/wp\/v2\/posts\/11803\/revisions"}],"predecessor-version":[{"id":11804,"href":"https:\/\/www.24baires.com\/index.php?rest_route=\/wp\/v2\/posts\/11803\/revisions\/11804"}],"wp:attachment":[{"href":"https:\/\/www.24baires.com\/index.php?rest_route=%2Fwp%2Fv2%2Fmedia&parent=11803"}],"wp:term":[{"taxonomy":"category","embeddable":true,"href":"https:\/\/www.24baires.com\/index.php?rest_route=%2Fwp%2Fv2%2Fcategories&post=11803"},{"taxonomy":"post_tag","embeddable":true,"href":"https:\/\/www.24baires.com\/index.php?rest_route=%2Fwp%2Fv2%2Ftags&post=11803"}],"curies":[{"name":"wp","href":"https:\/\/api.w.org\/{rel}","templated":true}]}}