{"id":117983,"date":"2021-08-11T10:14:01","date_gmt":"2021-08-11T13:14:01","guid":{"rendered":"http:\/\/www.24baires.com\/?p=117983"},"modified":"2021-08-11T10:14:01","modified_gmt":"2021-08-11T13:14:01","slug":"kicillof-convoco-a-los-docentes-a-paritaria-salarial","status":"publish","type":"post","link":"https:\/\/www.24baires.com\/?p=117983","title":{"rendered":"Kicillof convoc\u00f3 a los docentes a paritaria salarial"},"content":{"rendered":"<p><img data-recalc-dims=\"1\" loading=\"lazy\" decoding=\"async\" src=\"https:\/\/i0.wp.com\/www.24baires.com\/wp-content\/uploads\/2021\/08\/kicillof-docentes.jpg?resize=560%2C313\" alt=\"\" width=\"560\" height=\"313\" class=\"aligncenter size-full wp-image-117984\" srcset=\"https:\/\/i0.wp.com\/www.24baires.com\/wp-content\/uploads\/2021\/08\/kicillof-docentes.jpg?w=560&amp;ssl=1 560w, https:\/\/i0.wp.com\/www.24baires.com\/wp-content\/uploads\/2021\/08\/kicillof-docentes.jpg?resize=300%2C168&amp;ssl=1 300w\" sizes=\"auto, (max-width: 560px) 100vw, 560px\" \/>A tono con la reapertura de la discusi\u00f3n a nivel nacional, el gobernador bonaerense busca avanzar con un nuevo acuerdo para que los trabajadores no pierdan frente ala inflaci\u00f3n<br \/>\n<!--more--><\/p>\n<p>Este viernes a partir de las 10:30 de la ma\u00f1ana se volver\u00e1n a reunir representantes de los gremios docentes con sus pares del gobierno de la provincia de Buenos Aires para adelantar la revisi\u00f3n salarial que estaba prevista para el mes de septiembre.<\/p>\n<p>Seg\u00fan las estimaciones, el nuevo acuerdo deber\u00eda rondar los 45 puntos de recomposici\u00f3n del salario docente para superar el \u00edndice de inflaci\u00f3n del 2021, aunque no se descarta que desde el Frente de Unidad Docente Bonaerense exijan una recomposici\u00f3n mayor.<\/p>\n<p>A nivel nacional ya comenz\u00f3 la revisi\u00f3n del acuerdo y en el gobienro conf\u00edan en alcanzar r\u00e1pidamente un acuerdo con una correcci\u00f3n que lleve al aumento por encima del 45% y garantice que los salarios no pierdan contra la inflaci\u00f3n, que es el principal objetivo que traz\u00f3 el presidente Alberto Fern\u00e1ndez.<\/p>\n","protected":false},"excerpt":{"rendered":"<p>A tono con la reapertura de la discusi\u00f3n a nivel nacional, el gobernador bonaerense busca avanzar con un nuevo acuerdo para que los trabajadores no pierdan frente ala inflaci\u00f3n<\/p>\n","protected":false},"author":8,"featured_media":0,"comment_status":"open","ping_status":"open","sticky":false,"template":"","format":"standard","meta":{"_jetpack_newsletter_access":"","_jetpack_dont_email_post_to_subs":false,"_jetpack_newsletter_tier_id":0,"_jetpack_memberships_contains_paywalled_content":false,"_jetpack_memberships_contains_paid_content":false,"footnotes":""},"categories":[40],"tags":[],"class_list":["post-117983","post","type-post","status-publish","format-standard","hentry","category-provincia"],"jetpack_shortlink":"https:\/\/wp.me\/p2JWE0-uGX","jetpack-related-posts":[{"id":107005,"url":"https:\/\/www.24baires.com\/?p=107005","url_meta":{"origin":117983,"position":0},"title":"El Gobierno y los docentes se re\u00fanen en la segunda paritaria del a\u00f1o","author":"GB","date":"27\/02\/2019","format":false,"excerpt":"Desde el mediod\u00eda en el Ministerio de Econom\u00eda las partes se ver\u00e1n las caras en busca de llegar a un acuerdo que permita que el ciclo lectivo comience normalmente la semana pr\u00f3xima. El gobierno bonaerense convoc\u00f3 a la segunda reuni\u00f3n paritaria docente 2019 para este mi\u00e9rcoles desde las 12 en\u2026","rel":"","context":"En \u00abProvincia\u00bb","block_context":{"text":"Provincia","link":"https:\/\/www.24baires.com\/?cat=40"},"img":{"alt_text":"","src":"https:\/\/i0.wp.com\/www.24baires.com\/wp-content\/uploads\/2018\/02\/docentes.jpg?resize=350%2C200","width":350,"height":200,"srcset":"https:\/\/i0.wp.com\/www.24baires.com\/wp-content\/uploads\/2018\/02\/docentes.jpg?resize=350%2C200 1x, https:\/\/i0.wp.com\/www.24baires.com\/wp-content\/uploads\/2018\/02\/docentes.jpg?resize=525%2C300 1.5x"},"classes":[]},{"id":84934,"url":"https:\/\/www.24baires.com\/?p=84934","url_meta":{"origin":117983,"position":1},"title":"Docentes bonaerenses anticipan un retorno a clases \u00abconflictivo\u00bb","author":"GB","date":"13\/07\/2016","format":false,"excerpt":"Los gremios docentes exigen una recomposici\u00f3n salarial ante la desbandada de la inflaci\u00f3n y desde el gobierno provincial hoy le contestaron: \"No hay m\u00e1s plata\". Los maestros ponen en duda el reinicio de las clases luego del receso invernal que comenzar\u00e1 la pr\u00f3xima semana. El Frente Gremial Docente Bonaerense (FGDB)\u2026","rel":"","context":"En \u00abProvincia\u00bb","block_context":{"text":"Provincia","link":"https:\/\/www.24baires.com\/?cat=40"},"img":{"alt_text":"paritaria docentes","src":"https:\/\/i0.wp.com\/www.24baires.com\/wp-content\/uploads\/2015\/12\/paritaria-docentes.jpg?resize=350%2C200","width":350,"height":200,"srcset":"https:\/\/i0.wp.com\/www.24baires.com\/wp-content\/uploads\/2015\/12\/paritaria-docentes.jpg?resize=350%2C200 1x, https:\/\/i0.wp.com\/www.24baires.com\/wp-content\/uploads\/2015\/12\/paritaria-docentes.jpg?resize=525%2C300 1.5x"},"classes":[]},{"id":107015,"url":"https:\/\/www.24baires.com\/?p=107015","url_meta":{"origin":117983,"position":2},"title":"Docentes rechazaron la nueva propuesta salarial de Vidal","author":"AF","date":"27\/02\/2019","format":false,"excerpt":"El gobierno de Mar\u00eda Eugenia Vidal propuso una recomposici\u00f3n salarial que empate la inflaci\u00f3n m\u00e1s un 5% a cobrar en enero de 2020. Nada ofreci\u00f3 sin embargo como recomposici\u00f3n por los casi 16 puntos de poder adquisitivo perdidos el a\u00f1o pasado. El Gobierno bonaerense ofreci\u00f3 este mi\u00e9rcoles a los sindicatos\u2026","rel":"","context":"En \u00abSociedad\u00bb","block_context":{"text":"Sociedad","link":"https:\/\/www.24baires.com\/?cat=1"},"img":{"alt_text":"","src":"https:\/\/i0.wp.com\/www.24baires.com\/wp-content\/uploads\/2018\/10\/baradel.jpg?resize=350%2C200","width":350,"height":200,"srcset":"https:\/\/i0.wp.com\/www.24baires.com\/wp-content\/uploads\/2018\/10\/baradel.jpg?resize=350%2C200 1x, https:\/\/i0.wp.com\/www.24baires.com\/wp-content\/uploads\/2018\/10\/baradel.jpg?resize=525%2C300 1.5x"},"classes":[]},{"id":56586,"url":"https:\/\/www.24baires.com\/?p=56586","url_meta":{"origin":117983,"position":3},"title":"Sin acuerdo entre docentes y Gobierno provincial","author":"Grupo Sierra","date":"04\/11\/2014","format":false,"excerpt":"Seg\u00fan informaron desde la FEB, \"no hubo avances concretos en cuanto al pedido de recomposici\u00f3n salarial para docentes\" y el jueves anunciar\u00e1n medidas de fuerza. El Frente Gremial Docente Bonaerense indic\u00f3 que \"siempre\" est\u00e1 \"dispuesto al di\u00e1logo y al debate\". Pero la presidente de la FEB, Mirta Petrocini, inform\u00f3 que\u2026","rel":"","context":"En \u00abProvincia\u00bb","block_context":{"text":"Provincia","link":"https:\/\/www.24baires.com\/?cat=40"},"img":{"alt_text":"feb","src":"https:\/\/i0.wp.com\/www.24baires.com\/wp-content\/uploads\/2013\/11\/feb.jpg?resize=350%2C200","width":350,"height":200,"srcset":"https:\/\/i0.wp.com\/www.24baires.com\/wp-content\/uploads\/2013\/11\/feb.jpg?resize=350%2C200 1x, https:\/\/i0.wp.com\/www.24baires.com\/wp-content\/uploads\/2013\/11\/feb.jpg?resize=525%2C300 1.5x"},"classes":[]},{"id":117833,"url":"https:\/\/www.24baires.com\/?p=117833","url_meta":{"origin":117983,"position":4},"title":"El Gobierno bonaerense y estatales vuelven a discutir aumentos salariales","author":"GB","date":"12\/07\/2021","format":false,"excerpt":"El Gobierno bonaerense recibir\u00e1 a representantes de los gremios de los distintos sectores estatales -docentes, profesionales de la salud, judiciales y trabajadores de la administraci\u00f3n p\u00fablica- para analizar posibles recomposiciones a los acuerdos salariales acordados en marzo. Por aquel entonces, se paut\u00f3 una suba en tres tramos de entre el\u2026","rel":"","context":"En \u00abLocales\u00bb","block_context":{"text":"Locales","link":"https:\/\/www.24baires.com\/?cat=38"},"img":{"alt_text":"","src":"https:\/\/i0.wp.com\/www.24baires.com\/wp-content\/uploads\/2016\/10\/gobernaci%C3%B3n.jpg?resize=350%2C200","width":350,"height":200,"srcset":"https:\/\/i0.wp.com\/www.24baires.com\/wp-content\/uploads\/2016\/10\/gobernaci%C3%B3n.jpg?resize=350%2C200 1x, https:\/\/i0.wp.com\/www.24baires.com\/wp-content\/uploads\/2016\/10\/gobernaci%C3%B3n.jpg?resize=525%2C300 1.5x"},"classes":[]},{"id":86153,"url":"https:\/\/www.24baires.com\/?p=86153","url_meta":{"origin":117983,"position":5},"title":"Sin clases en la provincia de Buenos Aires por paro docente","author":"GB","date":"11\/08\/2016","format":false,"excerpt":"As\u00ed se sumar\u00e1n a la medida de fuerza que tambi\u00e9n realizar\u00e1n estatales, m\u00e9dicos y empleados judiciales. El gobierno de Mar\u00eda Eugenia Vidal se niega a reabrir la discusi\u00f3n salarial tal como estaba estipulado en el acuerdo alcanzado en marzo en caso de una desbandada de la inflaci\u00f3n. Los maestros nucleados\u2026","rel":"","context":"En \u00abProvincia\u00bb","block_context":{"text":"Provincia","link":"https:\/\/www.24baires.com\/?cat=40"},"img":{"alt_text":"aulas vac\u00edas","src":"https:\/\/i0.wp.com\/www.24baires.com\/wp-content\/uploads\/2014\/03\/aulas-vac%C3%ADas.jpg?resize=350%2C200","width":350,"height":200},"classes":[]}],"jetpack_sharing_enabled":true,"jetpack_likes_enabled":true,"jetpack_featured_media_url":"","_links":{"self":[{"href":"https:\/\/www.24baires.com\/index.php?rest_route=\/wp\/v2\/posts\/117983","targetHints":{"allow":["GET"]}}],"collection":[{"href":"https:\/\/www.24baires.com\/index.php?rest_route=\/wp\/v2\/posts"}],"about":[{"href":"https:\/\/www.24baires.com\/index.php?rest_route=\/wp\/v2\/types\/post"}],"author":[{"embeddable":true,"href":"https:\/\/www.24baires.com\/index.php?rest_route=\/wp\/v2\/users\/8"}],"replies":[{"embeddable":true,"href":"https:\/\/www.24baires.com\/index.php?rest_route=%2Fwp%2Fv2%2Fcomments&post=117983"}],"version-history":[{"count":1,"href":"https:\/\/www.24baires.com\/index.php?rest_route=\/wp\/v2\/posts\/117983\/revisions"}],"predecessor-version":[{"id":117985,"href":"https:\/\/www.24baires.com\/index.php?rest_route=\/wp\/v2\/posts\/117983\/revisions\/117985"}],"wp:attachment":[{"href":"https:\/\/www.24baires.com\/index.php?rest_route=%2Fwp%2Fv2%2Fmedia&parent=117983"}],"wp:term":[{"taxonomy":"category","embeddable":true,"href":"https:\/\/www.24baires.com\/index.php?rest_route=%2Fwp%2Fv2%2Fcategories&post=117983"},{"taxonomy":"post_tag","embeddable":true,"href":"https:\/\/www.24baires.com\/index.php?rest_route=%2Fwp%2Fv2%2Ftags&post=117983"}],"curies":[{"name":"wp","href":"https:\/\/api.w.org\/{rel}","templated":true}]}}