{"id":117841,"date":"2021-07-12T17:51:21","date_gmt":"2021-07-12T20:51:21","guid":{"rendered":"http:\/\/www.24baires.com\/?p=117841"},"modified":"2021-07-12T17:51:21","modified_gmt":"2021-07-12T20:51:21","slug":"la-justicia-ordeno-a-provincia-vacunar-a-privados-de-la-libertad","status":"publish","type":"post","link":"https:\/\/www.24baires.com\/?p=117841","title":{"rendered":"La justicia orden\u00f3 a Provincia vacunar a privados de la libertad"},"content":{"rendered":"<p><img data-recalc-dims=\"1\" loading=\"lazy\" decoding=\"async\" src=\"https:\/\/i0.wp.com\/www.24baires.com\/wp-content\/uploads\/2021\/06\/vacuna-cansino.jpg?resize=540%2C405\" alt=\"\" width=\"540\" height=\"405\" class=\"aligncenter size-full wp-image-117738\" srcset=\"https:\/\/i0.wp.com\/www.24baires.com\/wp-content\/uploads\/2021\/06\/vacuna-cansino.jpg?w=540&amp;ssl=1 540w, https:\/\/i0.wp.com\/www.24baires.com\/wp-content\/uploads\/2021\/06\/vacuna-cansino.jpg?resize=300%2C225&amp;ssl=1 300w\" sizes=\"auto, (max-width: 540px) 100vw, 540px\" \/>La medida cautelar fue presentada por Adolfo P\u00e9rez Esquivel y Roberto Cipriano Garc\u00eda, presidente y secretario de la Comisi\u00f3n Provincial por la Memoria (CPM).<!--more--><\/p>\n<p>La\u00a0justicia\u00a0en lo Contencioso Administrativo de La Plata orden\u00f3 al gobierno provincial que presente un plan de vacunaci\u00f3n contra el coronavirus para las personas privadas de\u00a0libertad\u00a0alojadas en las c\u00e1rceles de la provincia\u00a0bajo los mismos par\u00e1metros del\u00a0programa\u00a0que se aplica a la poblaci\u00f3n en general.<br \/>\nLa decisi\u00f3n la adopt\u00f3 la c\u00e1mara con el voto de los jueces Claudia Milanta y Gustavo Spacarotel,\u00a0quienes revocaron la decisi\u00f3n de primera instancia para hacer lugar a una medida cautelar presentada por Adolfo P\u00e9rez Esquivel y Roberto Cipriano Garc\u00eda, presidente y secretario de la Comisi\u00f3n Provincial por la Memoria (CPM).<br \/>\nEn el amparo, hab\u00edan solicitado que el Ejecutivo provincial disponga la vacunaci\u00f3n de todas las personas privadas de su libertad en igualdad de condiciones que el resto de la poblaci\u00f3n.<br \/>\nEl Juzgado de Garant\u00edas 3 de La Plata hab\u00eda rechazado la cautelar por considerar que no se hab\u00edan demostrado casos puntuales en que una persona privada de su libertad se hubiera inscripto en la aplicaci\u00f3n \u00abVacunate PBA\u00bb y no hubiera obtenido su vacunaci\u00f3n.<br \/>\nSin embargo, para los camaristas, \u00ablas personas que se encuentran privadas de su libertad pueden tener mayores obst\u00e1culos al momento de acceder al programa de vacunaci\u00f3n provincial que aquellas personas que no se hallan en tal situaci\u00f3n\u00bb.<br \/>\nDe esta forma,\u00a0la C\u00e1mara Contencioso Administrativo orden\u00f3 al Poder Ejecutivo provincial a que en el plazo de cinco d\u00edas presente un plan programado de acceso a la vacuna contra el Covid-19 a las personas privadas de su libertad\u00a0que formen parte de los grupos de riesgo frente a dicha enfermedad, en compatibilidad con la evoluci\u00f3n en la inoculaci\u00f3n en el que se encuentra el programa provincial\u00a0\u00abBuenos Aires Vacunate\u00bb.<\/p>\n","protected":false},"excerpt":{"rendered":"<p>La medida cautelar fue presentada por Adolfo P\u00e9rez Esquivel y Roberto Cipriano Garc\u00eda, presidente y secretario de la Comisi\u00f3n Provincial por la Memoria (CPM).<\/p>\n","protected":false},"author":4,"featured_media":0,"comment_status":"open","ping_status":"open","sticky":false,"template":"","format":"standard","meta":{"_jetpack_newsletter_access":"","_jetpack_dont_email_post_to_subs":false,"_jetpack_newsletter_tier_id":0,"_jetpack_memberships_contains_paywalled_content":false,"_jetpack_memberships_contains_paid_content":false,"footnotes":""},"categories":[40],"tags":[],"class_list":["post-117841","post","type-post","status-publish","format-standard","hentry","category-provincia"],"jetpack_shortlink":"https:\/\/wp.me\/p2JWE0-uEF","jetpack-related-posts":[{"id":35931,"url":"https:\/\/www.24baires.com\/?p=35931","url_meta":{"origin":117841,"position":0},"title":"La Comisi\u00f3n Provincial por la Memoria presentar\u00e1 su informe anual","author":"AF","date":"29\/11\/2013","format":false,"excerpt":"En el Colegio de Abogados de La Plata, desde las 16, se llevar\u00e1 a cabo el acto que contemplar\u00e1 los resultados del monitoreo de c\u00e1rceles, comisar\u00edas, institutos y otros lugares de encierro. De la jornada participar\u00e1 Adolfo P\u00e9rez Esquivel, Hugo Ca\u00f1on, Roberto Cipriano Garc\u00eda, Rodrigo Pomares, Alicia Romero, Alejandro Slokar\u2026","rel":"","context":"En \u00abSociedad\u00bb","block_context":{"text":"Sociedad","link":"https:\/\/www.24baires.com\/?cat=1"},"img":{"alt_text":"cpm","src":"https:\/\/i0.wp.com\/www.24baires.com\/wp-content\/uploads\/2013\/11\/cpm.jpg?resize=350%2C200","width":350,"height":200,"srcset":"https:\/\/i0.wp.com\/www.24baires.com\/wp-content\/uploads\/2013\/11\/cpm.jpg?resize=350%2C200 1x, https:\/\/i0.wp.com\/www.24baires.com\/wp-content\/uploads\/2013\/11\/cpm.jpg?resize=525%2C300 1.5x"},"classes":[]},{"id":88024,"url":"https:\/\/www.24baires.com\/?p=88024","url_meta":{"origin":117841,"position":1},"title":"La CPM denuncia 60% de sobrepoblaci\u00f3n carcelaria","author":"AF","date":"27\/09\/2016","format":false,"excerpt":"La Comisi\u00f3n Provincial por la Memoria (CPM) presentar\u00e1 este martes su informe anual sobre la situaci\u00f3n de las c\u00e1rceles en el Servicio Penitenciario Bonaerense (SPB), en el que denunciar\u00e1 una sobrepoblaci\u00f3n del 60 por ciento y la ocurrencia de 145 muertes durante el \u00faltimo a\u00f1o de la gobernaci\u00f3n de Daniel\u2026","rel":"","context":"En \u00abSociedad\u00bb","block_context":{"text":"Sociedad","link":"https:\/\/www.24baires.com\/?cat=1"},"img":{"alt_text":"c\u00e1rcel","src":"https:\/\/i0.wp.com\/www.24baires.com\/wp-content\/uploads\/2014\/03\/c%C3%A1rcel.jpg?resize=350%2C200","width":350,"height":200,"srcset":"https:\/\/i0.wp.com\/www.24baires.com\/wp-content\/uploads\/2014\/03\/c%C3%A1rcel.jpg?resize=350%2C200 1x, https:\/\/i0.wp.com\/www.24baires.com\/wp-content\/uploads\/2014\/03\/c%C3%A1rcel.jpg?resize=525%2C300 1.5x"},"classes":[]},{"id":85105,"url":"https:\/\/www.24baires.com\/?p=85105","url_meta":{"origin":117841,"position":2},"title":"La CPM denuncia falta de acceso a la salud en c\u00e1rceles provinciales","author":"AF","date":"18\/07\/2016","format":false,"excerpt":"La Comisi\u00f3n Provincial por la Memoria (CPM) denunci\u00f3 falta de acceso a la salud de los presos bonaerenses por lo que reclam\u00f3 que el Ministerio de Salud asuma la responsabilidad de garantizar ese derecho. Seg\u00fan inform\u00f3 el organismo, luego de inspeccionar en el \u00faltimo mes varios lugares de encierro constat\u00f3\u2026","rel":"","context":"En \u00abProvincia\u00bb","block_context":{"text":"Provincia","link":"https:\/\/www.24baires.com\/?cat=40"},"img":{"alt_text":"cpm","src":"https:\/\/i0.wp.com\/www.24baires.com\/wp-content\/uploads\/2013\/11\/cpm.jpg?resize=350%2C200","width":350,"height":200,"srcset":"https:\/\/i0.wp.com\/www.24baires.com\/wp-content\/uploads\/2013\/11\/cpm.jpg?resize=350%2C200 1x, https:\/\/i0.wp.com\/www.24baires.com\/wp-content\/uploads\/2013\/11\/cpm.jpg?resize=525%2C300 1.5x"},"classes":[]},{"id":6626,"url":"https:\/\/www.24baires.com\/?p=6626","url_meta":{"origin":117841,"position":3},"title":"Para la CPM, el proyecto de excarcelaciones es \u00abinconstitucional\u00bb","author":"AF","date":"24\/11\/2012","format":false,"excerpt":"\"Nada tiene que ver con la constituci\u00f3n vigente\", dijo el director del Comit\u00e9 contra la Tortura de la Comisi\u00f3n Provincial por la Memoria (CPM), Roberto Cipriano Garc\u00eda, respecto del proyecto aprobado en Diputados. \"Nosotros hemos salido a criticarla muy fuertemente incluso hicimos una presentaci\u00f3n a todos los legisladores, tanto diputados\u2026","rel":"","context":"En \u00abPol\u00edtica\u00bb","block_context":{"text":"Pol\u00edtica","link":"https:\/\/www.24baires.com\/?cat=51"},"img":{"alt_text":"","src":"","width":0,"height":0},"classes":[]},{"id":112998,"url":"https:\/\/www.24baires.com\/?p=112998","url_meta":{"origin":117841,"position":4},"title":"Comisi\u00f3n Provincial por la Memoria, nombrada como mecanismo de prevenci\u00f3n contra la tortura","author":"GB","date":"14\/11\/2019","format":false,"excerpt":"El Consejo Federal de Prevenci\u00f3n de la Tortura destac\u00f3 a la Comisi\u00f3n Provincial por la Memoria (CPM) por el trabajo sostenido que realiza en el control y monitoreo de lugares de encierro y pol\u00edticas de seguridad. El organismo lucha contra la tortura en las c\u00e1rceles denunciando las graves violaciones de\u2026","rel":"","context":"En \u00abProvincia\u00bb","block_context":{"text":"Provincia","link":"https:\/\/www.24baires.com\/?cat=40"},"img":{"alt_text":"","src":"https:\/\/i0.wp.com\/www.24baires.com\/wp-content\/uploads\/2019\/11\/comision-provincial-por-la-tortura.png?resize=350%2C200","width":350,"height":200},"classes":[]},{"id":90807,"url":"https:\/\/www.24baires.com\/?p=90807","url_meta":{"origin":117841,"position":5},"title":"P\u00e9rez Esquivel le pidi\u00f3 a Macri por la libertad de Milagro Sala","author":"GB","date":"15\/12\/2016","format":false,"excerpt":"El titular de la Comisi\u00f3n Provincial por la Memoria le envi\u00f3 una carta al Presidente para reclamarle que cumpla los pactos internacionales y las leyes nacionales \"vulneradas por el gobierno juje\u00f1o\". El titular de la Comisi\u00f3n Provincial por la Memoria (CPM), Adolfo P\u00e9rez Esquivel, pidi\u00f3 a trav\u00e9s de una carta\u2026","rel":"","context":"En \u00abSociedad\u00bb","block_context":{"text":"Sociedad","link":"https:\/\/www.24baires.com\/?cat=1"},"img":{"alt_text":"","src":"https:\/\/i0.wp.com\/www.24baires.com\/wp-content\/uploads\/2016\/06\/milagro-sala.jpg?resize=350%2C200","width":350,"height":200,"srcset":"https:\/\/i0.wp.com\/www.24baires.com\/wp-content\/uploads\/2016\/06\/milagro-sala.jpg?resize=350%2C200 1x, https:\/\/i0.wp.com\/www.24baires.com\/wp-content\/uploads\/2016\/06\/milagro-sala.jpg?resize=525%2C300 1.5x"},"classes":[]}],"jetpack_sharing_enabled":true,"jetpack_likes_enabled":true,"jetpack_featured_media_url":"","_links":{"self":[{"href":"https:\/\/www.24baires.com\/index.php?rest_route=\/wp\/v2\/posts\/117841","targetHints":{"allow":["GET"]}}],"collection":[{"href":"https:\/\/www.24baires.com\/index.php?rest_route=\/wp\/v2\/posts"}],"about":[{"href":"https:\/\/www.24baires.com\/index.php?rest_route=\/wp\/v2\/types\/post"}],"author":[{"embeddable":true,"href":"https:\/\/www.24baires.com\/index.php?rest_route=\/wp\/v2\/users\/4"}],"replies":[{"embeddable":true,"href":"https:\/\/www.24baires.com\/index.php?rest_route=%2Fwp%2Fv2%2Fcomments&post=117841"}],"version-history":[{"count":1,"href":"https:\/\/www.24baires.com\/index.php?rest_route=\/wp\/v2\/posts\/117841\/revisions"}],"predecessor-version":[{"id":117842,"href":"https:\/\/www.24baires.com\/index.php?rest_route=\/wp\/v2\/posts\/117841\/revisions\/117842"}],"wp:attachment":[{"href":"https:\/\/www.24baires.com\/index.php?rest_route=%2Fwp%2Fv2%2Fmedia&parent=117841"}],"wp:term":[{"taxonomy":"category","embeddable":true,"href":"https:\/\/www.24baires.com\/index.php?rest_route=%2Fwp%2Fv2%2Fcategories&post=117841"},{"taxonomy":"post_tag","embeddable":true,"href":"https:\/\/www.24baires.com\/index.php?rest_route=%2Fwp%2Fv2%2Ftags&post=117841"}],"curies":[{"name":"wp","href":"https:\/\/api.w.org\/{rel}","templated":true}]}}