{"id":117819,"date":"2021-07-07T09:31:07","date_gmt":"2021-07-07T12:31:07","guid":{"rendered":"http:\/\/www.24baires.com\/?p=117819"},"modified":"2021-07-07T09:31:07","modified_gmt":"2021-07-07T12:31:07","slug":"se-renueva-el-programa-precios-cuidados","status":"publish","type":"post","link":"https:\/\/www.24baires.com\/?p=117819","title":{"rendered":"Se renueva el programa Precios Cuidados"},"content":{"rendered":"<p><img data-recalc-dims=\"1\" loading=\"lazy\" decoding=\"async\" src=\"https:\/\/i0.wp.com\/www.24baires.com\/wp-content\/uploads\/2020\/04\/supermercado.jpg?resize=560%2C373\" alt=\"\" width=\"560\" height=\"373\" class=\"aligncenter size-full wp-image-114714\" srcset=\"https:\/\/i0.wp.com\/www.24baires.com\/wp-content\/uploads\/2020\/04\/supermercado.jpg?w=560&amp;ssl=1 560w, https:\/\/i0.wp.com\/www.24baires.com\/wp-content\/uploads\/2020\/04\/supermercado.jpg?resize=300%2C200&amp;ssl=1 300w\" sizes=\"auto, (max-width: 560px) 100vw, 560px\" \/>Tendr\u00e1 actualizaciones en los precios de los productos de entre un 4 y un 8%, seg\u00fan datos extraoficiales.<!--more--><\/p>\n<p>Este mi\u00e9rcoles se renueva el programa Precios Cuidados, con actualizaciones en los precios de los productos incluidos que ser\u00e1n del orden de un d\u00edgito y se mantendr\u00e1n por un per\u00edodo de tres meses, dijeron este martes fuentes oficiales.<\/p>\n<p>Los datos finales en torno al porcentaje en que se podr\u00e1n ajustar los precios de los productos que conforman el programa ser\u00e1n informados este mi\u00e9rcoles por la Secretar\u00eda de Comercio Interior, aunque seg\u00fan datos extraoficiales ir\u00edan dentro de un rango de entre 4 % y 8 %.<\/p>\n<p>Precios Cuidados representa un acuerdo voluntario entre el Estado, las cadenas de supermercados y las empresas proveedoras de alimentos, bebidas, higiene personal, perfumer\u00eda y limpieza.<\/p>\n<p>El programa lleg\u00f3 a contener 670 productos de referencia durante abril, en tanto en mayo el Gobierno acord\u00f3 con asociaciones empresarias de la industria l\u00e1ctea la ampliaci\u00f3n de los vol\u00famenes de producci\u00f3n y abastecimiento en el mercado interno, y se sumaron 32 nuevos productos l\u00e1cteos.<\/p>\n<p>Por otra parte, en junio, la Secretar\u00eda de Comercio concluy\u00f3 el programa Precios M\u00e1ximos que se hab\u00eda iniciado en el comienzo de la pandemia de coronavirus y se lanz\u00f3 la canasta S\u00faper Cerca, con 70 productos de primera necesidad a precios accesibles en los comercios de proximidad.<\/p>\n<p>La iniciativa ya est\u00e1 presente en 54 cadenas de supermercados, que cuentan con un total de 2.800 bocas de expendio de todo el pa\u00eds.<\/p>\n","protected":false},"excerpt":{"rendered":"<p>Tendr\u00e1 actualizaciones en los precios de los productos de entre un 4 y un 8%, seg\u00fan datos extraoficiales.<\/p>\n","protected":false},"author":8,"featured_media":0,"comment_status":"open","ping_status":"open","sticky":false,"template":"","format":"standard","meta":{"_jetpack_newsletter_access":"","_jetpack_dont_email_post_to_subs":false,"_jetpack_newsletter_tier_id":0,"_jetpack_memberships_contains_paywalled_content":false,"_jetpack_memberships_contains_paid_content":false,"footnotes":""},"categories":[45],"tags":[],"class_list":["post-117819","post","type-post","status-publish","format-standard","hentry","category-economia"],"jetpack_featured_media_url":"","jetpack_shortlink":"https:\/\/wp.me\/p2JWE0-uEj","jetpack-related-posts":[{"id":118426,"url":"https:\/\/www.24baires.com\/?p=118426","url_meta":{"origin":117819,"position":0},"title":"Vuelve Precios Cuidados","author":"GB","date":"07\/01\/2022","format":false,"excerpt":"Este viernes termina el congelamiento de precios y el Gobierno negocia con 100 empresas el relanzamiento del programa Precios Cuidados. El congelamiento de precios de consumo masivo termina este viernes, por lo que el Gobierno continuar\u00e1 con pol\u00edticas de regulaci\u00f3n, en l\u00ednea con el acuerdo de precios y salarios que\u2026","rel":"","context":"En \u00abEconom\u00eda\u00bb","block_context":{"text":"Econom\u00eda","link":"https:\/\/www.24baires.com\/?cat=45"},"img":{"alt_text":"","src":"https:\/\/i0.wp.com\/www.24baires.com\/wp-content\/uploads\/2018\/09\/precios-cuidados.jpg?resize=350%2C200","width":350,"height":200,"srcset":"https:\/\/i0.wp.com\/www.24baires.com\/wp-content\/uploads\/2018\/09\/precios-cuidados.jpg?resize=350%2C200 1x, https:\/\/i0.wp.com\/www.24baires.com\/wp-content\/uploads\/2018\/09\/precios-cuidados.jpg?resize=525%2C300 1.5x"},"classes":[]},{"id":115632,"url":"https:\/\/www.24baires.com\/?p=115632","url_meta":{"origin":117819,"position":1},"title":"El Gobierno actualiz\u00f3 Precios M\u00e1ximos y Cuidados con aumentos de hasta 5%","author":"GB","date":"15\/07\/2020","format":false,"excerpt":"La medida se implementa a trav\u00e9s de la Secretar\u00eda de Comercio Interior que conduce Paula Espa\u00f1ol. El Gobierno nacional habilit\u00f3 la actualizaci\u00f3n de precios para los productos incluidos tanto en los programas Precios M\u00e1ximos y Cuidados. De esta manera, autoriz\u00f3 aumentos de hasta 5% promedio ante el incremento de costos\u2026","rel":"","context":"En \u00abEconom\u00eda\u00bb","block_context":{"text":"Econom\u00eda","link":"https:\/\/www.24baires.com\/?cat=45"},"img":{"alt_text":"","src":"https:\/\/i0.wp.com\/www.24baires.com\/wp-content\/uploads\/2018\/08\/supermercado.jpg?resize=350%2C200","width":350,"height":200,"srcset":"https:\/\/i0.wp.com\/www.24baires.com\/wp-content\/uploads\/2018\/08\/supermercado.jpg?resize=350%2C200 1x, https:\/\/i0.wp.com\/www.24baires.com\/wp-content\/uploads\/2018\/08\/supermercado.jpg?resize=525%2C300 1.5x"},"classes":[]},{"id":58408,"url":"https:\/\/www.24baires.com\/?p=58408","url_meta":{"origin":117819,"position":2},"title":"Precios Cuidados: 8 de cada 10 consumidores buscan los productos inclu\u00eddos","author":"AF","date":"10\/12\/2014","format":false,"excerpt":"Ocho de cada diez argentinos responsables de las compras de su hogar eligen productos del programa Precios Cuidados, concluy\u00f3 una encuesta realizada por la consultora Ipsos - Mora y Araujo, que tambi\u00e9n se\u00f1al\u00f3 que la mayor\u00eda reemplaz\u00f3 la marca que llevaba por alguna opci\u00f3n incluida en el plan lanzado por\u2026","rel":"","context":"En \u00abEconom\u00eda\u00bb","block_context":{"text":"Econom\u00eda","link":"https:\/\/www.24baires.com\/?cat=45"},"img":{"alt_text":"supermercado2","src":"https:\/\/i0.wp.com\/www.24baires.com\/wp-content\/uploads\/2013\/03\/supermercado2.jpg?resize=350%2C200","width":350,"height":200,"srcset":"https:\/\/i0.wp.com\/www.24baires.com\/wp-content\/uploads\/2013\/03\/supermercado2.jpg?resize=350%2C200 1x, https:\/\/i0.wp.com\/www.24baires.com\/wp-content\/uploads\/2013\/03\/supermercado2.jpg?resize=525%2C300 1.5x"},"classes":[]},{"id":113769,"url":"https:\/\/www.24baires.com\/?p=113769","url_meta":{"origin":117819,"position":3},"title":"El Gobierno se re\u00fane con supermercadistas chinos para armar otra canasta de Precios Cuidados","author":"AF","date":"12\/01\/2020","format":false,"excerpt":"El objetivo es ofrecer productos de presencia regional y se lo lanzar\u00eda en las pr\u00f3ximas semanas. Tambi\u00e9n participar\u00e1n almacenes y mayoristas. Los equipos t\u00e9cnicos de la Secretar\u00eda de Comercio Interior, encabezada por Paula Espa\u00f1ol, se reunir\u00e1n este lunes con referentes de supermercados chinos, almacenes, autoservicios y proveedores mayoristas, cuando buscar\u00e1n\u2026","rel":"","context":"En \u00abSociedad\u00bb","block_context":{"text":"Sociedad","link":"https:\/\/www.24baires.com\/?cat=1"},"img":{"alt_text":"","src":"https:\/\/i0.wp.com\/www.24baires.com\/wp-content\/uploads\/2019\/04\/precios-escenciales.jpg?resize=350%2C200","width":350,"height":200,"srcset":"https:\/\/i0.wp.com\/www.24baires.com\/wp-content\/uploads\/2019\/04\/precios-escenciales.jpg?resize=350%2C200 1x, https:\/\/i0.wp.com\/www.24baires.com\/wp-content\/uploads\/2019\/04\/precios-escenciales.jpg?resize=525%2C300 1.5x"},"classes":[]},{"id":57940,"url":"https:\/\/www.24baires.com\/?p=57940","url_meta":{"origin":117819,"position":4},"title":"Aseguran que Precios Cuidados representa hasta el 60% de las compras","author":"AF","date":"01\/12\/2014","format":false,"excerpt":"As\u00ed lo revelan estudios de las cadenas minoristas. El mayor nivel se da en los peque\u00f1os supermercados. La demanda global promedio de los 383 productos de Precios Cuidados se increment\u00f3 en un 800%, con picos del 1000% en aceite, yerba, az\u00facar, leche y harina. El Programa seguir\u00e1 en 2015. El\u2026","rel":"","context":"En \u00abEconom\u00eda\u00bb","block_context":{"text":"Econom\u00eda","link":"https:\/\/www.24baires.com\/?cat=45"},"img":{"alt_text":"precios cuidados","src":"https:\/\/i0.wp.com\/www.24baires.com\/wp-content\/uploads\/2014\/02\/precios-cuidados1.jpg?resize=350%2C200","width":350,"height":200,"srcset":"https:\/\/i0.wp.com\/www.24baires.com\/wp-content\/uploads\/2014\/02\/precios-cuidados1.jpg?resize=350%2C200 1x, https:\/\/i0.wp.com\/www.24baires.com\/wp-content\/uploads\/2014\/02\/precios-cuidados1.jpg?resize=525%2C300 1.5x"},"classes":[]},{"id":59917,"url":"https:\/\/www.24baires.com\/?p=59917","url_meta":{"origin":117819,"position":5},"title":"Este lunes arranca la quinta etapa del Programa Precios Cuidados","author":"Grupo Sierra","date":"11\/01\/2015","format":false,"excerpt":"El lanzamiento del programa ser\u00e1 este lunes, y contar\u00e1 con la incorporaci\u00f3n de entre 20 y 30 productos nuevos, una actualizaci\u00f3n de precios cercana al 5 por ciento promedio y la suma de nuevos almacenes adheridos a la Red Comprar. La nueva etapa del plan, que se lanz\u00f3 hace un\u2026","rel":"","context":"En \u00abEconom\u00eda\u00bb","block_context":{"text":"Econom\u00eda","link":"https:\/\/www.24baires.com\/?cat=45"},"img":{"alt_text":"precios cuidados","src":"https:\/\/i0.wp.com\/www.24baires.com\/wp-content\/uploads\/2014\/02\/precios-cuidados1.jpg?resize=350%2C200","width":350,"height":200,"srcset":"https:\/\/i0.wp.com\/www.24baires.com\/wp-content\/uploads\/2014\/02\/precios-cuidados1.jpg?resize=350%2C200 1x, https:\/\/i0.wp.com\/www.24baires.com\/wp-content\/uploads\/2014\/02\/precios-cuidados1.jpg?resize=525%2C300 1.5x"},"classes":[]}],"jetpack_sharing_enabled":true,"jetpack_likes_enabled":true,"_links":{"self":[{"href":"https:\/\/www.24baires.com\/index.php?rest_route=\/wp\/v2\/posts\/117819","targetHints":{"allow":["GET"]}}],"collection":[{"href":"https:\/\/www.24baires.com\/index.php?rest_route=\/wp\/v2\/posts"}],"about":[{"href":"https:\/\/www.24baires.com\/index.php?rest_route=\/wp\/v2\/types\/post"}],"author":[{"embeddable":true,"href":"https:\/\/www.24baires.com\/index.php?rest_route=\/wp\/v2\/users\/8"}],"replies":[{"embeddable":true,"href":"https:\/\/www.24baires.com\/index.php?rest_route=%2Fwp%2Fv2%2Fcomments&post=117819"}],"version-history":[{"count":1,"href":"https:\/\/www.24baires.com\/index.php?rest_route=\/wp\/v2\/posts\/117819\/revisions"}],"predecessor-version":[{"id":117820,"href":"https:\/\/www.24baires.com\/index.php?rest_route=\/wp\/v2\/posts\/117819\/revisions\/117820"}],"wp:attachment":[{"href":"https:\/\/www.24baires.com\/index.php?rest_route=%2Fwp%2Fv2%2Fmedia&parent=117819"}],"wp:term":[{"taxonomy":"category","embeddable":true,"href":"https:\/\/www.24baires.com\/index.php?rest_route=%2Fwp%2Fv2%2Fcategories&post=117819"},{"taxonomy":"post_tag","embeddable":true,"href":"https:\/\/www.24baires.com\/index.php?rest_route=%2Fwp%2Fv2%2Ftags&post=117819"}],"curies":[{"name":"wp","href":"https:\/\/api.w.org\/{rel}","templated":true}]}}