{"id":1178,"date":"2012-10-06T10:31:51","date_gmt":"2012-10-06T13:31:51","guid":{"rendered":"http:\/\/www.24baires.com\/?p=1178"},"modified":"2012-10-06T10:31:51","modified_gmt":"2012-10-06T13:31:51","slug":"la-toma-de-personal-es-un-capricho-del-intendente","status":"publish","type":"post","link":"https:\/\/www.24baires.com\/?p=1178","title":{"rendered":"\u00abLa toma de personal es un capricho del Intendente\u00bb"},"content":{"rendered":"<p><strong>PIG\u00dc\u00c9 &#8211;<\/strong>\u00a0N\u00e9stor Batista, secretario del Sindicato de Trabajadores Municipales, dijo que la toma de personal por parte del intendente Hugo Corvatta, \u00abes un capricho\u00bb ya que los nuevos ingresos \u00abno fueron evaluados por la Comisi\u00f3n de ascensos, promoci\u00f3n e ingresos\u00bb.<!--more--> Debido a tal situaci\u00f3n y a otros reclamos, los trabajadores municipales se encuentran desde las 6 \u00a0del jueves en asamblea permanente.<br \/>\n\u00abVamos a reunirnos con las fuerzas vivas de la comunidad (partidos pol\u00edticos, sociedades rurales, comisiones de fomento, etc) para ponerlos al tanto de la situaci\u00f3n\u00bb, explic\u00f3 Batista a LU34 \u00abRadio Pig\u00fc\u00e9\u00bb, y agreg\u00f3 que van a solicitar que se desafecte al personal que se tom\u00f3 en estas condiciones, recordando que el jefe comunal, tras el \u00faltimo conflicto, se hab\u00eda comprometido a que los ingresos sean evaluados por la comisi\u00f3n de ascensos promoci\u00f3n e ingresos, con su firma en un acta rubricada en el Ministerio de Trabajo.<\/p>\n","protected":false},"excerpt":{"rendered":"<p>PIG\u00dc\u00c9 &#8211;\u00a0N\u00e9stor Batista, secretario del Sindicato de Trabajadores Municipales, dijo que la toma de personal por parte del intendente Hugo Corvatta, \u00abes un capricho\u00bb ya que los nuevos ingresos \u00abno fueron evaluados por la Comisi\u00f3n de ascensos, promoci\u00f3n e ingresos\u00bb.<\/p>\n","protected":false},"author":4,"featured_media":0,"comment_status":"open","ping_status":"open","sticky":false,"template":"","format":"standard","meta":{"_jetpack_newsletter_access":"","_jetpack_dont_email_post_to_subs":false,"_jetpack_newsletter_tier_id":0,"_jetpack_memberships_contains_paywalled_content":false,"_jetpack_memberships_contains_paid_content":false,"footnotes":""},"categories":[51],"tags":[],"class_list":["post-1178","post","type-post","status-publish","format-standard","hentry","category-politica"],"jetpack_featured_media_url":"","jetpack_shortlink":"https:\/\/wp.me\/p2JWE0-j0","jetpack-related-posts":[{"id":28423,"url":"https:\/\/www.24baires.com\/?p=28423","url_meta":{"origin":1178,"position":0},"title":"Piden celeridad en la transformaci\u00f3n en autopista de la Ruta 33","author":"AF","date":"17\/07\/2013","format":false,"excerpt":"El intendente de Saavedra, Hugo Corvatta, le solicit\u00f3 al ministro de Planificaci\u00f3n Federal, Julio de Vido, que el proyecto de la autopista de la ruta nacional 33 entre Pig\u00fc\u00e9 y Bah\u00eda Blanca, culmine en la denominada Curva de Mosquera (unos 10 kil\u00f3metros antes de la ciudad cabecera), con el fin\u2026","rel":"","context":"En \u00abLocales\u00bb","block_context":{"text":"Locales","link":"https:\/\/www.24baires.com\/?cat=38"},"img":{"alt_text":"ruta 33","src":"https:\/\/i0.wp.com\/www.24baires.com\/wp-content\/uploads\/2013\/07\/ruta-33.jpg?resize=350%2C200","width":350,"height":200,"srcset":"https:\/\/i0.wp.com\/www.24baires.com\/wp-content\/uploads\/2013\/07\/ruta-33.jpg?resize=350%2C200 1x, https:\/\/i0.wp.com\/www.24baires.com\/wp-content\/uploads\/2013\/07\/ruta-33.jpg?resize=525%2C300 1.5x"},"classes":[]},{"id":47446,"url":"https:\/\/www.24baires.com\/?p=47446","url_meta":{"origin":1178,"position":1},"title":"\u00abHay muchos abortos en Pig\u00fc\u00e9, pero es un tema del que no queremos hablar\u00bb","author":"GB","date":"05\/06\/2014","format":false,"excerpt":"PIG\u00dc\u00c9-La contundente frase pertenece al cura p\u00e1rroco Hugo D\u00edaz S\u00fanico al hablar de la situaci\u00f3n social y econ\u00f3mica imperante en Pig\u00fc\u00e9. \u201cYo creo que el aborto no es un tema religioso. Es un tema humano y se trata de optar por la vida\" asever\u00f3 el sacerdote. Yo creo que un\u2026","rel":"","context":"En \u00abMunicipios\u00bb","block_context":{"text":"Municipios","link":"https:\/\/www.24baires.com\/?cat=44"},"img":{"alt_text":"parroco_pigue","src":"https:\/\/i0.wp.com\/www.24baires.com\/wp-content\/uploads\/2014\/06\/parroco_pigue.jpg?resize=350%2C200","width":350,"height":200,"srcset":"https:\/\/i0.wp.com\/www.24baires.com\/wp-content\/uploads\/2014\/06\/parroco_pigue.jpg?resize=350%2C200 1x, https:\/\/i0.wp.com\/www.24baires.com\/wp-content\/uploads\/2014\/06\/parroco_pigue.jpg?resize=525%2C300 1.5x"},"classes":[]},{"id":113014,"url":"https:\/\/www.24baires.com\/?p=113014","url_meta":{"origin":1178,"position":2},"title":"Mar del Plata: presentan una denuncia contra Arroyo por nombramientos irregulares","author":"AF","date":"15\/11\/2019","format":false,"excerpt":"A partir de expresiones de diversos espacios pol\u00edticos, el fiscal Pettigiani pidi\u00f3 que se investigue al intendente saliente, mientras que se espera que sea citado Montenegro, el electo. El fiscal general de la C\u00e1mara Federal de Mar del Plata, Juan Manuel Pettigiani, realiz\u00f3 de oficio una denuncia penal para que\u2026","rel":"","context":"En \u00abLocales\u00bb","block_context":{"text":"Locales","link":"https:\/\/www.24baires.com\/?cat=38"},"img":{"alt_text":"","src":"https:\/\/i0.wp.com\/www.24baires.com\/wp-content\/uploads\/2019\/07\/arroyo.jpg?resize=350%2C200","width":350,"height":200,"srcset":"https:\/\/i0.wp.com\/www.24baires.com\/wp-content\/uploads\/2019\/07\/arroyo.jpg?resize=350%2C200 1x, https:\/\/i0.wp.com\/www.24baires.com\/wp-content\/uploads\/2019\/07\/arroyo.jpg?resize=525%2C300 1.5x"},"classes":[]},{"id":105888,"url":"https:\/\/www.24baires.com\/?p=105888","url_meta":{"origin":1178,"position":3},"title":"Vidal reiter\u00f3 que definir\u00e1 la fecha de las elecciones \u00aben marzo\u00bb junto a Macri","author":"GB","date":"12\/12\/2018","format":false,"excerpt":"Durante una recorrida por Pig\u00fc\u00e9, sostuvo que analizar\u00e1 la posible modificaci\u00f3n del calendario electoral \"con todas las opciones sobre la mesa\" y en conjunto con el Presidente. Durante una recorrida por el interior bonaerense, Mar\u00eda Eugenia Vidal volvi\u00f3 a referirse a la posibilidad de desdoblar las elecciones provinciales de las\u2026","rel":"","context":"En \u00abPol\u00edtica\u00bb","block_context":{"text":"Pol\u00edtica","link":"https:\/\/www.24baires.com\/?cat=51"},"img":{"alt_text":"","src":"https:\/\/i0.wp.com\/www.24baires.com\/wp-content\/uploads\/2018\/12\/vidal-pigue.jpg?resize=350%2C200","width":350,"height":200,"srcset":"https:\/\/i0.wp.com\/www.24baires.com\/wp-content\/uploads\/2018\/12\/vidal-pigue.jpg?resize=350%2C200 1x, https:\/\/i0.wp.com\/www.24baires.com\/wp-content\/uploads\/2018\/12\/vidal-pigue.jpg?resize=525%2C300 1.5x"},"classes":[]},{"id":116018,"url":"https:\/\/www.24baires.com\/?p=116018","url_meta":{"origin":1178,"position":4},"title":"Los turistas que lleguen a Mar del Plata en la temporada deber\u00e1n hisoparse","author":"GB","date":"21\/08\/2020","format":false,"excerpt":"As\u00ed lo asegur\u00f3 el intendente Guillermo Montenegro. \"Tener un seguimiento de las personas que entran a la ciudad es clave\", indic\u00f3 Los turistas que visiten Mar del Plata durante la pr\u00f3xima temporada de verano deber\u00e1n someterse a un hisopado antes de ingresar a la ciudad para verificar que no porten\u2026","rel":"","context":"En \u00abMunicipios\u00bb","block_context":{"text":"Municipios","link":"https:\/\/www.24baires.com\/?cat=44"},"img":{"alt_text":"","src":"https:\/\/i0.wp.com\/www.24baires.com\/wp-content\/uploads\/2020\/05\/mar-del-plata.jpg?resize=350%2C200","width":350,"height":200,"srcset":"https:\/\/i0.wp.com\/www.24baires.com\/wp-content\/uploads\/2020\/05\/mar-del-plata.jpg?resize=350%2C200 1x, https:\/\/i0.wp.com\/www.24baires.com\/wp-content\/uploads\/2020\/05\/mar-del-plata.jpg?resize=525%2C300 1.5x"},"classes":[]},{"id":101184,"url":"https:\/\/www.24baires.com\/?p=101184","url_meta":{"origin":1178,"position":5},"title":"Katopodis acord\u00f3 un aumento del 20 por ciento con los municipales","author":"GB","date":"21\/03\/2018","format":false,"excerpt":"El intendente de San Mart\u00edn rompi\u00f3 el techo fijado por el Gobierno bonaerense. El intendente de San Mart\u00edn, Gabriel Katopodis, acord\u00f3 con los trabajadores municipales un aumento salarial del 20 por ciento. Seg\u00fan se inform\u00f3, el incremento impactar\u00e1 en el salario b\u00e1sico del personal municipal de planta permanente, contratados y\u2026","rel":"","context":"En \u00abMunicipios\u00bb","block_context":{"text":"Municipios","link":"https:\/\/www.24baires.com\/?cat=44"},"img":{"alt_text":"","src":"https:\/\/i0.wp.com\/www.24baires.com\/wp-content\/uploads\/2018\/03\/katopodis.jpg?resize=350%2C200","width":350,"height":200,"srcset":"https:\/\/i0.wp.com\/www.24baires.com\/wp-content\/uploads\/2018\/03\/katopodis.jpg?resize=350%2C200 1x, https:\/\/i0.wp.com\/www.24baires.com\/wp-content\/uploads\/2018\/03\/katopodis.jpg?resize=525%2C300 1.5x"},"classes":[]}],"jetpack_sharing_enabled":true,"jetpack_likes_enabled":true,"_links":{"self":[{"href":"https:\/\/www.24baires.com\/index.php?rest_route=\/wp\/v2\/posts\/1178","targetHints":{"allow":["GET"]}}],"collection":[{"href":"https:\/\/www.24baires.com\/index.php?rest_route=\/wp\/v2\/posts"}],"about":[{"href":"https:\/\/www.24baires.com\/index.php?rest_route=\/wp\/v2\/types\/post"}],"author":[{"embeddable":true,"href":"https:\/\/www.24baires.com\/index.php?rest_route=\/wp\/v2\/users\/4"}],"replies":[{"embeddable":true,"href":"https:\/\/www.24baires.com\/index.php?rest_route=%2Fwp%2Fv2%2Fcomments&post=1178"}],"version-history":[{"count":0,"href":"https:\/\/www.24baires.com\/index.php?rest_route=\/wp\/v2\/posts\/1178\/revisions"}],"wp:attachment":[{"href":"https:\/\/www.24baires.com\/index.php?rest_route=%2Fwp%2Fv2%2Fmedia&parent=1178"}],"wp:term":[{"taxonomy":"category","embeddable":true,"href":"https:\/\/www.24baires.com\/index.php?rest_route=%2Fwp%2Fv2%2Fcategories&post=1178"},{"taxonomy":"post_tag","embeddable":true,"href":"https:\/\/www.24baires.com\/index.php?rest_route=%2Fwp%2Fv2%2Ftags&post=1178"}],"curies":[{"name":"wp","href":"https:\/\/api.w.org\/{rel}","templated":true}]}}