{"id":117781,"date":"2021-06-18T09:47:00","date_gmt":"2021-06-18T12:47:00","guid":{"rendered":"http:\/\/www.24baires.com\/?p=117781"},"modified":"2021-06-18T09:47:00","modified_gmt":"2021-06-18T12:47:00","slug":"los-precios-mayoristas-aumentaron-32-en-mayo","status":"publish","type":"post","link":"https:\/\/www.24baires.com\/?p=117781","title":{"rendered":"Los precios mayoristas aumentaron 3,2% en mayo"},"content":{"rendered":"<p><img data-recalc-dims=\"1\" loading=\"lazy\" decoding=\"async\" src=\"https:\/\/i0.wp.com\/www.24baires.com\/wp-content\/uploads\/2018\/08\/supermercado.jpg?resize=560%2C313\" alt=\"\" width=\"560\" height=\"313\" class=\"aligncenter size-full wp-image-103910\" srcset=\"https:\/\/i0.wp.com\/www.24baires.com\/wp-content\/uploads\/2018\/08\/supermercado.jpg?w=560&amp;ssl=1 560w, https:\/\/i0.wp.com\/www.24baires.com\/wp-content\/uploads\/2018\/08\/supermercado.jpg?resize=300%2C168&amp;ssl=1 300w\" sizes=\"auto, (max-width: 560px) 100vw, 560px\" \/>El incremento acumula 25,8% en los primeros cinco meses del a\u00f1o.<!--more--><\/p>\n<p>Los precios mayoristas aumentaron 3,2% durante mayo, seg\u00fan inform\u00f3 el Indec, lo que acumula un incremento del 25,8% en los primeros cinco meses del a\u00f1o.<\/p>\n<p>La variaci\u00f3n se explica como consecuencia de la suba de 3,3% en los \u201cProductos nacionales\u201d y de 2,5% en los \u201cProductos importados\u201d.<\/p>\n<p>Por otra parte, el nivel general del \u00edndice de precios internos b\u00e1sicos al por mayor (IPIB) mostr\u00f3 un aumento de 3,3% en el mismo per\u00edodo. En este caso, la variaci\u00f3n se explica por la suba de 3,3% en los \u201cProductos nacionales\u201d y de 2,4% en los \u201cProductos importados\u201d.<\/p>\n<p>Asimismo, el nivel general del \u00edndice de precios b\u00e1sicos del productor (IPP) registr\u00f3 un aumento de 3,4% en el mismo per\u00edodo, como consecuencia de la suba de 1,4% en los \u201cProductos primarios\u201d y de 4,4% en los \u201cProductos manufacturados y energ\u00eda el\u00e9ctrica\u201d.<\/p>\n<p>En este sentido, la suba mensual de los precios mayoristas durante el \u00faltimo mes estuvo impulsada por un aumento del 3,3% en Productos Primarios, del 4,2% en Manufacturados, del 2,5% en los Importados y del 5,2% en Energ\u00eda. <\/p>\n<p>En los Productos Primarios se destacaron las subas del 1,7 % en el sector agropecuario, del 1,3 % en los pesqueros y del 5,6% en minerales no met\u00e1licos, mientras que petr\u00f3leo crudo y gas marc\u00f3 una merma de 1,7%.<\/p>\n<p>Entre los Manufacturados, se destacaron subas del 3,6% en Alimentos y Bebidas, del 3,8% para Textiles; 3,8% en art\u00edculos de Cuero, marroquiner\u00eda y calzado; 6,9% en Refinados de Petr\u00f3leo; 4,3% en Qu\u00edmicos.<\/p>\n<p>Adem\u00e1s aumentaron 4% en Caucho y pl\u00e1stico; 4,8% para Minerales no met\u00e1licos; 4% para Met\u00e1licos B\u00e1sicos y 4,6% en Veh\u00edculos, entre otros.<\/p>\n<p>En lo que va del a\u00f1o, los Productos Primarios subieron 25,4%, con un alza del 20,2% en Agropecuarios, 28,6% en Pesqueros, 32,9% en Petr\u00f3leo Crudo y gas; y 23,8 en Minerales no metal\u00edferos.<\/p>\n","protected":false},"excerpt":{"rendered":"<p>El incremento acumula 25,8% en los primeros cinco meses del a\u00f1o.<\/p>\n","protected":false},"author":8,"featured_media":0,"comment_status":"open","ping_status":"open","sticky":false,"template":"","format":"standard","meta":{"_jetpack_newsletter_access":"","_jetpack_dont_email_post_to_subs":false,"_jetpack_newsletter_tier_id":0,"_jetpack_memberships_contains_paywalled_content":false,"_jetpack_memberships_contains_paid_content":false,"footnotes":""},"categories":[45],"tags":[],"class_list":["post-117781","post","type-post","status-publish","format-standard","hentry","category-economia"],"jetpack_featured_media_url":"","jetpack_shortlink":"https:\/\/wp.me\/p2JWE0-uDH","jetpack-related-posts":[{"id":118972,"url":"https:\/\/www.24baires.com\/?p=118972","url_meta":{"origin":117781,"position":0},"title":"El \u00edndice de precios al consumidor subi\u00f3 5,1%","author":"AF","date":"14\/06\/2022","format":false,"excerpt":"El sector con mayor suba en el mes fue Salud (6,2%), en la que se destac\u00f3 por su incidencia el aumento de la cuota de la medicina prepaga; seguida por Transporte (6,1%), por el incremento de los combustibles. En los primeros cinco meses del a\u00f1o acumula un alza de 29,3%.\u2026","rel":"","context":"En \u00abEconom\u00eda\u00bb","block_context":{"text":"Econom\u00eda","link":"https:\/\/www.24baires.com\/?cat=45"},"img":{"alt_text":"","src":"https:\/\/i0.wp.com\/www.24baires.com\/wp-content\/uploads\/2022\/06\/624f0ff9ed41c_900.jpg?resize=350%2C200","width":350,"height":200,"srcset":"https:\/\/i0.wp.com\/www.24baires.com\/wp-content\/uploads\/2022\/06\/624f0ff9ed41c_900.jpg?resize=350%2C200 1x, https:\/\/i0.wp.com\/www.24baires.com\/wp-content\/uploads\/2022\/06\/624f0ff9ed41c_900.jpg?resize=525%2C300 1.5x, https:\/\/i0.wp.com\/www.24baires.com\/wp-content\/uploads\/2022\/06\/624f0ff9ed41c_900.jpg?resize=700%2C400 2x"},"classes":[]},{"id":108195,"url":"https:\/\/www.24baires.com\/?p=108195","url_meta":{"origin":117781,"position":1},"title":"La inflaci\u00f3n sigue subiendo y acumula 55,8% en los \u00faltimos doce meses","author":"AF","date":"15\/05\/2019","format":false,"excerpt":"Las prendas de vestir y el calzado fue lo que m\u00e1s subi\u00f3 el mes pasado, seguido por transporte, restaurantes y salud. Entre los alimentos, los l\u00e1cteos lideraron las alzas con los quesos a la cabeza. Las consultoras privadas hab\u00edan estimado entre 4% y 4,7% de aumento de precios en abril.\u2026","rel":"","context":"En \u00abSociedad\u00bb","block_context":{"text":"Sociedad","link":"https:\/\/www.24baires.com\/?cat=1"},"img":{"alt_text":"","src":"https:\/\/i0.wp.com\/www.24baires.com\/wp-content\/uploads\/2016\/05\/supermercado-vac%C3%ADo.jpg?resize=350%2C200","width":350,"height":200,"srcset":"https:\/\/i0.wp.com\/www.24baires.com\/wp-content\/uploads\/2016\/05\/supermercado-vac%C3%ADo.jpg?resize=350%2C200 1x, https:\/\/i0.wp.com\/www.24baires.com\/wp-content\/uploads\/2016\/05\/supermercado-vac%C3%ADo.jpg?resize=525%2C300 1.5x"},"classes":[]},{"id":67581,"url":"https:\/\/www.24baires.com\/?p=67581","url_meta":{"origin":117781,"position":2},"title":"Seg\u00fan el INDEC, la inflaci\u00f3n de mayo fue de un 1%","author":"GB","date":"15\/06\/2015","format":false,"excerpt":"El \u00cdndice de Precios al Consumidor Nacional Urbano (IPCNu) registr\u00f3 un peque\u00f1o avance en relaci\u00f3n a abril pasado. La cifra fue impulsada por los rubros Indumentaria, Alimentos, y Servicios para Vivienda, inform\u00f3 hoy el Instituto Nacional de Estad\u00edstica y Censos. ecLa variaci\u00f3n de precios en los primeros cinco meses del\u2026","rel":"","context":"En \u00abEconom\u00eda\u00bb","block_context":{"text":"Econom\u00eda","link":"https:\/\/www.24baires.com\/?cat=45"},"img":{"alt_text":"precios acordados g\u00f3ndola super","src":"https:\/\/i0.wp.com\/www.24baires.com\/wp-content\/uploads\/2015\/02\/precios-acordados-g%C3%B3ndola-super.jpg?resize=350%2C200","width":350,"height":200,"srcset":"https:\/\/i0.wp.com\/www.24baires.com\/wp-content\/uploads\/2015\/02\/precios-acordados-g%C3%B3ndola-super.jpg?resize=350%2C200 1x, https:\/\/i0.wp.com\/www.24baires.com\/wp-content\/uploads\/2015\/02\/precios-acordados-g%C3%B3ndola-super.jpg?resize=525%2C300 1.5x"},"classes":[]},{"id":106632,"url":"https:\/\/www.24baires.com\/?p=106632","url_meta":{"origin":117781,"position":3},"title":"En 11 meses los salarios perdieron 17 puntos contra la inflaci\u00f3n","author":"AF","date":"31\/01\/2019","format":false,"excerpt":"El \u00edndice de salarios aument\u00f3 2,9% en noviembre del a\u00f1o pasado respecto del mes previo y acumul\u00f3 una suba de 26,6% en los \u00faltimos once meses, inform\u00f3 el INDEC. Mientras la inflaci\u00f3n en los primeros 11 meses de 2018 acumul\u00f3 un 43,9 por ciento, los salarios aumentaron en el mismo\u2026","rel":"","context":"En \u00abEconom\u00eda\u00bb","block_context":{"text":"Econom\u00eda","link":"https:\/\/www.24baires.com\/?cat=45"},"img":{"alt_text":"","src":"https:\/\/i0.wp.com\/www.24baires.com\/wp-content\/uploads\/2014\/04\/supermercado-chino.jpg?resize=350%2C200","width":350,"height":200,"srcset":"https:\/\/i0.wp.com\/www.24baires.com\/wp-content\/uploads\/2014\/04\/supermercado-chino.jpg?resize=350%2C200 1x, https:\/\/i0.wp.com\/www.24baires.com\/wp-content\/uploads\/2014\/04\/supermercado-chino.jpg?resize=525%2C300 1.5x"},"classes":[]},{"id":115948,"url":"https:\/\/www.24baires.com\/?p=115948","url_meta":{"origin":117781,"position":4},"title":"La inflaci\u00f3n de Julio fue del 1,9% y ya acumula un 15,8% en lo que va del a\u00f1o","author":"GB","date":"14\/08\/2020","format":false,"excerpt":"El Indec difundi\u00f3 los datos que muestran un fuerte incremente en equipamiento y mantenimiento del hogar, seguidos de recreaci\u00f3n y cultura, e indumentaria. El dato positivo del nuevo informe del Indec es que el indice de precios al consumidor (IPC), que alcanz\u00f3 el 1,9% para julio mostr\u00f3 una leve ca\u00edda\u2026","rel":"","context":"En \u00abEconom\u00eda\u00bb","block_context":{"text":"Econom\u00eda","link":"https:\/\/www.24baires.com\/?cat=45"},"img":{"alt_text":"","src":"https:\/\/i0.wp.com\/www.24baires.com\/wp-content\/uploads\/2020\/04\/supermercado.jpg?resize=350%2C200","width":350,"height":200,"srcset":"https:\/\/i0.wp.com\/www.24baires.com\/wp-content\/uploads\/2020\/04\/supermercado.jpg?resize=350%2C200 1x, https:\/\/i0.wp.com\/www.24baires.com\/wp-content\/uploads\/2020\/04\/supermercado.jpg?resize=525%2C300 1.5x"},"classes":[]},{"id":110842,"url":"https:\/\/www.24baires.com\/?p=110842","url_meta":{"origin":117781,"position":5},"title":"Los precios mayoristas aumentaron 4,9% en mayo y 68,5% en el \u00faltimo a\u00f1o","author":"AF","date":"18\/06\/2019","format":false,"excerpt":"La estructura oligop\u00f3lica de la mayor\u00eda de los segmentos de insumos b\u00e1sicos, explica que pese a una aguda recesi\u00f3n en la industria manufacturera, los grupos empresarios dominantes sigan aumentando los precios para recuperar por unidad la ganancia que resignan por la ca\u00edda de las ventas. Pese a la ca\u00edda de\u2026","rel":"","context":"En \u00abEconom\u00eda\u00bb","block_context":{"text":"Econom\u00eda","link":"https:\/\/www.24baires.com\/?cat=45"},"img":{"alt_text":"","src":"https:\/\/i0.wp.com\/www.24baires.com\/wp-content\/uploads\/2016\/07\/carne.jpg?resize=350%2C200","width":350,"height":200,"srcset":"https:\/\/i0.wp.com\/www.24baires.com\/wp-content\/uploads\/2016\/07\/carne.jpg?resize=350%2C200 1x, https:\/\/i0.wp.com\/www.24baires.com\/wp-content\/uploads\/2016\/07\/carne.jpg?resize=525%2C300 1.5x"},"classes":[]}],"jetpack_sharing_enabled":true,"jetpack_likes_enabled":true,"_links":{"self":[{"href":"https:\/\/www.24baires.com\/index.php?rest_route=\/wp\/v2\/posts\/117781","targetHints":{"allow":["GET"]}}],"collection":[{"href":"https:\/\/www.24baires.com\/index.php?rest_route=\/wp\/v2\/posts"}],"about":[{"href":"https:\/\/www.24baires.com\/index.php?rest_route=\/wp\/v2\/types\/post"}],"author":[{"embeddable":true,"href":"https:\/\/www.24baires.com\/index.php?rest_route=\/wp\/v2\/users\/8"}],"replies":[{"embeddable":true,"href":"https:\/\/www.24baires.com\/index.php?rest_route=%2Fwp%2Fv2%2Fcomments&post=117781"}],"version-history":[{"count":1,"href":"https:\/\/www.24baires.com\/index.php?rest_route=\/wp\/v2\/posts\/117781\/revisions"}],"predecessor-version":[{"id":117782,"href":"https:\/\/www.24baires.com\/index.php?rest_route=\/wp\/v2\/posts\/117781\/revisions\/117782"}],"wp:attachment":[{"href":"https:\/\/www.24baires.com\/index.php?rest_route=%2Fwp%2Fv2%2Fmedia&parent=117781"}],"wp:term":[{"taxonomy":"category","embeddable":true,"href":"https:\/\/www.24baires.com\/index.php?rest_route=%2Fwp%2Fv2%2Fcategories&post=117781"},{"taxonomy":"post_tag","embeddable":true,"href":"https:\/\/www.24baires.com\/index.php?rest_route=%2Fwp%2Fv2%2Ftags&post=117781"}],"curies":[{"name":"wp","href":"https:\/\/api.w.org\/{rel}","templated":true}]}}