{"id":117750,"date":"2021-06-14T10:20:03","date_gmt":"2021-06-14T13:20:03","guid":{"rendered":"http:\/\/www.24baires.com\/?p=117750"},"modified":"2021-06-14T09:56:42","modified_gmt":"2021-06-14T12:56:42","slug":"confirman-que-no-habra-retencion-de-ganancias-en-el-aguinaldo","status":"publish","type":"post","link":"https:\/\/www.24baires.com\/?p=117750","title":{"rendered":"Confirman que no habr\u00e1 retenci\u00f3n de ganancias en el aguinaldo"},"content":{"rendered":"<p><img data-recalc-dims=\"1\" loading=\"lazy\" decoding=\"async\" src=\"https:\/\/i0.wp.com\/www.24baires.com\/wp-content\/uploads\/2021\/06\/titula-afip.jpg?resize=560%2C314\" alt=\"\" width=\"560\" height=\"314\" class=\"aligncenter size-full wp-image-117751\" srcset=\"https:\/\/i0.wp.com\/www.24baires.com\/wp-content\/uploads\/2021\/06\/titula-afip.jpg?w=560&amp;ssl=1 560w, https:\/\/i0.wp.com\/www.24baires.com\/wp-content\/uploads\/2021\/06\/titula-afip.jpg?resize=300%2C168&amp;ssl=1 300w\" sizes=\"auto, (max-width: 560px) 100vw, 560px\" \/>La titular de la AFIP, Mercedes Marc\u00f3 del Pont, revel\u00f3 en Radio 10 que este lunes se firm\u00f3 la reglamentaci\u00f3n de la modificaci\u00f3n del impuesto a las Ganancias para la cuarta categor\u00eda.<!--more--><\/p>\n<p>La titular de la Administraci\u00f3n Federal de Ingresos P\u00fablicos (AFIP), Mercedes Marc\u00f3 del Pont, confirm\u00f3 este lunes en di\u00e1logo con Radio 10 que \u00abestamos firmando la reglamentaci\u00f3n de la modificaci\u00f3n del impuesto a las Ganancias para la cuarta categor\u00eda; y lo hacemos con cierto apuro, porque la idea del Gobierno es que esta medida traiga alivio el mes que viene, cuando se cobren los salarios de junio y tambi\u00e9n el medio aguinaldo\u00bb.<\/p>\n<p>Seg\u00fan indic\u00f3 Marc\u00f3 del Pont \u00abse busca fundamentalmente sacar el impuesto a las Ganancias a una cantidad de trabajadoras y trabajadores que hab\u00edan sido incluidos en los \u00faltimos a\u00f1os, para volver a una relaci\u00f3n hist\u00f3rica, en la cual solo uno de cada diez trabajadores pagar\u00e1 este impuesto\u00bb.<\/p>\n<p>\u00abEsto implica que el ingreso disponible y la capacidad de consumo, sobre todo de un sector importante de la clase media, va a aumentar en cerca de 50 mil millones de pesos; esa es la transferencia que se generar\u00e1 con la puesta en funcionamiento de esta ley\u00bb.<\/p>\n<p>As\u00ed m\u00e1s de 1.200.000 de personas con salarios de hasta 150 mil pesos dejar\u00e1n de pagar el impuesto.<\/p>\n<p>Marc\u00f3 del Pont precis\u00f3 adem\u00e1s que la retenci\u00f3n que se practic\u00f3 a los salarios entre enero y mayo \u201cser\u00e1 devuelta en cinco cuotas mensuales, consecutivas e id\u00e9nticas a partir de julio\u201d.<\/p>\n<p>\u201cTodos los que ganen hasta 150.000 pesos no van a tener retenci\u00f3n y los que est\u00e1n entre 150.000 y 173.000 ver\u00e1n una reducci\u00f3n en la carga tributaria\u201d, confirm\u00f3.<\/p>\n<p>La modificaci\u00f3n del Impuesto a las Ganancias se aplicar\u00e1 de manera retroactiva al 1\u00b0 de enero de 2021, con lo cual se devolver\u00e1 el dinero descontando por este concepto a lo largo del primer trimestre del a\u00f1o, lo que podr\u00eda volcar unos 10 mil millones de pesos al consumo interno.<\/p>\n<p>La ley contempla tambi\u00e9n que los salarios superiores a 173.000 pesos brutos continuar\u00e1n pagando los mismos valores que desde el primero de enero cuando se actualiz\u00f3 el M\u00ednimo No imponible en un 35%.<\/p>\n<p>Entre las modificaciones que se incluyeron al proyecto original se encuentra la exclusi\u00f3n del c\u00e1lculo del gravamen del aguinaldo de los que est\u00e1n beneficiados con esta medida. Adem\u00e1s, se permitir\u00e1 a los jubilados que perciben hasta ocho jubilaciones m\u00ednimas acceder al beneficio aunque tengan ingresos extras hasta los $164 mil anuales.<\/p>\n<p>Por otra parte, los cambios tambi\u00e9n afectan la actual legislaci\u00f3n en materia de parejas en concubinato. Hasta la sanci\u00f3n de la reforma, la ley habilitaba deducir al c\u00f3nyuge. Sin embargo ahora se ampli\u00f3 ese derecho al concubino, cualquiera fuera su sexo.<\/p>\n<p>Adem\u00e1s, se incorpor\u00f3 un art\u00edculo que mantiene el beneficio del \u00ab22% adicional\u00bb en la regi\u00f3n patag\u00f3nica pero con una carga tributaria menor que el resto de los contribuyentes, lo que \u00abbeneficiar\u00e1 a alrededor de 83.500 empleados y jubilados\u00bb.<\/p>\n<p>Por otro lado, se excluy\u00f3 del pago de ganancias del reintegro de gastos de guarder\u00eda para los hijos e hijas de hasta 3 a\u00f1os, con un monto de hasta $67.000 por a\u00f1o.<\/p>\n<p>Se excluy\u00f3 tambi\u00e9n del pago del impuesto la provisi\u00f3n de ropa de trabajo, al equipamiento para uso exclusivo en el lugar de trabajo y al otorgamiento o pago de cursos de capacitaci\u00f3n. El dinero que se reciben por vales de combustibles, vivienda, viajes de recreo o descanso, pago de gastos de educaci\u00f3n del grupo familiar u otros conceptos similares se encuentran alcanzados por el Impuesto a las Ganancias.<\/p>\n<p>Tambi\u00e9n se duplic\u00f3 la deducci\u00f3n que se paga por hijo con discapacidad.<\/p>\n<p>Y se prorrog\u00f3 hasta el 20 de septiembre la exenci\u00f3n que venci\u00f3 en diciembre para que el personal de Salud no pague el Impuesto a las Ganancias a las horas extras que realiza debido a la pandemia del coronavirus y que fuera aprobada por el Congreso en mayo del a\u00f1o pasado.<\/p>\n","protected":false},"excerpt":{"rendered":"<p>La titular de la AFIP, Mercedes Marc\u00f3 del Pont, revel\u00f3 en Radio 10 que este lunes se firm\u00f3 la reglamentaci\u00f3n de la modificaci\u00f3n del impuesto a las Ganancias para la cuarta categor\u00eda.<\/p>\n","protected":false},"author":8,"featured_media":0,"comment_status":"open","ping_status":"open","sticky":false,"template":"","format":"standard","meta":{"_jetpack_newsletter_access":"","_jetpack_dont_email_post_to_subs":false,"_jetpack_newsletter_tier_id":0,"_jetpack_memberships_contains_paywalled_content":false,"_jetpack_memberships_contains_paid_content":false,"footnotes":""},"categories":[45],"tags":[],"class_list":["post-117750","post","type-post","status-publish","format-standard","hentry","category-economia"],"jetpack_featured_media_url":"","jetpack_shortlink":"https:\/\/wp.me\/p2JWE0-uDc","jetpack-related-posts":[{"id":119515,"url":"https:\/\/www.24baires.com\/?p=119515","url_meta":{"origin":117750,"position":0},"title":"La AFIP reglament\u00f3 los cambios en el Impuesto a las Ganancias","author":"AF","date":"07\/11\/2022","format":false,"excerpt":"Desde este mes alcanzar\u00e1 a los salarios brutos que est\u00e9n por encima de $330.000. En tanto, quienes tengan un sueldo entre el piso y los $431.988 abonar\u00e1n una al\u00edcuota menor. Los datos que hay que analizar para saber si el aguinaldo sufrir\u00e1 deducciones. La Administraci\u00f3n Federal de Ingresos P\u00fablicos (AFIP)\u2026","rel":"","context":"En \u00abEconom\u00eda\u00bb","block_context":{"text":"Econom\u00eda","link":"https:\/\/www.24baires.com\/?cat=45"},"img":{"alt_text":"","src":"https:\/\/i0.wp.com\/www.24baires.com\/wp-content\/uploads\/2020\/04\/afip.jpg?resize=350%2C200","width":350,"height":200,"srcset":"https:\/\/i0.wp.com\/www.24baires.com\/wp-content\/uploads\/2020\/04\/afip.jpg?resize=350%2C200 1x, https:\/\/i0.wp.com\/www.24baires.com\/wp-content\/uploads\/2020\/04\/afip.jpg?resize=525%2C300 1.5x"},"classes":[]},{"id":118381,"url":"https:\/\/www.24baires.com\/?p=118381","url_meta":{"origin":117750,"position":1},"title":"Actualizan los l\u00edmites al Impuesto a las Ganancias","author":"GB","date":"24\/12\/2021","format":false,"excerpt":"La determinaci\u00f3n provino de la AFIP que actualiz\u00f3 el m\u00ednimo del impuesto a las Ganancias para salarios y aguinaldos. Una nueva modificaci\u00f3n respecto al pago del Impuesto a las Ganancias regir\u00e1 a partir de los salarios y aguinaldos a pagar desde el primero de enero de 2022: el m\u00ednimo no\u2026","rel":"","context":"En \u00abEconom\u00eda\u00bb","block_context":{"text":"Econom\u00eda","link":"https:\/\/www.24baires.com\/?cat=45"},"img":{"alt_text":"","src":"https:\/\/i0.wp.com\/www.24baires.com\/wp-content\/uploads\/2020\/04\/afip.jpg?resize=350%2C200","width":350,"height":200,"srcset":"https:\/\/i0.wp.com\/www.24baires.com\/wp-content\/uploads\/2020\/04\/afip.jpg?resize=350%2C200 1x, https:\/\/i0.wp.com\/www.24baires.com\/wp-content\/uploads\/2020\/04\/afip.jpg?resize=525%2C300 1.5x"},"classes":[]},{"id":119098,"url":"https:\/\/www.24baires.com\/?p=119098","url_meta":{"origin":117750,"position":2},"title":"El impuesto sobre el d\u00f3lar turista aument\u00f3 del 35 al 45 por ciento","author":"GB","date":"14\/07\/2022","format":false,"excerpt":"La AFIP dispuso un incremento en la percepci\u00f3n a cuenta de los impuestos a las Ganancias y sobre los Bienes Personales sobre el d\u00f3lar turista. La Administraci\u00f3n Federal de Ingresos P\u00fablicos (AFIP) anunci\u00f3 que a partir de este jueves aumentar\u00e1 la percepci\u00f3n a cuenta de los impuestos a las Ganancias\u2026","rel":"","context":"En \u00abEconom\u00eda\u00bb","block_context":{"text":"Econom\u00eda","link":"https:\/\/www.24baires.com\/?cat=45"},"img":{"alt_text":"","src":"https:\/\/i0.wp.com\/www.24baires.com\/wp-content\/uploads\/2019\/08\/d%C3%B3lar.jpg?resize=350%2C200","width":350,"height":200,"srcset":"https:\/\/i0.wp.com\/www.24baires.com\/wp-content\/uploads\/2019\/08\/d%C3%B3lar.jpg?resize=350%2C200 1x, https:\/\/i0.wp.com\/www.24baires.com\/wp-content\/uploads\/2019\/08\/d%C3%B3lar.jpg?resize=525%2C300 1.5x, https:\/\/i0.wp.com\/www.24baires.com\/wp-content\/uploads\/2019\/08\/d%C3%B3lar.jpg?resize=700%2C400 2x"},"classes":[]},{"id":110927,"url":"https:\/\/www.24baires.com\/?p=110927","url_meta":{"origin":117750,"position":3},"title":"El Gobierno confirm\u00f3 que el aguinaldo pagar\u00e1 impuesto a las Ganancias","author":"GB","date":"25\/06\/2019","format":false,"excerpt":"Lo confirm\u00f3 el ministro de Producci\u00f3n, Dante Sica, en conferencia de prensa. Solo en 2016 el medio aguinaldo qued\u00f3 exento. El Gobierno nacional confirm\u00f3 que, otra vez, el medio aguinaldo pagar\u00e1 impuesto a las Ganancias. Lo afirm\u00f3 en conferencia de prensa el ministro de Producci\u00f3n y Trabajo, Dante Sica, quien\u2026","rel":"","context":"En \u00abPol\u00edtica\u00bb","block_context":{"text":"Pol\u00edtica","link":"https:\/\/www.24baires.com\/?cat=51"},"img":{"alt_text":"","src":"https:\/\/i0.wp.com\/www.24baires.com\/wp-content\/uploads\/2019\/06\/sica.jpg?resize=350%2C200","width":350,"height":200,"srcset":"https:\/\/i0.wp.com\/www.24baires.com\/wp-content\/uploads\/2019\/06\/sica.jpg?resize=350%2C200 1x, https:\/\/i0.wp.com\/www.24baires.com\/wp-content\/uploads\/2019\/06\/sica.jpg?resize=525%2C300 1.5x"},"classes":[]},{"id":9737,"url":"https:\/\/www.24baires.com\/?p=9737","url_meta":{"origin":117750,"position":4},"title":"Ya es oficial el \u00abno pago\u00bb de Ganancias con este aguinaldo","author":"Grupo Sierra","date":"19\/12\/2012","format":false,"excerpt":"El Gobierno ratific\u00f3 la medida a trav\u00e9s de la resoluci\u00f3n 3413 del AFIP que confirma que no se retendr\u00e1 el impuesto sobre el medio sueldo extra de fin de a\u00f1o. El objetivo de la decisi\u00f3n es incentivar el consumo, y beneficia a todos los trabajadores cuyo salario no supere los\u2026","rel":"","context":"En \u00abEconom\u00eda\u00bb","block_context":{"text":"Econom\u00eda","link":"https:\/\/www.24baires.com\/?cat=45"},"img":{"alt_text":"afip-frente","src":"https:\/\/i0.wp.com\/www.24baires.com\/wp-content\/uploads\/2012\/12\/afip-frente.jpg?resize=350%2C200","width":350,"height":200,"srcset":"https:\/\/i0.wp.com\/www.24baires.com\/wp-content\/uploads\/2012\/12\/afip-frente.jpg?resize=350%2C200 1x, https:\/\/i0.wp.com\/www.24baires.com\/wp-content\/uploads\/2012\/12\/afip-frente.jpg?resize=525%2C300 1.5x"},"classes":[]},{"id":113673,"url":"https:\/\/www.24baires.com\/?p=113673","url_meta":{"origin":117750,"position":5},"title":"La recaudaci\u00f3n impositiva 2019 perdi\u00f3 contra la inflaci\u00f3n","author":"AF","date":"03\/01\/2020","format":false,"excerpt":"El retroceso en t\u00e9rminos reales de los ingresos tributarios al fisco fue de casi 7 puntos porcentuales. Fue consecuencia de la pol\u00edtica de ajuste del macrismo. En diciembre de 2019 la recaudaci\u00f3n tributaria alcanz\u00f3 los 492.366 millones de pesos, que representa una variaci\u00f3n del 53,9 por ciento en relaci\u00f3n al\u2026","rel":"","context":"En \u00abProvincia\u00bb","block_context":{"text":"Provincia","link":"https:\/\/www.24baires.com\/?cat=40"},"img":{"alt_text":"","src":"https:\/\/i0.wp.com\/www.24baires.com\/wp-content\/uploads\/2020\/01\/mercedes-del-pomt.jpg?resize=350%2C200","width":350,"height":200,"srcset":"https:\/\/i0.wp.com\/www.24baires.com\/wp-content\/uploads\/2020\/01\/mercedes-del-pomt.jpg?resize=350%2C200 1x, https:\/\/i0.wp.com\/www.24baires.com\/wp-content\/uploads\/2020\/01\/mercedes-del-pomt.jpg?resize=525%2C300 1.5x"},"classes":[]}],"jetpack_sharing_enabled":true,"jetpack_likes_enabled":true,"_links":{"self":[{"href":"https:\/\/www.24baires.com\/index.php?rest_route=\/wp\/v2\/posts\/117750","targetHints":{"allow":["GET"]}}],"collection":[{"href":"https:\/\/www.24baires.com\/index.php?rest_route=\/wp\/v2\/posts"}],"about":[{"href":"https:\/\/www.24baires.com\/index.php?rest_route=\/wp\/v2\/types\/post"}],"author":[{"embeddable":true,"href":"https:\/\/www.24baires.com\/index.php?rest_route=\/wp\/v2\/users\/8"}],"replies":[{"embeddable":true,"href":"https:\/\/www.24baires.com\/index.php?rest_route=%2Fwp%2Fv2%2Fcomments&post=117750"}],"version-history":[{"count":1,"href":"https:\/\/www.24baires.com\/index.php?rest_route=\/wp\/v2\/posts\/117750\/revisions"}],"predecessor-version":[{"id":117752,"href":"https:\/\/www.24baires.com\/index.php?rest_route=\/wp\/v2\/posts\/117750\/revisions\/117752"}],"wp:attachment":[{"href":"https:\/\/www.24baires.com\/index.php?rest_route=%2Fwp%2Fv2%2Fmedia&parent=117750"}],"wp:term":[{"taxonomy":"category","embeddable":true,"href":"https:\/\/www.24baires.com\/index.php?rest_route=%2Fwp%2Fv2%2Fcategories&post=117750"},{"taxonomy":"post_tag","embeddable":true,"href":"https:\/\/www.24baires.com\/index.php?rest_route=%2Fwp%2Fv2%2Ftags&post=117750"}],"curies":[{"name":"wp","href":"https:\/\/api.w.org\/{rel}","templated":true}]}}