{"id":117723,"date":"2021-06-08T09:12:06","date_gmt":"2021-06-08T12:12:06","guid":{"rendered":"http:\/\/www.24baires.com\/?p=117723"},"modified":"2021-06-08T09:12:06","modified_gmt":"2021-06-08T12:12:06","slug":"escandaloso-el-precio-de-la-carne-aumento-mas-del-75-en-el-ultimo-ano","status":"publish","type":"post","link":"https:\/\/www.24baires.com\/?p=117723","title":{"rendered":"Escandaloso: el precio de la carne aument\u00f3 m\u00e1s del 75% en el \u00faltimo a\u00f1o"},"content":{"rendered":"<p><img data-recalc-dims=\"1\" loading=\"lazy\" decoding=\"async\" src=\"https:\/\/i0.wp.com\/www.24baires.com\/wp-content\/uploads\/2021\/05\/carne.jpg?resize=560%2C315\" alt=\"\" width=\"560\" height=\"315\" class=\"aligncenter size-full wp-image-117654\" srcset=\"https:\/\/i0.wp.com\/www.24baires.com\/wp-content\/uploads\/2021\/05\/carne.jpg?w=560&amp;ssl=1 560w, https:\/\/i0.wp.com\/www.24baires.com\/wp-content\/uploads\/2021\/05\/carne.jpg?resize=300%2C169&amp;ssl=1 300w\" sizes=\"auto, (max-width: 560px) 100vw, 560px\" \/>Seg\u00fan un informe del IPCVA el valor de la carne super\u00f3 los niveles de inflaci\u00f3n mensual e interanual.<!--more--><\/p>\n<p>El  valor de la carne se dispar\u00f3 un 76,2% durante mayo, en comparaci\u00f3n al mismo mes del a\u00f1o pasado, seg\u00fan un informe del Instituto de Promoci\u00f3n de la Carne Vacuna Argentina (IPCVA).<\/p>\n<p>La suba mensual fue del 6,1%, la cual estuvo por encima de la inflaci\u00f3n que fue del 4,1% en abril 2021 y de un 36,1% en 2020, de acuerdo a lo indicado por el INDEC.<\/p>\n<p>El relevamiento del IPCVA se realiz\u00f3 durante la primera y segunda quincena de mayo, en 80 carnicer\u00edas de CABA y Gran Buenos Aires y en 40 supermercados.<\/p>\n<p>En el mismo se pudo determinar que el mayor aumento se vio en aquellos comercios de nivel socioecon\u00f3mico alto, mientras que en los de nivel medio y bajo, los precios subieron un 5,8% y un 6,3%, respectivamente.<\/p>\n<p>Seg\u00fan detall\u00f3 el informe, la carne de novillito aument\u00f3 5,1% y la de novillo 7%, en tanto las vaquillonas y terneras un 6,7%. Respecto a los cortes, el peceto es m\u00e1s caro en los sumermercados que en las carnicer\u00edas barriales (+$115), al igual que la colita de cuadril (+$129).<\/p>\n<p>En relaci\u00f3n a otros cortes, el lomo marca una diferencia de $79 entre ambos puntos de venta, la rueda para milanesas $11 y la carne picada $9. Sin embargo, en el caso del asado, los supermercados ofrecen el producto a $34 menos por kilo que las carnicer\u00edas.<\/p>\n<p>En el pollo se vieron alzas moderadas del 1,7% mensual y 58,8% interanual. En tanto que el pechito de cerdo mostr\u00f3 subas del 3,8% en relaci\u00f3n con el mes anterior y de un 67% con 2020.<\/p>\n<p>Cabe se\u00f1alar que el pasado 20 de mayo, con el fin de frenar las fuertes subas en los precios, el ministerio de Agricultura, Ganader\u00eda y Pesca de la Naci\u00f3n, decidi\u00f3 cerrar por 30 d\u00edas las exportaciones de carne vacuna, situaci\u00f3n que provoc\u00f3 un paro de 9 d\u00edas de la Mesa de Enlace.<\/p>\n","protected":false},"excerpt":{"rendered":"<p>Seg\u00fan un informe del IPCVA el valor de la carne super\u00f3 los niveles de inflaci\u00f3n mensual e interanual.<\/p>\n","protected":false},"author":8,"featured_media":0,"comment_status":"open","ping_status":"open","sticky":false,"template":"","format":"standard","meta":{"_jetpack_newsletter_access":"","_jetpack_dont_email_post_to_subs":false,"_jetpack_newsletter_tier_id":0,"_jetpack_memberships_contains_paywalled_content":false,"_jetpack_memberships_contains_paid_content":false,"footnotes":""},"categories":[45],"tags":[],"class_list":["post-117723","post","type-post","status-publish","format-standard","hentry","category-economia"],"jetpack_featured_media_url":"","jetpack_shortlink":"https:\/\/wp.me\/p2JWE0-uCL","jetpack-related-posts":[{"id":120932,"url":"https:\/\/www.24baires.com\/?p=120932","url_meta":{"origin":117723,"position":0},"title":"Seg\u00fan un informe, los alimentos subieron un 16% durante el mes de enero","author":"GB","date":"05\/02\/2024","format":false,"excerpt":"El plan econ\u00f3mico del gobierno de Javier Milei contin\u00faa golpeando el bolsillo de los argentinos. El aumento de los alimentos, podr\u00eda haber sido much\u00edsimo peor de no ser porque la carne fue de los pocos sectores que se mantuvo estable. El costo de los alimentos experiment\u00f3 un incremento del 1%\u2026","rel":"","context":"En \u00abConsumidores\u00bb","block_context":{"text":"Consumidores","link":"https:\/\/www.24baires.com\/?cat=78"},"img":{"alt_text":"","src":"https:\/\/i0.wp.com\/www.24baires.com\/wp-content\/uploads\/2024\/02\/super.jpeg?resize=350%2C200","width":350,"height":200,"srcset":"https:\/\/i0.wp.com\/www.24baires.com\/wp-content\/uploads\/2024\/02\/super.jpeg?resize=350%2C200 1x, https:\/\/i0.wp.com\/www.24baires.com\/wp-content\/uploads\/2024\/02\/super.jpeg?resize=525%2C300 1.5x, https:\/\/i0.wp.com\/www.24baires.com\/wp-content\/uploads\/2024\/02\/super.jpeg?resize=700%2C400 2x"},"classes":[]},{"id":91484,"url":"https:\/\/www.24baires.com\/?p=91484","url_meta":{"origin":117723,"position":1},"title":"Cay\u00f3 el consumo de carne por la escalada de precio","author":"GB","date":"09\/01\/2017","format":false,"excerpt":"La compra baj\u00f3 a 57 kilos anuales por habitante en diciembre. Subi\u00f3 el valor en los supermercados, pese a que baj\u00f3 el de la hacienda en pie, seg\u00fan CICCRA. Se redujo el consumo de carne vacuna a 57 kilos anuales por habitante en diciembre. Se debi\u00f3 a que aument\u00f3 el\u2026","rel":"","context":"En \u00abConsumidores\u00bb","block_context":{"text":"Consumidores","link":"https:\/\/www.24baires.com\/?cat=78"},"img":{"alt_text":"","src":"https:\/\/i0.wp.com\/www.24baires.com\/wp-content\/uploads\/2016\/07\/carne.jpg?resize=350%2C200","width":350,"height":200,"srcset":"https:\/\/i0.wp.com\/www.24baires.com\/wp-content\/uploads\/2016\/07\/carne.jpg?resize=350%2C200 1x, https:\/\/i0.wp.com\/www.24baires.com\/wp-content\/uploads\/2016\/07\/carne.jpg?resize=525%2C300 1.5x"},"classes":[]},{"id":117179,"url":"https:\/\/www.24baires.com\/?p=117179","url_meta":{"origin":117723,"position":2},"title":"El \u00cdndice de Precios al Consumidor subi\u00f3 4% en enero","author":"AF","date":"11\/02\/2021","format":false,"excerpt":"El Instituto Nacional de Estad\u00edstica y Censos (Indec) inform\u00f3 que el rubro Alimentos y Bebidas subi\u00f3 4,8%, Comunicaci\u00f3n 15% y Restaurantes y Hoteles 5,4%. El \u00cdndice de Precios al Consumidor (IPC-Costo de Vida) aument\u00f3 4% durante enero, debido a las subas del 15,1% en el sector de comunicaciones, del 5,4%\u2026","rel":"","context":"En \u00abEconom\u00eda\u00bb","block_context":{"text":"Econom\u00eda","link":"https:\/\/www.24baires.com\/?cat=45"},"img":{"alt_text":"","src":"https:\/\/i0.wp.com\/www.24baires.com\/wp-content\/uploads\/2018\/08\/supermercado.jpg?resize=350%2C200","width":350,"height":200,"srcset":"https:\/\/i0.wp.com\/www.24baires.com\/wp-content\/uploads\/2018\/08\/supermercado.jpg?resize=350%2C200 1x, https:\/\/i0.wp.com\/www.24baires.com\/wp-content\/uploads\/2018\/08\/supermercado.jpg?resize=525%2C300 1.5x"},"classes":[]},{"id":90686,"url":"https:\/\/www.24baires.com\/?p=90686","url_meta":{"origin":117723,"position":3},"title":"El consumo de carne vacuna cay\u00f3 6,7% con respecto al a\u00f1o pasado","author":"GB","date":"12\/12\/2016","format":false,"excerpt":"El consumo de carne vacuna por habitante por a\u00f1o en Argentina alcanz\u00f3 los 55,2 kilogramos en el per\u00edodo enero-noviembre, lo que implica una ca\u00edda del 6,7 por ciento anual. El consumo de carne vacuna por habitante por a\u00f1o en Argentina alcanz\u00f3 los 55,2 kilogramos en el per\u00edodo enero-noviembre, lo que\u2026","rel":"","context":"En \u00abEconom\u00eda\u00bb","block_context":{"text":"Econom\u00eda","link":"https:\/\/www.24baires.com\/?cat=45"},"img":{"alt_text":"","src":"https:\/\/i0.wp.com\/www.24baires.com\/wp-content\/uploads\/2016\/02\/carnicer%C3%ADa.jpg?resize=350%2C200","width":350,"height":200,"srcset":"https:\/\/i0.wp.com\/www.24baires.com\/wp-content\/uploads\/2016\/02\/carnicer%C3%ADa.jpg?resize=350%2C200 1x, https:\/\/i0.wp.com\/www.24baires.com\/wp-content\/uploads\/2016\/02\/carnicer%C3%ADa.jpg?resize=525%2C300 1.5x"},"classes":[]},{"id":108042,"url":"https:\/\/www.24baires.com\/?p=108042","url_meta":{"origin":117723,"position":4},"title":"Suben los precios de la carne, ya va casi 70% en el \u00faltimo a\u00f1o, y baja el consumo","author":"AF","date":"08\/05\/2019","format":false,"excerpt":"As\u00ed lo indic\u00f3 el Informe Mensual de Precios de la Carne Vacuna en Capital Federal y Gran Buenos Aires de abril 2019. Sigue bajando el consumo de carne pero los precios no, por el contrario, siguen subiendo. Seg\u00fan datos de abril, los precios de los distintos cortes de carne vacuna\u2026","rel":"","context":"En \u00abSociedad\u00bb","block_context":{"text":"Sociedad","link":"https:\/\/www.24baires.com\/?cat=1"},"img":{"alt_text":"","src":"https:\/\/i0.wp.com\/www.24baires.com\/wp-content\/uploads\/2016\/07\/carne.jpg?resize=350%2C200","width":350,"height":200,"srcset":"https:\/\/i0.wp.com\/www.24baires.com\/wp-content\/uploads\/2016\/07\/carne.jpg?resize=350%2C200 1x, https:\/\/i0.wp.com\/www.24baires.com\/wp-content\/uploads\/2016\/07\/carne.jpg?resize=525%2C300 1.5x"},"classes":[]},{"id":103291,"url":"https:\/\/www.24baires.com\/?p=103291","url_meta":{"origin":117723,"position":5},"title":"La suba de precios en junio fue del 3,5%","author":"AF","date":"11\/07\/2018","format":false,"excerpt":"El registro de inflaci\u00f3n del mes pasado es el m\u00e1s alto en los \u00faltimos dos a\u00f1os, ya que hay que remontarse hasta mayo de 2016 para encontrar un alza superior. El relevamiento de la UMET arroja una suba interanual del 29,5 por ciento. La suba de precios de junio fue\u2026","rel":"","context":"En \u00abEconom\u00eda\u00bb","block_context":{"text":"Econom\u00eda","link":"https:\/\/www.24baires.com\/?cat=45"},"img":{"alt_text":"","src":"https:\/\/i0.wp.com\/www.24baires.com\/wp-content\/uploads\/2013\/03\/supermercado2.jpg?resize=350%2C200","width":350,"height":200,"srcset":"https:\/\/i0.wp.com\/www.24baires.com\/wp-content\/uploads\/2013\/03\/supermercado2.jpg?resize=350%2C200 1x, https:\/\/i0.wp.com\/www.24baires.com\/wp-content\/uploads\/2013\/03\/supermercado2.jpg?resize=525%2C300 1.5x"},"classes":[]}],"jetpack_sharing_enabled":true,"jetpack_likes_enabled":true,"_links":{"self":[{"href":"https:\/\/www.24baires.com\/index.php?rest_route=\/wp\/v2\/posts\/117723","targetHints":{"allow":["GET"]}}],"collection":[{"href":"https:\/\/www.24baires.com\/index.php?rest_route=\/wp\/v2\/posts"}],"about":[{"href":"https:\/\/www.24baires.com\/index.php?rest_route=\/wp\/v2\/types\/post"}],"author":[{"embeddable":true,"href":"https:\/\/www.24baires.com\/index.php?rest_route=\/wp\/v2\/users\/8"}],"replies":[{"embeddable":true,"href":"https:\/\/www.24baires.com\/index.php?rest_route=%2Fwp%2Fv2%2Fcomments&post=117723"}],"version-history":[{"count":1,"href":"https:\/\/www.24baires.com\/index.php?rest_route=\/wp\/v2\/posts\/117723\/revisions"}],"predecessor-version":[{"id":117724,"href":"https:\/\/www.24baires.com\/index.php?rest_route=\/wp\/v2\/posts\/117723\/revisions\/117724"}],"wp:attachment":[{"href":"https:\/\/www.24baires.com\/index.php?rest_route=%2Fwp%2Fv2%2Fmedia&parent=117723"}],"wp:term":[{"taxonomy":"category","embeddable":true,"href":"https:\/\/www.24baires.com\/index.php?rest_route=%2Fwp%2Fv2%2Fcategories&post=117723"},{"taxonomy":"post_tag","embeddable":true,"href":"https:\/\/www.24baires.com\/index.php?rest_route=%2Fwp%2Fv2%2Ftags&post=117723"}],"curies":[{"name":"wp","href":"https:\/\/api.w.org\/{rel}","templated":true}]}}