{"id":117576,"date":"2021-05-14T19:32:44","date_gmt":"2021-05-14T22:32:44","guid":{"rendered":"http:\/\/www.24baires.com\/?p=117576"},"modified":"2021-05-14T19:32:44","modified_gmt":"2021-05-14T22:32:44","slug":"el-gobierno-prorrogo-precios-maximos-hasta-el-8-de-junio","status":"publish","type":"post","link":"https:\/\/www.24baires.com\/?p=117576","title":{"rendered":"El Gobierno prorrog\u00f3 Precios M\u00e1ximos hasta el 8 de junio"},"content":{"rendered":"<p><img data-recalc-dims=\"1\" loading=\"lazy\" decoding=\"async\" src=\"https:\/\/i0.wp.com\/www.24baires.com\/wp-content\/uploads\/2020\/04\/supermercado.jpg?resize=560%2C373\" alt=\"\" width=\"560\" height=\"373\" class=\"aligncenter size-full wp-image-114714\" srcset=\"https:\/\/i0.wp.com\/www.24baires.com\/wp-content\/uploads\/2020\/04\/supermercado.jpg?w=560&amp;ssl=1 560w, https:\/\/i0.wp.com\/www.24baires.com\/wp-content\/uploads\/2020\/04\/supermercado.jpg?resize=300%2C200&amp;ssl=1 300w\" sizes=\"auto, (max-width: 560px) 100vw, 560px\" \/>La nueva lista de Precios M\u00e1ximos incluir\u00e1 s\u00f3lo productos de la Canasta B\u00e1sica y salen de ella m\u00e1s de 30 categor\u00edas.<!--more--><\/p>\n<p>La Secretaria de Comercio Interior resolvi\u00f3 a trav\u00e9s de la resoluci\u00f3n 489\/21 prorrogar el programa \u00abPrecios M\u00e1ximos\u00bb hasta el 8 de junio. La nueva lista solo incluir\u00e1 productos de la Canasta B\u00e1sica Alimentaria y se retiraron m\u00e1s de 30 categor\u00edas del programa.<\/p>\n<p>Estas son las categor\u00edas que ya no forman parte de Precios M\u00e1ximos:<br \/>\nAceite de oliva y otros aceites<br \/>\nTostadas y grisines<br \/>\nEdulcorantes<br \/>\nSaborizadores<br \/>\nArroz (excepto largo fino)<br \/>\nEncurtidos, Aceitunas y Pickles<br \/>\nHarinas leudantes y premezclas<br \/>\nHorneables y gelificables<br \/>\nPastas frescas<br \/>\nMilanesas de soja<br \/>\nProductos congelados en base a vegetales procesados<br \/>\nSuplementos vitam\u00ednicos<br \/>\nTapas de empanadas y tartas<br \/>\n\u00d3leo calc\u00e1reo<br \/>\nAp\u00f3sitos y protectores mamarios<br \/>\nAmargos<br \/>\nJugos<br \/>\nLeche Infantil<br \/>\nQueso rallado y queso crema<br \/>\nCrema de leche<br \/>\nDulce de leche<br \/>\nManteca y margarina<br \/>\nYogur, postres y flanes<br \/>\nEsponjas y guantes<br \/>\nTrapos y Pa\u00f1os<br \/>\nDestapaca\u00f1er\u00edas<br \/>\nToallas h\u00famedas desinfectantes<br \/>\nPerfumes y colonias<br \/>\nColoraci\u00f3n del cabello<br \/>\nPa\u00f1ales para adultos<br \/>\nAlgodones e Hisopos<br \/>\nEsmaltes y quitaesmaltes<br \/>\nPreservativos y Geles \u00cdntimos<br \/>\nProductos para depilaci\u00f3n<br \/>\nHelado y hielo<br \/>\nOtros accesorios de limpieza<\/p>\n","protected":false},"excerpt":{"rendered":"<p>La nueva lista de Precios M\u00e1ximos incluir\u00e1 s\u00f3lo productos de la Canasta B\u00e1sica y salen de ella m\u00e1s de 30 categor\u00edas.<\/p>\n","protected":false},"author":4,"featured_media":0,"comment_status":"open","ping_status":"open","sticky":false,"template":"","format":"standard","meta":{"_jetpack_newsletter_access":"","_jetpack_dont_email_post_to_subs":false,"_jetpack_newsletter_tier_id":0,"_jetpack_memberships_contains_paywalled_content":false,"_jetpack_memberships_contains_paid_content":false,"footnotes":""},"categories":[45],"tags":[],"class_list":["post-117576","post","type-post","status-publish","format-standard","hentry","category-economia"],"jetpack_featured_media_url":"","jetpack_shortlink":"https:\/\/wp.me\/p2JWE0-uAo","jetpack-related-posts":[{"id":68564,"url":"https:\/\/www.24baires.com\/?p=68564","url_meta":{"origin":117576,"position":0},"title":"Precios Cuidados agreg\u00f3 alimentos para cel\u00edacos","author":"GB","date":"03\/07\/2015","format":false,"excerpt":"La canasta de productos del programa incorporar\u00e1 en la revisi\u00f3n trimestral de julio-septiembre cerca de 34 productos. Ser\u00e1n de 34 productos de alimentaci\u00f3n, perfumer\u00eda y limpieza, e incluir\u00e1 una serie de nuevos productos libres de gluten, especiales para cel\u00edacos, seg\u00fan detallaron fuentes supermercadistas. Las tratativas son llevadas a cabo entre\u2026","rel":"","context":"En \u00abEconom\u00eda\u00bb","block_context":{"text":"Econom\u00eda","link":"https:\/\/www.24baires.com\/?cat=45"},"img":{"alt_text":"precios acordados g\u00f3ndola super","src":"https:\/\/i0.wp.com\/www.24baires.com\/wp-content\/uploads\/2015\/02\/precios-acordados-g%C3%B3ndola-super.jpg?resize=350%2C200","width":350,"height":200,"srcset":"https:\/\/i0.wp.com\/www.24baires.com\/wp-content\/uploads\/2015\/02\/precios-acordados-g%C3%B3ndola-super.jpg?resize=350%2C200 1x, https:\/\/i0.wp.com\/www.24baires.com\/wp-content\/uploads\/2015\/02\/precios-acordados-g%C3%B3ndola-super.jpg?resize=525%2C300 1.5x"},"classes":[]},{"id":116415,"url":"https:\/\/www.24baires.com\/?p=116415","url_meta":{"origin":117576,"position":1},"title":"Fijan nuevos precios m\u00e1ximos con aumentos hasta 6%","author":"GB","date":"07\/10\/2020","format":false,"excerpt":"La Secretar\u00eda de Comercio Interior fij\u00f3 nuevos precios m\u00e1ximos para 18 categor\u00edas de productos, con un aumento de entre 2% y 6%, a trav\u00e9s de la Disposici\u00f3n 14\/20920 de la Subsecretar\u00eda de Acciones para la Defensa de las y los Consumidores, publicada hoy en el Bolet\u00edn Oficial. La norma determin\u00f3\u2026","rel":"","context":"En \u00abEconom\u00eda\u00bb","block_context":{"text":"Econom\u00eda","link":"https:\/\/www.24baires.com\/?cat=45"},"img":{"alt_text":"","src":"https:\/\/i0.wp.com\/www.24baires.com\/wp-content\/uploads\/2020\/04\/supermercado.jpg?resize=350%2C200","width":350,"height":200,"srcset":"https:\/\/i0.wp.com\/www.24baires.com\/wp-content\/uploads\/2020\/04\/supermercado.jpg?resize=350%2C200 1x, https:\/\/i0.wp.com\/www.24baires.com\/wp-content\/uploads\/2020\/04\/supermercado.jpg?resize=525%2C300 1.5x"},"classes":[]},{"id":115053,"url":"https:\/\/www.24baires.com\/?p=115053","url_meta":{"origin":117576,"position":2},"title":"Extienden el esquema del plan Precios M\u00e1ximos","author":"GB","date":"18\/05\/2020","format":false,"excerpt":"La administraci\u00f3n nacional, confirm\u00f3 que los supermercados y almacenes deber\u00e1n mantener los importes que ofrec\u00edan por otro mes m\u00e1s. El Gobierno nacional extendi\u00f3 hasta el 30 de junio la pol\u00edtica de precios m\u00e1ximos e intim\u00f3 a las empresas a reforzar la producci\u00f3n para evitar situaciones de desabastecimiento, en medio de\u2026","rel":"","context":"En \u00abPol\u00edtica\u00bb","block_context":{"text":"Pol\u00edtica","link":"https:\/\/www.24baires.com\/?cat=51"},"img":{"alt_text":"","src":"https:\/\/i0.wp.com\/www.24baires.com\/wp-content\/uploads\/2020\/05\/supermercado.jpg?resize=350%2C200","width":350,"height":200,"srcset":"https:\/\/i0.wp.com\/www.24baires.com\/wp-content\/uploads\/2020\/05\/supermercado.jpg?resize=350%2C200 1x, https:\/\/i0.wp.com\/www.24baires.com\/wp-content\/uploads\/2020\/05\/supermercado.jpg?resize=525%2C300 1.5x"},"classes":[]},{"id":117819,"url":"https:\/\/www.24baires.com\/?p=117819","url_meta":{"origin":117576,"position":3},"title":"Se renueva el programa Precios Cuidados","author":"GB","date":"07\/07\/2021","format":false,"excerpt":"Tendr\u00e1 actualizaciones en los precios de los productos de entre un 4 y un 8%, seg\u00fan datos extraoficiales. Este mi\u00e9rcoles se renueva el programa Precios Cuidados, con actualizaciones en los precios de los productos incluidos que ser\u00e1n del orden de un d\u00edgito y se mantendr\u00e1n por un per\u00edodo de tres\u2026","rel":"","context":"En \u00abEconom\u00eda\u00bb","block_context":{"text":"Econom\u00eda","link":"https:\/\/www.24baires.com\/?cat=45"},"img":{"alt_text":"","src":"https:\/\/i0.wp.com\/www.24baires.com\/wp-content\/uploads\/2020\/04\/supermercado.jpg?resize=350%2C200","width":350,"height":200,"srcset":"https:\/\/i0.wp.com\/www.24baires.com\/wp-content\/uploads\/2020\/04\/supermercado.jpg?resize=350%2C200 1x, https:\/\/i0.wp.com\/www.24baires.com\/wp-content\/uploads\/2020\/04\/supermercado.jpg?resize=525%2C300 1.5x"},"classes":[]},{"id":94348,"url":"https:\/\/www.24baires.com\/?p=94348","url_meta":{"origin":117576,"position":4},"title":"Con una leve suba, extendieron hasta septiembre el programa \u00abPrecios Cuidados\u00bb","author":"AF","date":"08\/05\/2017","format":false,"excerpt":"La Secretar\u00eda de Comercio extendi\u00f3 a partir de este lunes y hasta el 6 de septiembre pr\u00f3ximo el programa Precios Cuidados, que incluir\u00e1 455 productos de la canasta b\u00e1sica, de los cuales 81 son nuevos, con un incremento promedio en los precios del 2,5%. \"El 40% de los 81 proveedores\u2026","rel":"","context":"En \u00abSociedad\u00bb","block_context":{"text":"Sociedad","link":"https:\/\/www.24baires.com\/?cat=1"},"img":{"alt_text":"","src":"https:\/\/i0.wp.com\/www.24baires.com\/wp-content\/uploads\/2015\/01\/precios-cuidados.jpg?resize=350%2C200","width":350,"height":200,"srcset":"https:\/\/i0.wp.com\/www.24baires.com\/wp-content\/uploads\/2015\/01\/precios-cuidados.jpg?resize=350%2C200 1x, https:\/\/i0.wp.com\/www.24baires.com\/wp-content\/uploads\/2015\/01\/precios-cuidados.jpg?resize=525%2C300 1.5x"},"classes":[]},{"id":115632,"url":"https:\/\/www.24baires.com\/?p=115632","url_meta":{"origin":117576,"position":5},"title":"El Gobierno actualiz\u00f3 Precios M\u00e1ximos y Cuidados con aumentos de hasta 5%","author":"GB","date":"15\/07\/2020","format":false,"excerpt":"La medida se implementa a trav\u00e9s de la Secretar\u00eda de Comercio Interior que conduce Paula Espa\u00f1ol. El Gobierno nacional habilit\u00f3 la actualizaci\u00f3n de precios para los productos incluidos tanto en los programas Precios M\u00e1ximos y Cuidados. De esta manera, autoriz\u00f3 aumentos de hasta 5% promedio ante el incremento de costos\u2026","rel":"","context":"En \u00abEconom\u00eda\u00bb","block_context":{"text":"Econom\u00eda","link":"https:\/\/www.24baires.com\/?cat=45"},"img":{"alt_text":"","src":"https:\/\/i0.wp.com\/www.24baires.com\/wp-content\/uploads\/2018\/08\/supermercado.jpg?resize=350%2C200","width":350,"height":200,"srcset":"https:\/\/i0.wp.com\/www.24baires.com\/wp-content\/uploads\/2018\/08\/supermercado.jpg?resize=350%2C200 1x, https:\/\/i0.wp.com\/www.24baires.com\/wp-content\/uploads\/2018\/08\/supermercado.jpg?resize=525%2C300 1.5x"},"classes":[]}],"jetpack_sharing_enabled":true,"jetpack_likes_enabled":true,"_links":{"self":[{"href":"https:\/\/www.24baires.com\/index.php?rest_route=\/wp\/v2\/posts\/117576","targetHints":{"allow":["GET"]}}],"collection":[{"href":"https:\/\/www.24baires.com\/index.php?rest_route=\/wp\/v2\/posts"}],"about":[{"href":"https:\/\/www.24baires.com\/index.php?rest_route=\/wp\/v2\/types\/post"}],"author":[{"embeddable":true,"href":"https:\/\/www.24baires.com\/index.php?rest_route=\/wp\/v2\/users\/4"}],"replies":[{"embeddable":true,"href":"https:\/\/www.24baires.com\/index.php?rest_route=%2Fwp%2Fv2%2Fcomments&post=117576"}],"version-history":[{"count":1,"href":"https:\/\/www.24baires.com\/index.php?rest_route=\/wp\/v2\/posts\/117576\/revisions"}],"predecessor-version":[{"id":117577,"href":"https:\/\/www.24baires.com\/index.php?rest_route=\/wp\/v2\/posts\/117576\/revisions\/117577"}],"wp:attachment":[{"href":"https:\/\/www.24baires.com\/index.php?rest_route=%2Fwp%2Fv2%2Fmedia&parent=117576"}],"wp:term":[{"taxonomy":"category","embeddable":true,"href":"https:\/\/www.24baires.com\/index.php?rest_route=%2Fwp%2Fv2%2Fcategories&post=117576"},{"taxonomy":"post_tag","embeddable":true,"href":"https:\/\/www.24baires.com\/index.php?rest_route=%2Fwp%2Fv2%2Ftags&post=117576"}],"curies":[{"name":"wp","href":"https:\/\/api.w.org\/{rel}","templated":true}]}}