{"id":117499,"date":"2021-04-29T12:20:45","date_gmt":"2021-04-29T15:20:45","guid":{"rendered":"http:\/\/www.24baires.com\/?p=117499"},"modified":"2021-04-29T12:20:45","modified_gmt":"2021-04-29T15:20:45","slug":"kicillof-confirmo-que-ya-fueron-vacunados-2-728-799-de-bonaerenses","status":"publish","type":"post","link":"https:\/\/www.24baires.com\/?p=117499","title":{"rendered":"Kicillof confirm\u00f3 que ya fueron vacunados 2.728.799 de bonaerenses"},"content":{"rendered":"<p><img data-recalc-dims=\"1\" loading=\"lazy\" decoding=\"async\" src=\"https:\/\/i0.wp.com\/www.24baires.com\/wp-content\/uploads\/2021\/02\/kici-vacuna.jpeg?resize=560%2C315\" alt=\"\" width=\"560\" height=\"315\" class=\"aligncenter size-full wp-image-117224\" srcset=\"https:\/\/i0.wp.com\/www.24baires.com\/wp-content\/uploads\/2021\/02\/kici-vacuna.jpeg?w=560&amp;ssl=1 560w, https:\/\/i0.wp.com\/www.24baires.com\/wp-content\/uploads\/2021\/02\/kici-vacuna.jpeg?resize=300%2C169&amp;ssl=1 300w\" sizes=\"auto, (max-width: 560px) 100vw, 560px\" \/>El gobernador bonaerense agradeci\u00f3 a la poblaci\u00f3n \u00abque sigue poniendo el hombro\u00bb.<!--more--><\/p>\n<p>El gobernador bonaerense, Axel Kicillof, afirm\u00f3 este jueves que la provincia de Buenos Aires est\u00e1 \u00abcada vez m\u00e1s cerca\u00bb de alcanzar el primer hito en el plan de vacunaci\u00f3n contra el coronavirus.<\/p>\n<p>\u00abEstamos cada vez m\u00e1s cerca de alcanzar el primer hito en el plan #BuenosAiresVacunate\u00bb, poste\u00f3 el mandatario en redes sociales y agradeci\u00f3 al \u00abpueblo bonaerense que sigue poniendo el hombro\u00bb.<\/p>\n<p>Luego, comparti\u00f3 un informe de la cantidad de vacunados hasta el momento, en el que detall\u00f3 que 2.728.799 personas ya fueron inmunizadas contra la Covid-19 en el territorio bonaerense.<\/p>\n<p>As\u00ed, inform\u00f3 que fueron vacunadas 380.459 personas del sector salud (el 94,78% de los inscriptos); 1.127.455 mayores de 70 a\u00f1os (el 86,73% de los anotados); y a 434.234 personas de entre 60 y 69 a\u00f1os con comorbilidades (el 86,53% de quienes manifestaron su deseo de recibir las dosis).<\/p>\n","protected":false},"excerpt":{"rendered":"<p>El gobernador bonaerense agradeci\u00f3 a la poblaci\u00f3n \u00abque sigue poniendo el hombro\u00bb.<\/p>\n","protected":false},"author":4,"featured_media":0,"comment_status":"open","ping_status":"open","sticky":false,"template":"","format":"standard","meta":{"_jetpack_newsletter_access":"","_jetpack_dont_email_post_to_subs":false,"_jetpack_newsletter_tier_id":0,"_jetpack_memberships_contains_paywalled_content":false,"_jetpack_memberships_contains_paid_content":false,"footnotes":""},"categories":[40],"tags":[],"class_list":["post-117499","post","type-post","status-publish","format-standard","hentry","category-provincia"],"jetpack_shortlink":"https:\/\/wp.me\/p2JWE0-uz9","jetpack-related-posts":[{"id":117847,"url":"https:\/\/www.24baires.com\/?p=117847","url_meta":{"origin":117499,"position":0},"title":"Provincia libera la vacunaci\u00f3n para mayores de 35 a\u00f1os","author":"GB","date":"13\/07\/2021","format":false,"excerpt":"El gobernador de la provincia de Buenos Aires, Axel Kicillof anunci\u00f3 que desde ma\u00f1ana habr\u00e1 vacunaci\u00f3n libre para mayores de 35 a\u00f1os. El gobernador de Buenos Aires, Axel Kicillof, anunci\u00f3 que a partir de ma\u00f1ana mi\u00e9rcoles se extiende la vacunaci\u00f3n libre contra el coronavirus a todos los mayores de 35\u2026","rel":"","context":"En \u00abProvincia\u00bb","block_context":{"text":"Provincia","link":"https:\/\/www.24baires.com\/?cat=40"},"img":{"alt_text":"","src":"https:\/\/i0.wp.com\/www.24baires.com\/wp-content\/uploads\/2021\/06\/vacuna-cansino-300x225.jpg?resize=350%2C200","width":350,"height":200},"classes":[]},{"id":117692,"url":"https:\/\/www.24baires.com\/?p=117692","url_meta":{"origin":117499,"position":1},"title":"Provincia firm\u00f3 un acuerdo para acceder a vacunas Covaxin y las ceder\u00e1 a Naci\u00f3n","author":"AF","date":"04\/06\/2021","format":false,"excerpt":"El gobernador Kicillof anunci\u00f3 la compra de 10 millones de dosis al laboratorio indio Bharat Biotech, con la posibilidad de acceder a cinco millones m\u00e1s. El gobierno de la provincia de Buenos Aires anunci\u00f3 que firm\u00f3 un acuerdo para acceder a vacunas Covaxin, del laboratorio indio Bharat Biotech, seg\u00fan inform\u00f3\u2026","rel":"","context":"En \u00abProvincia\u00bb","block_context":{"text":"Provincia","link":"https:\/\/www.24baires.com\/?cat=40"},"img":{"alt_text":"","src":"https:\/\/i0.wp.com\/www.24baires.com\/wp-content\/uploads\/2021\/06\/60ba539964058_1004x565.jpg?resize=350%2C200","width":350,"height":200,"srcset":"https:\/\/i0.wp.com\/www.24baires.com\/wp-content\/uploads\/2021\/06\/60ba539964058_1004x565.jpg?resize=350%2C200 1x, https:\/\/i0.wp.com\/www.24baires.com\/wp-content\/uploads\/2021\/06\/60ba539964058_1004x565.jpg?resize=525%2C300 1.5x"},"classes":[]},{"id":117594,"url":"https:\/\/www.24baires.com\/?p=117594","url_meta":{"origin":117499,"position":2},"title":"El Senado aprob\u00f3 el pedido de Provincia para empezar a negociar por vacunas","author":"GB","date":"19\/05\/2021","format":false,"excerpt":"Tras la sesi\u00f3n del d\u00eda de la fecha, la solicitud del Gobernador obtuvo la aprobaci\u00f3n de la c\u00e1mara alta y se convirti\u00f3 en ley. El Senado de la provincia de Buenos Aires aprob\u00f3 por unanimidad esta tarde la solicitud del gobernador Axel Kicillof para que el ejecutivo bonaerense est\u00e9 facultado\u2026","rel":"","context":"En \u00abProvincia\u00bb","block_context":{"text":"Provincia","link":"https:\/\/www.24baires.com\/?cat=40"},"img":{"alt_text":"","src":"https:\/\/i0.wp.com\/www.24baires.com\/wp-content\/uploads\/2021\/05\/la-vacuna-sinopharm-podria-producirse-argentina-300x225.jpg?resize=350%2C200","width":350,"height":200},"classes":[]},{"id":117223,"url":"https:\/\/www.24baires.com\/?p=117223","url_meta":{"origin":117499,"position":3},"title":"Desde Necochea, Kicillof dar\u00e1 detalles del plan de vacunaci\u00f3n","author":"GB","date":"23\/02\/2021","format":false,"excerpt":"El gobernador de la provincia de Buenos Aires, Axel Kicillof, brindar\u00e1 hoy en Necochea una conferencia de prensa sobre la situaci\u00f3n epidemiol\u00f3gica y la campa\u00f1a de vacunaci\u00f3n contra el coronavirus en territorio bonaerense, se inform\u00f3 oficialmente. El mandatario hablar\u00e1 a partir de las 12.30 en el balneario Sahara, ubicado sobre\u2026","rel":"","context":"En \u00abProvincia\u00bb","block_context":{"text":"Provincia","link":"https:\/\/www.24baires.com\/?cat=40"},"img":{"alt_text":"","src":"https:\/\/i0.wp.com\/www.24baires.com\/wp-content\/uploads\/2021\/02\/kici-vacuna.jpeg?resize=350%2C200","width":350,"height":200,"srcset":"https:\/\/i0.wp.com\/www.24baires.com\/wp-content\/uploads\/2021\/02\/kici-vacuna.jpeg?resize=350%2C200 1x, https:\/\/i0.wp.com\/www.24baires.com\/wp-content\/uploads\/2021\/02\/kici-vacuna.jpeg?resize=525%2C300 1.5x"},"classes":[]},{"id":117952,"url":"https:\/\/www.24baires.com\/?p=117952","url_meta":{"origin":117499,"position":4},"title":"Intensifican la b\u00fasqueda activa de no vacunados y liberan la aplicaci\u00f3n para adultos","author":"AF","date":"05\/08\/2021","format":false,"excerpt":"Los gobiernos provinciales ampliaron la b\u00fasqueda activa de personas a\u00fan no vacunadas contra el Covid-19, incluso con operativos de inoculaci\u00f3n casa por casa, y liberaron la inmunizaci\u00f3n para mayores de 18 a\u00f1os para lograr \"una vacunaci\u00f3n accesible, equitativa y r\u00e1pida\". La campa\u00f1a de vacunaci\u00f3n se intensific\u00f3 esta semana con los\u2026","rel":"","context":"En \u00abSociedad\u00bb","block_context":{"text":"Sociedad","link":"https:\/\/www.24baires.com\/?cat=1"},"img":{"alt_text":"","src":"https:\/\/i0.wp.com\/www.24baires.com\/wp-content\/uploads\/2021\/06\/vacunaci%C3%B3n.jpg?resize=350%2C200","width":350,"height":200,"srcset":"https:\/\/i0.wp.com\/www.24baires.com\/wp-content\/uploads\/2021\/06\/vacunaci%C3%B3n.jpg?resize=350%2C200 1x, https:\/\/i0.wp.com\/www.24baires.com\/wp-content\/uploads\/2021\/06\/vacunaci%C3%B3n.jpg?resize=525%2C300 1.5x"},"classes":[]},{"id":117045,"url":"https:\/\/www.24baires.com\/?p=117045","url_meta":{"origin":117499,"position":5},"title":"Ya se aplica la segunda dosis de la vacuna contra el covid-19 en la Provincia","author":"GB","date":"20\/01\/2021","format":false,"excerpt":"El Gobierno bonaerense inicia la aplicaci\u00f3n de la segunda dosis a trabajadores de la salud en el marco de la campa\u00f1a de vacunaci\u00f3n. El Gobierno bonaerense comienza este mi\u00e9rcoles 20 de enero con el inicio de la aplicaci\u00f3n de la segunda dosis de la vacuna Sputnik V a los trabajadores\u2026","rel":"","context":"En \u00abProvincia\u00bb","block_context":{"text":"Provincia","link":"https:\/\/www.24baires.com\/?cat=40"},"img":{"alt_text":"","src":"https:\/\/i0.wp.com\/www.24baires.com\/wp-content\/uploads\/2021\/01\/vacuna.jpeg?resize=350%2C200","width":350,"height":200,"srcset":"https:\/\/i0.wp.com\/www.24baires.com\/wp-content\/uploads\/2021\/01\/vacuna.jpeg?resize=350%2C200 1x, https:\/\/i0.wp.com\/www.24baires.com\/wp-content\/uploads\/2021\/01\/vacuna.jpeg?resize=525%2C300 1.5x"},"classes":[]}],"jetpack_sharing_enabled":true,"jetpack_likes_enabled":true,"jetpack_featured_media_url":"","_links":{"self":[{"href":"https:\/\/www.24baires.com\/index.php?rest_route=\/wp\/v2\/posts\/117499","targetHints":{"allow":["GET"]}}],"collection":[{"href":"https:\/\/www.24baires.com\/index.php?rest_route=\/wp\/v2\/posts"}],"about":[{"href":"https:\/\/www.24baires.com\/index.php?rest_route=\/wp\/v2\/types\/post"}],"author":[{"embeddable":true,"href":"https:\/\/www.24baires.com\/index.php?rest_route=\/wp\/v2\/users\/4"}],"replies":[{"embeddable":true,"href":"https:\/\/www.24baires.com\/index.php?rest_route=%2Fwp%2Fv2%2Fcomments&post=117499"}],"version-history":[{"count":1,"href":"https:\/\/www.24baires.com\/index.php?rest_route=\/wp\/v2\/posts\/117499\/revisions"}],"predecessor-version":[{"id":117500,"href":"https:\/\/www.24baires.com\/index.php?rest_route=\/wp\/v2\/posts\/117499\/revisions\/117500"}],"wp:attachment":[{"href":"https:\/\/www.24baires.com\/index.php?rest_route=%2Fwp%2Fv2%2Fmedia&parent=117499"}],"wp:term":[{"taxonomy":"category","embeddable":true,"href":"https:\/\/www.24baires.com\/index.php?rest_route=%2Fwp%2Fv2%2Fcategories&post=117499"},{"taxonomy":"post_tag","embeddable":true,"href":"https:\/\/www.24baires.com\/index.php?rest_route=%2Fwp%2Fv2%2Ftags&post=117499"}],"curies":[{"name":"wp","href":"https:\/\/api.w.org\/{rel}","templated":true}]}}