{"id":117490,"date":"2021-04-27T11:17:33","date_gmt":"2021-04-27T14:17:33","guid":{"rendered":"http:\/\/www.24baires.com\/?p=117490"},"modified":"2021-04-27T11:18:13","modified_gmt":"2021-04-27T14:18:13","slug":"advierten-que-6-de-cada-10-pacientes-con-covid-que-entran-a-terapia-intensiva-mueren","status":"publish","type":"post","link":"https:\/\/www.24baires.com\/?p=117490","title":{"rendered":"Advierten que 6 de cada 10 pacientes con covid que entran a terapia intensiva mueren"},"content":{"rendered":"<p><img data-recalc-dims=\"1\" loading=\"lazy\" decoding=\"async\" src=\"https:\/\/i0.wp.com\/www.24baires.com\/wp-content\/uploads\/2020\/06\/bianco-1.jpg?resize=560%2C313\" alt=\"\" width=\"560\" height=\"313\" class=\"aligncenter size-full wp-image-115455\" srcset=\"https:\/\/i0.wp.com\/www.24baires.com\/wp-content\/uploads\/2020\/06\/bianco-1.jpg?w=560&amp;ssl=1 560w, https:\/\/i0.wp.com\/www.24baires.com\/wp-content\/uploads\/2020\/06\/bianco-1.jpg?resize=300%2C168&amp;ssl=1 300w\" sizes=\"auto, (max-width: 560px) 100vw, 560px\" \/>El jefe de Gabinete bonaerense, Carlos Bianco, asegur\u00f3 que la tasa de letalidad es muy alta \u00aba\u00fan con atenci\u00f3n m\u00e9dica\u00bb.<br \/>\n<!--more--><\/p>\n<p>El jefe de Gabinete el gobierno de la provincia de Buenos Aires, Carlos Bianco, llam\u00f3 una vez m\u00e1s este martes a las autoridades porte\u00f1as a consensuar medidas para minimizar la circulaci\u00f3n y as\u00ed bajar el ritmo de contagios de la segunda ola de coronavirus Covid-19 y alert\u00f3 sobre el alto nivel de letalidad que tiene la enfermedad entre los pacientes que son ingresados en las Unidades de Terapia Intensiva.<\/p>\n<p>\u00abTenemos que tomar el mismo tipo de medidas a ambos lado de la General Paz para reducir la circulaci\u00f3n\u00bb advirti\u00f3 Bianco en conferencia de prensa y se\u00f1al\u00f3 que \u00abes alt\u00edsima la mortalidad, en las terapias intensivas de cada 10 pacientes con Covid, 6 mueren, y si tienen m\u00e1s de 60 a\u00f1os, mueren 7 de cada 10\u00bb.<\/p>\n<p>covidiota, la palabra que aprobo la rae para describir negacionistas<br \/>\nInformate m\u00e1s<br \/>\n\u00abCovidiota\u00bb, la palabra que aprob\u00f3 la RAE para describir negacionistas<\/p>\n<p>En ese sentido Bianco se\u00f1al\u00f3 que \u00abno alcanza para evitar las muertes el tener m\u00e1s camas, tener m\u00e1s camas morigera un poco la mortalidad, pero lo que hay que lograr es que la gente no llegue a las terapias porque cuando llegan en un 60% de los pacientes ya es tarde\u00bb.<\/p>\n<p>\u00abPor eso -insisti\u00f3- el objetivo \u00fanico y principal no es evitar la saturaci\u00f3n del sistema sanitario, el objetivo es que haya cada vez menos contagios\u00bb y por eso volvi\u00f3 a llamar al gobierno de Horacio Rodr\u00edguez Larreta a consensuar medidas que permitan reducir la circulaci\u00f3n en todo el \u00c1rea Metropolitana de Buenos Aires (AMBA).<\/p>\n<p>Carlos Bianco<br \/>\nCarlos Bianco<\/p>\n<p>Bianco asegur\u00f3 que por el momento ese objetivo no se ha logrado. \u00abConseguimos estabilizar los contagios pero no reducirlos, as\u00ed que no podemos cantar victoria porque no se satur\u00f3 el sistema de salud\u00bb, se\u00f1al\u00f3.<\/p>\n<p>El ministro coordinador del gobierno que encabeza Axel Kicillof destac\u00f3 que las medidas dispuestas por el gobierno nacional \u00abest\u00e1n dando resultado pero no hay nada para festejar todav\u00eda\u00bb porque aunque el nivel de contagios se estabiliz\u00f3 sigue siendo alto.<\/p>\n<p>\u00abSi segu\u00edamos con un ritmo de crecimiento de los contagios del 67% entre una semana y la otra como ven\u00edamos en dos semanas esto hubiera sido una cat\u00e1strofe\u00bb, advirti\u00f3.<\/p>\n<p>Detall\u00f3 adem\u00e1s que en los municipios bonaerenses que forman parte del AMBA el nivel de ocupaci\u00f3n de las camas lleg\u00f3 al 76% mientras en la ciudad de Buenos Aires ya lleg\u00f3 al 82%. \u00abEsto lo explicamos para justificar una vez m\u00e1s la necesidad de coordinar medidas que tenemos entre Provincia y Ciudad\u00bb, explic\u00f3 Bianco<\/p>\n","protected":false},"excerpt":{"rendered":"<p>El jefe de Gabinete bonaerense, Carlos Bianco, asegur\u00f3 que la tasa de letalidad es muy alta \u00aba\u00fan con atenci\u00f3n m\u00e9dica\u00bb.<\/p>\n","protected":false},"author":8,"featured_media":0,"comment_status":"open","ping_status":"open","sticky":false,"template":"","format":"standard","meta":{"_jetpack_newsletter_access":"","_jetpack_dont_email_post_to_subs":false,"_jetpack_newsletter_tier_id":0,"_jetpack_memberships_contains_paywalled_content":false,"_jetpack_memberships_contains_paid_content":false,"footnotes":""},"categories":[40],"tags":[],"class_list":["post-117490","post","type-post","status-publish","format-standard","hentry","category-provincia"],"jetpack_shortlink":"https:\/\/wp.me\/p2JWE0-uz0","jetpack-related-posts":[{"id":114493,"url":"https:\/\/www.24baires.com\/?p=114493","url_meta":{"origin":117490,"position":0},"title":"Kicillof visit\u00f3 el centro log\u00edstico provincial","author":"AF","date":"24\/03\/2020","format":false,"excerpt":"El Gobernador resalt\u00f3 que su gobierno adquiri\u00f3 \"insumos que hacen a la seguridad sanitaria\". El gobernador de la provincia de Buenos Aires, Axel Kicillof, recorri\u00f3 el centro log\u00edstico acondicionado en el centro de rehabilitaci\u00f3n del hospital provincial El Dique de Ensenada, donde esta semana se recibieron insumos y equipamiento hospitalario\u2026","rel":"","context":"En \u00abProvincia\u00bb","block_context":{"text":"Provincia","link":"https:\/\/www.24baires.com\/?cat=40"},"img":{"alt_text":"","src":"https:\/\/i0.wp.com\/www.24baires.com\/wp-content\/uploads\/2020\/03\/kicillof-codito.jpg?resize=350%2C200","width":350,"height":200,"srcset":"https:\/\/i0.wp.com\/www.24baires.com\/wp-content\/uploads\/2020\/03\/kicillof-codito.jpg?resize=350%2C200 1x, https:\/\/i0.wp.com\/www.24baires.com\/wp-content\/uploads\/2020\/03\/kicillof-codito.jpg?resize=525%2C300 1.5x"},"classes":[]},{"id":115454,"url":"https:\/\/www.24baires.com\/?p=115454","url_meta":{"origin":117490,"position":1},"title":"Bianco asegur\u00f3 que \u00abno est\u00e1 previsto mandar pacientes del conurbano al interior\u00bb","author":"GB","date":"25\/06\/2020","format":false,"excerpt":"El Intendente de Bah\u00eda Blanca, H\u00e9ctor Gay, habl\u00f3 de esa posibilidad la semana pasada y varios de sus pares salieron a advertir que no estaban dispuestos a aceptar esa medida, que nunca fue anunciada por el gobierno. El jefe de Gabinete, Carlos Bianco, le puso pa\u00f1os fr\u00edos a la pol\u00e9mica\u2026","rel":"","context":"En \u00abProvincia\u00bb","block_context":{"text":"Provincia","link":"https:\/\/www.24baires.com\/?cat=40"},"img":{"alt_text":"","src":"https:\/\/i0.wp.com\/www.24baires.com\/wp-content\/uploads\/2020\/06\/bianco-1.jpg?resize=350%2C200","width":350,"height":200,"srcset":"https:\/\/i0.wp.com\/www.24baires.com\/wp-content\/uploads\/2020\/06\/bianco-1.jpg?resize=350%2C200 1x, https:\/\/i0.wp.com\/www.24baires.com\/wp-content\/uploads\/2020\/06\/bianco-1.jpg?resize=525%2C300 1.5x"},"classes":[]},{"id":117579,"url":"https:\/\/www.24baires.com\/?p=117579","url_meta":{"origin":117490,"position":2},"title":"Los contagios subieron 27,4% en el interior de la provincia","author":"GB","date":"17\/05\/2021","format":false,"excerpt":"Mientras que en el AMBA los casos cayeron un 2,7%, en el interior bonaerense se registr\u00f3 un promedio de 497 casos diarios m\u00e1s que en la semana anterior. Los contagios en el interior de la provincia de Buenos Aires subieron un 27,4% en la \u00faltima semana, seg\u00fan indic\u00f3 el jefe\u2026","rel":"","context":"En \u00abProvincia\u00bb","block_context":{"text":"Provincia","link":"https:\/\/www.24baires.com\/?cat=40"},"img":{"alt_text":"","src":"https:\/\/i0.wp.com\/www.24baires.com\/wp-content\/uploads\/2020\/12\/20201223191437_kwoqfrbxqnhujlhe2zfzfvclei-300x168.jpg?resize=350%2C200","width":350,"height":200},"classes":[]},{"id":114684,"url":"https:\/\/www.24baires.com\/?p=114684","url_meta":{"origin":117490,"position":3},"title":"Provincia eval\u00faa \u00abalgunas modificaciones\u00bb para la cuarentena en los 58 municipios sin coronavirus","author":"AF","date":"13\/04\/2020","format":false,"excerpt":"As\u00ed lo inform\u00f3 el Jefe de Gabinete, Carlos Bianco. \"La idea no es flexibilizar la cuarentena sino mantener un aislamiento s\u00f3lido\", asegur\u00f3. El jefe de los ministros de Axel Kicillof, Carlos Bianco, adelant\u00f3 podr\u00edan haber cambios en la cuarentena en determinados distritos de la provincia de Buenos Aires, particularmente en\u2026","rel":"","context":"En \u00abProvincia\u00bb","block_context":{"text":"Provincia","link":"https:\/\/www.24baires.com\/?cat=40"},"img":{"alt_text":"","src":"https:\/\/i0.wp.com\/www.24baires.com\/wp-content\/uploads\/2020\/04\/bianco-kicillof.jpg?resize=350%2C200","width":350,"height":200,"srcset":"https:\/\/i0.wp.com\/www.24baires.com\/wp-content\/uploads\/2020\/04\/bianco-kicillof.jpg?resize=350%2C200 1x, https:\/\/i0.wp.com\/www.24baires.com\/wp-content\/uploads\/2020\/04\/bianco-kicillof.jpg?resize=525%2C300 1.5x"},"classes":[]},{"id":116710,"url":"https:\/\/www.24baires.com\/?p=116710","url_meta":{"origin":117490,"position":4},"title":"Confirman que \u00abse detuvo\u00bb el descenso de casos de covid en Argentina","author":"AF","date":"16\/11\/2020","format":false,"excerpt":"Carla Vizzotti inform\u00f3 este lunes que se registr\u00f3 \"una estabilizaci\u00f3n en los casos activos\" de coronavirus en Argentina cuando el Gobierno busca reducirlos. La secretaria de Acci\u00f3n para la Salud de la Naci\u00f3n, Carla Vizzotti, inform\u00f3 este lunes que \"se ha detenido\" el descenso en la cantidad de casos diarios\u2026","rel":"","context":"En \u00abSociedad\u00bb","block_context":{"text":"Sociedad","link":"https:\/\/www.24baires.com\/?cat=1"},"img":{"alt_text":"","src":"https:\/\/i0.wp.com\/www.24baires.com\/wp-content\/uploads\/2020\/11\/vizzotti.jpg?resize=350%2C200","width":350,"height":200,"srcset":"https:\/\/i0.wp.com\/www.24baires.com\/wp-content\/uploads\/2020\/11\/vizzotti.jpg?resize=350%2C200 1x, https:\/\/i0.wp.com\/www.24baires.com\/wp-content\/uploads\/2020\/11\/vizzotti.jpg?resize=525%2C300 1.5x"},"classes":[]},{"id":115380,"url":"https:\/\/www.24baires.com\/?p=115380","url_meta":{"origin":117490,"position":5},"title":"Advierten que \u201cen el AMBA las camas de terapia intensiva ya est\u00e1n en un 60% de ocupaci\u00f3n\u201d","author":"GB","date":"18\/06\/2020","format":false,"excerpt":"Frente al pico de coronavirus, el viceministro de Salud de la provincia de Buenos Aires, Nicol\u00e1s Kreplak, alert\u00f3 sobre la realidad del sistema sanitario. El viceministro de Salud de la provincia de Buenos Aires, Nicol\u00e1s Kreplak, advirti\u00f3 este jueves que en el \u00e1rea metropolitana (AMBA) un 60% de las camas\u2026","rel":"","context":"En \u00abProvincia\u00bb","block_context":{"text":"Provincia","link":"https:\/\/www.24baires.com\/?cat=40"},"img":{"alt_text":"","src":"https:\/\/i0.wp.com\/www.24baires.com\/wp-content\/uploads\/2020\/06\/terapia.jpg?resize=350%2C200","width":350,"height":200,"srcset":"https:\/\/i0.wp.com\/www.24baires.com\/wp-content\/uploads\/2020\/06\/terapia.jpg?resize=350%2C200 1x, https:\/\/i0.wp.com\/www.24baires.com\/wp-content\/uploads\/2020\/06\/terapia.jpg?resize=525%2C300 1.5x"},"classes":[]}],"jetpack_sharing_enabled":true,"jetpack_likes_enabled":true,"jetpack_featured_media_url":"","_links":{"self":[{"href":"https:\/\/www.24baires.com\/index.php?rest_route=\/wp\/v2\/posts\/117490","targetHints":{"allow":["GET"]}}],"collection":[{"href":"https:\/\/www.24baires.com\/index.php?rest_route=\/wp\/v2\/posts"}],"about":[{"href":"https:\/\/www.24baires.com\/index.php?rest_route=\/wp\/v2\/types\/post"}],"author":[{"embeddable":true,"href":"https:\/\/www.24baires.com\/index.php?rest_route=\/wp\/v2\/users\/8"}],"replies":[{"embeddable":true,"href":"https:\/\/www.24baires.com\/index.php?rest_route=%2Fwp%2Fv2%2Fcomments&post=117490"}],"version-history":[{"count":1,"href":"https:\/\/www.24baires.com\/index.php?rest_route=\/wp\/v2\/posts\/117490\/revisions"}],"predecessor-version":[{"id":117491,"href":"https:\/\/www.24baires.com\/index.php?rest_route=\/wp\/v2\/posts\/117490\/revisions\/117491"}],"wp:attachment":[{"href":"https:\/\/www.24baires.com\/index.php?rest_route=%2Fwp%2Fv2%2Fmedia&parent=117490"}],"wp:term":[{"taxonomy":"category","embeddable":true,"href":"https:\/\/www.24baires.com\/index.php?rest_route=%2Fwp%2Fv2%2Fcategories&post=117490"},{"taxonomy":"post_tag","embeddable":true,"href":"https:\/\/www.24baires.com\/index.php?rest_route=%2Fwp%2Fv2%2Ftags&post=117490"}],"curies":[{"name":"wp","href":"https:\/\/api.w.org\/{rel}","templated":true}]}}