{"id":117487,"date":"2021-04-26T18:40:38","date_gmt":"2021-04-26T21:40:38","guid":{"rendered":"http:\/\/www.24baires.com\/?p=117487"},"modified":"2021-04-26T18:40:38","modified_gmt":"2021-04-26T21:40:38","slug":"provincia-pide-un-cierre-muy-fuerte-en-el-amba","status":"publish","type":"post","link":"https:\/\/www.24baires.com\/?p=117487","title":{"rendered":"Provincia pide un cierre \u00abmuy fuerte\u00bb en el AMBA"},"content":{"rendered":"<p><img data-recalc-dims=\"1\" loading=\"lazy\" decoding=\"async\" src=\"https:\/\/i0.wp.com\/www.24baires.com\/wp-content\/uploads\/2020\/04\/adulto-barbijo.jpg?resize=560%2C315\" alt=\"\" width=\"560\" height=\"315\" class=\"aligncenter size-full wp-image-114766\" srcset=\"https:\/\/i0.wp.com\/www.24baires.com\/wp-content\/uploads\/2020\/04\/adulto-barbijo.jpg?w=560&amp;ssl=1 560w, https:\/\/i0.wp.com\/www.24baires.com\/wp-content\/uploads\/2020\/04\/adulto-barbijo.jpg?resize=300%2C169&amp;ssl=1 300w\" sizes=\"auto, (max-width: 560px) 100vw, 560px\" \/>Las autoridades de Salud bonaerenses advirtieron por la saturaci\u00f3n que genera la segunda ola de Covid-19 en el \u00c1rea Metropolitana.<!--more--><\/p>\n<p>El ministro de Salud de la provincia de Buenos Aires, Daniel Goll\u00e1n, plante\u00f3 este lunes la necesidad de aplicar un cierre \u00abmuy fuerte\u00bb durante 15 d\u00edas en el \u00c1rea Metropolitana de Buenos Aires (AMBA) para que el sistema m\u00e9dico pueda ocuparse de la dram\u00e1tica demanda de casos de internaci\u00f3n por la segunda ola de coronavirus Covid-19.<\/p>\n<p>\u00abEstamos en una situaci\u00f3n cr\u00edtica y necesitamos medidas dr\u00e1sticas, de 15 d\u00edas por lo menos, con un cierre muy fuerte de la circulaci\u00f3n de personas y, por lo tanto, del virus\u00bb, expres\u00f3 Daniel Goll\u00e1n en declaraciones televisivas, donde adelant\u00f3 que durante las pr\u00f3ximas horas se aguardan nuevas reuniones de consenso con los referentes sanitarios de la Ciudad Aut\u00f3noma de Buenos Aires para enfrentar la cr\u00edtica situaci\u00f3n que atraviesan los hospitales del AMBA.<\/p>\n<p>En ese sentido, el ministro de Salud de la Provincia avalu\u00f3 como \u00abesperanzador que anoche (su par de la Ciudad, Fern\u00e1n) Quir\u00f3s reconociera el grado de gravedad, y que se hab\u00edan equivocado en las proyecciones, porque eso nos va a permitir tomar medidas mucho m\u00e1s contundentes\u00bb.<\/p>\n<p>\u00abEl AMBA es una \u00fanica unidad sanitaria y epidemiol\u00f3gica y no podemos trabajar separados\u00bb, apunt\u00f3 Daniel Goll\u00e1n y explic\u00f3 que cuando se refiri\u00f3 a medidas dr\u00e1sticas \u00absignifica que hay que bajar la circulaci\u00f3n a un nivel que dejemos lo m\u00ednimo indispensable para desarrollar la vida cotidiana, como la primera etapa del a\u00f1o pasado\u00bb y no descart\u00f3 que la suspensi\u00f3n de actividades contemple al f\u00fatbol.<\/p>\n<p>Sin embargo, Daniel Goll\u00e1n advirti\u00f3 que la nueva cuarentena por la segunda ola de coronavirus presentar\u00eda diferencias con la que se implement\u00f3 en 2020 \u00abporque hay numerosos municipios que no integran el AMBA y que no est\u00e1n con semejante nivel de gravedad, lo que les permite incluso, continuar con la presencialidad en las escuelas\u00bb.<\/p>\n<p>Tambi\u00e9n record\u00f3 que en esta segunda ola se cuenta con la presencia de la vacuna contra el coronavirus, \u00ablo que permite avizorar un horizonte m\u00e1s tranquilo en la medida que las personas de riesgo que se est\u00e1 vacunando incrementen sus anticuerpos contra el virus\u00bb.<\/p>\n<p>\u00abEste a\u00f1o hay que focalizar de acuerdo a la realidad epidemiol\u00f3gica, no obstante, ayer nom\u00e1s fueron una docena los intendentes &#8211; y en esto no hay diferencia seg\u00fan colores pol\u00edticos-, que nos llaman para bajar de fase, porque les est\u00e1 pasando lo mismo que en el AMBA\u00bb, grafic\u00f3 el funcionario de la Provincia.<\/p>\n<p>Sucede que en la provincia de Buenos Aires las clases presenciales se suspendieron en 32 distritos del AMBA y en tres del interior: Castelli, Z\u00e1rate y Bol\u00edvar.<\/p>\n<p>En el resto, aunque contin\u00faa la presencialidad, algunos jefes comunales de la Provincia como el de Tandil dispuso mayores restricciones a la circulaci\u00f3n y estableci\u00f3 que los comercios s\u00f3lo pueden permanecer abiertos hasta las 18.<\/p>\n<p>Daniel Gollan advirti\u00f3 que en algunas regiones del AMBA \u00abhay un 85 por ciento de ocupaci\u00f3n\u00bb por la segunda ola de coronavirus y esta situaci\u00f3n implica tener hospitales que \u00abpor momentos llegan a estar al 110 por ciento de ocupaci\u00f3n porque, por ejemplo, quedan tres camas, llegan diez pacientes en un rato, ubic\u00e1s a tres en las camas libres mientras a los otros los sosten\u00e9s hasta que busc\u00e1s la derivaci\u00f3n, pero ahora, las derivaciones cada vez cuestan m\u00e1s\u00bb.<\/p>\n<p>Resalt\u00f3 que las nuevas variantes del coronavirus \u00abya generan un nuevo perfil de enfermos cr\u00edticos y estamos viendo pacientes j\u00f3venes graves, que antes tardaban unos d\u00edas en dar s\u00edntomas y luego se mejoraban\u00bb.<\/p>\n<p>\u00abAhora vemos pacientes j\u00f3venes, de 40, 42, 45 a\u00f1os que se mueren. En cosa de d\u00edas, en 3 o 4 d\u00edas, sobre todo aquellos que tiene alguna enfermedad preexistente, pero tambi\u00e9n algunos que no las tienen\u00bb, advirti\u00f3 sobre la peligrosidad de la segunda ola del coronavirus.<\/p>\n<p>\u00abCuando colapsa el sistema, el que tuvo un infarto, el que se accident\u00f3, el que tiene un abdomen agudo, el que tiene un ACV no encuentra lugar en el hospital y no te van a buscar a tu casa porque no hay m\u00e1s ambulancias\u00bb, apunt\u00f3.<\/p>\n<p>Por su parte, el viceministro de Salud de la Provincia, Nicol\u00e1s Kreplak, marc\u00f3 tambi\u00e9n este lunes la necesidad de \u00abreducir la cantidad de casos para que el sistema de salud logre atender a todos\u00bb, al tiempo que admiti\u00f3 que es un objetivo que hasta ahora es \u00abmuy dif\u00edcil de conseguir\u00bb.<\/p>\n<p>En di\u00e1logo con C5N, explic\u00f3 que hay \u00abuna gran cantidad de casos de coronavirus en todo el pa\u00eds\u00bb pero, \u00abespecialmente, en el \u00c1rea Metropolitana de Buenos Aires (AMBA)\u00bb, lo que consider\u00f3 \u00abuna situaci\u00f3n muy dif\u00edcil de sostener para el sistema de salud\u00bb.<\/p>\n<p>El funcionario de la Provincia se refiri\u00f3 en este marco al informe presentado por la Sociedad Argentina de Terapia Intensiva, en el que se evalu\u00f3 el nivel de ocupaci\u00f3n de camas en las cl\u00ednicas y sanatorios m\u00e1s grandes, que revel\u00f3 una \u00abocupaci\u00f3n en la ciudad de Bueno Aires y conurbano cercano al 95%\u00bb.<\/p>\n<p>Kreplak dijo que en Ciudad de Buenos Aires \u00ablas obras sociales y las prepagas que habitualmente usan esas cl\u00ednicas hace ya unas cuantas semanas se quedaron sin camas\u00bb.<\/p>\n<p>Por ese motivo, dijo, \u00abempezaron a usar las cl\u00ednicas del conurbano que habitualmente utilizan las obras sociales sindicales o provinciales, por lo que el 50% de las personas que est\u00e1n en terapia intensiva de los hospitales p\u00fablicos son pacientes de las obras sociales que no consiguieron lugar en esas cl\u00ednicas\u00bb.<\/p>\n<p>En cuanto a las medidas restrictivas adoptadas hasta el momento y que rigen hasta este viernes, el funcionario afirm\u00f3 que \u00abhan tenido un impacto relativamente positivo en el sentido que han dejado de ascender respecto a la proyecci\u00f3n\u00bb.<\/p>\n","protected":false},"excerpt":{"rendered":"<p>Las autoridades de Salud bonaerenses advirtieron por la saturaci\u00f3n que genera la segunda ola de Covid-19 en el \u00c1rea Metropolitana.<\/p>\n","protected":false},"author":4,"featured_media":0,"comment_status":"open","ping_status":"open","sticky":false,"template":"","format":"standard","meta":{"_jetpack_newsletter_access":"","_jetpack_dont_email_post_to_subs":false,"_jetpack_newsletter_tier_id":0,"_jetpack_memberships_contains_paywalled_content":false,"_jetpack_memberships_contains_paid_content":false,"footnotes":""},"categories":[40],"tags":[],"class_list":["post-117487","post","type-post","status-publish","format-standard","hentry","category-provincia"],"jetpack_shortlink":"https:\/\/wp.me\/p2JWE0-uyX","jetpack-related-posts":[{"id":117581,"url":"https:\/\/www.24baires.com\/?p=117581","url_meta":{"origin":117487,"position":0},"title":"Para el Gobierno bonaerense, deben mantenerse las restricciones por la suba de casos","author":"AF","date":"17\/05\/2021","format":false,"excerpt":"Tanto Carlos Bianco (Jefe de Gabinete) como Daniel Gollan y Nicol\u00e1s Kreplak (ministro y viceministro de Salud, respectivamente) coincidieron en que ante la gran cantidad de contagios, las restricciones deben continuar. \"Vamos a tener que seguir implementando medidas de cuidado; no queda otra\u201d, se\u00f1al\u00f3 Bianco. El Gobierno bonaerense evalu\u00f3 este\u2026","rel":"","context":"En \u00abSociedad\u00bb","block_context":{"text":"Sociedad","link":"https:\/\/www.24baires.com\/?cat=1"},"img":{"alt_text":"","src":"https:\/\/i0.wp.com\/www.24baires.com\/wp-content\/uploads\/2021\/05\/608aacb0eb8ad_1004x565.jpg?resize=350%2C200","width":350,"height":200,"srcset":"https:\/\/i0.wp.com\/www.24baires.com\/wp-content\/uploads\/2021\/05\/608aacb0eb8ad_1004x565.jpg?resize=350%2C200 1x, https:\/\/i0.wp.com\/www.24baires.com\/wp-content\/uploads\/2021\/05\/608aacb0eb8ad_1004x565.jpg?resize=525%2C300 1.5x"},"classes":[]},{"id":115634,"url":"https:\/\/www.24baires.com\/?p=115634","url_meta":{"origin":117487,"position":1},"title":"Kicillof analiz\u00f3 la situaci\u00f3n sanitaria con intendentes del AMBA","author":"GB","date":"15\/07\/2020","format":false,"excerpt":"Durante el encuentro virtual el mandatario asegur\u00f3 que hubo una reducci\u00f3n importante de la movilidad entre los distritos del \u00e1rea metropolitana y se mostr\u00f3 confiado en achatar la curva de la enfermedad. El gobernador de la provincia de Buenos Aires, Axel Kicillof, mantuvo este martes un encuentro mediante videoconferencia con\u2026","rel":"","context":"En \u00abProvincia\u00bb","block_context":{"text":"Provincia","link":"https:\/\/www.24baires.com\/?cat=40"},"img":{"alt_text":"","src":"https:\/\/i0.wp.com\/www.24baires.com\/wp-content\/uploads\/2020\/07\/kici-intendentes.jpg?resize=350%2C200","width":350,"height":200,"srcset":"https:\/\/i0.wp.com\/www.24baires.com\/wp-content\/uploads\/2020\/07\/kici-intendentes.jpg?resize=350%2C200 1x, https:\/\/i0.wp.com\/www.24baires.com\/wp-content\/uploads\/2020\/07\/kici-intendentes.jpg?resize=525%2C300 1.5x"},"classes":[]},{"id":116388,"url":"https:\/\/www.24baires.com\/?p=116388","url_meta":{"origin":117487,"position":2},"title":"La pandemia se ameseta en el AMBA pero crecen los casos en el interior","author":"GB","date":"05\/10\/2020","format":false,"excerpt":"La pandemia se ameseta en el AMBA pero crece en el interior Hay buenas noticias en la provincia de Buenos Aires respecto a la situaci\u00f3n de la pandemia de Covid-19. El ministro de Salud bonaerense, Daniel Gollan, asegur\u00f3 que el n\u00famero de contagios se est\u00e1 equiparando a los registrados en\u2026","rel":"","context":"En \u00abProvincia\u00bb","block_context":{"text":"Provincia","link":"https:\/\/www.24baires.com\/?cat=40"},"img":{"alt_text":"","src":"https:\/\/i0.wp.com\/www.24baires.com\/wp-content\/uploads\/2020\/01\/gollan-salud.jpg?resize=350%2C200","width":350,"height":200,"srcset":"https:\/\/i0.wp.com\/www.24baires.com\/wp-content\/uploads\/2020\/01\/gollan-salud.jpg?resize=350%2C200 1x, https:\/\/i0.wp.com\/www.24baires.com\/wp-content\/uploads\/2020\/01\/gollan-salud.jpg?resize=525%2C300 1.5x"},"classes":[]},{"id":115380,"url":"https:\/\/www.24baires.com\/?p=115380","url_meta":{"origin":117487,"position":3},"title":"Advierten que \u201cen el AMBA las camas de terapia intensiva ya est\u00e1n en un 60% de ocupaci\u00f3n\u201d","author":"GB","date":"18\/06\/2020","format":false,"excerpt":"Frente al pico de coronavirus, el viceministro de Salud de la provincia de Buenos Aires, Nicol\u00e1s Kreplak, alert\u00f3 sobre la realidad del sistema sanitario. El viceministro de Salud de la provincia de Buenos Aires, Nicol\u00e1s Kreplak, advirti\u00f3 este jueves que en el \u00e1rea metropolitana (AMBA) un 60% de las camas\u2026","rel":"","context":"En \u00abProvincia\u00bb","block_context":{"text":"Provincia","link":"https:\/\/www.24baires.com\/?cat=40"},"img":{"alt_text":"","src":"https:\/\/i0.wp.com\/www.24baires.com\/wp-content\/uploads\/2020\/06\/terapia.jpg?resize=350%2C200","width":350,"height":200,"srcset":"https:\/\/i0.wp.com\/www.24baires.com\/wp-content\/uploads\/2020\/06\/terapia.jpg?resize=350%2C200 1x, https:\/\/i0.wp.com\/www.24baires.com\/wp-content\/uploads\/2020\/06\/terapia.jpg?resize=525%2C300 1.5x"},"classes":[]},{"id":117745,"url":"https:\/\/www.24baires.com\/?p=117745","url_meta":{"origin":117487,"position":4},"title":"Este mi\u00e9rcoles volver\u00e1n las clases presenciales en Provincia","author":"AF","date":"11\/06\/2021","format":false,"excerpt":"El gobernador bonaerense Axel Kicillof anunci\u00f3 que la vuelta ser\u00e1 respetando los protocolos pautados. Fue al brindar una conferencia de prensa en la que detalla c\u00f3mo siguen las medidas contra el coronavirus. El gobernador bonaerense Axel Kicillof anunci\u00f3 esta tarde que las clases presenciales volver\u00e1n en la provincia a partir\u2026","rel":"","context":"En \u00abProvincia\u00bb","block_context":{"text":"Provincia","link":"https:\/\/www.24baires.com\/?cat=40"},"img":{"alt_text":"","src":"https:\/\/i0.wp.com\/www.24baires.com\/wp-content\/uploads\/2021\/02\/kici-vacuna.jpeg?resize=350%2C200","width":350,"height":200,"srcset":"https:\/\/i0.wp.com\/www.24baires.com\/wp-content\/uploads\/2021\/02\/kici-vacuna.jpeg?resize=350%2C200 1x, https:\/\/i0.wp.com\/www.24baires.com\/wp-content\/uploads\/2021\/02\/kici-vacuna.jpeg?resize=525%2C300 1.5x"},"classes":[]},{"id":115712,"url":"https:\/\/www.24baires.com\/?p=115712","url_meta":{"origin":117487,"position":5},"title":"No descartan un nuevo endurecimiento de la cuarentena en el AMBA","author":"AF","date":"22\/07\/2020","format":false,"excerpt":"Los n\u00fameros del reporte de ayer llamaron la atenci\u00f3n de las autoridades y no descartan volver a implementar restricciones a la circulaci\u00f3n. El martes a la noche se informaron 5.300 nuevos casos de coronavirus y 118 fallecidos en todo pa\u00eds. Del total de contagios, 3.477 corresponden a la provincia de\u2026","rel":"","context":"En \u00abProvincia\u00bb","block_context":{"text":"Provincia","link":"https:\/\/www.24baires.com\/?cat=40"},"img":{"alt_text":"","src":"https:\/\/i0.wp.com\/www.24baires.com\/wp-content\/uploads\/2013\/07\/barbijos.jpg?resize=350%2C200","width":350,"height":200,"srcset":"https:\/\/i0.wp.com\/www.24baires.com\/wp-content\/uploads\/2013\/07\/barbijos.jpg?resize=350%2C200 1x, https:\/\/i0.wp.com\/www.24baires.com\/wp-content\/uploads\/2013\/07\/barbijos.jpg?resize=525%2C300 1.5x"},"classes":[]}],"jetpack_sharing_enabled":true,"jetpack_likes_enabled":true,"jetpack_featured_media_url":"","_links":{"self":[{"href":"https:\/\/www.24baires.com\/index.php?rest_route=\/wp\/v2\/posts\/117487","targetHints":{"allow":["GET"]}}],"collection":[{"href":"https:\/\/www.24baires.com\/index.php?rest_route=\/wp\/v2\/posts"}],"about":[{"href":"https:\/\/www.24baires.com\/index.php?rest_route=\/wp\/v2\/types\/post"}],"author":[{"embeddable":true,"href":"https:\/\/www.24baires.com\/index.php?rest_route=\/wp\/v2\/users\/4"}],"replies":[{"embeddable":true,"href":"https:\/\/www.24baires.com\/index.php?rest_route=%2Fwp%2Fv2%2Fcomments&post=117487"}],"version-history":[{"count":1,"href":"https:\/\/www.24baires.com\/index.php?rest_route=\/wp\/v2\/posts\/117487\/revisions"}],"predecessor-version":[{"id":117488,"href":"https:\/\/www.24baires.com\/index.php?rest_route=\/wp\/v2\/posts\/117487\/revisions\/117488"}],"wp:attachment":[{"href":"https:\/\/www.24baires.com\/index.php?rest_route=%2Fwp%2Fv2%2Fmedia&parent=117487"}],"wp:term":[{"taxonomy":"category","embeddable":true,"href":"https:\/\/www.24baires.com\/index.php?rest_route=%2Fwp%2Fv2%2Fcategories&post=117487"},{"taxonomy":"post_tag","embeddable":true,"href":"https:\/\/www.24baires.com\/index.php?rest_route=%2Fwp%2Fv2%2Ftags&post=117487"}],"curies":[{"name":"wp","href":"https:\/\/api.w.org\/{rel}","templated":true}]}}