{"id":117454,"date":"2021-04-16T11:26:15","date_gmt":"2021-04-16T14:26:15","guid":{"rendered":"http:\/\/www.24baires.com\/?p=117454"},"modified":"2021-04-16T11:26:15","modified_gmt":"2021-04-16T14:26:15","slug":"nacion-lanzo-medidas-contra-la-suba-de-precios","status":"publish","type":"post","link":"https:\/\/www.24baires.com\/?p=117454","title":{"rendered":"Naci\u00f3n lanz\u00f3 medidas contra la suba de precios"},"content":{"rendered":"<p><img data-recalc-dims=\"1\" loading=\"lazy\" decoding=\"async\" src=\"https:\/\/i0.wp.com\/www.24baires.com\/wp-content\/uploads\/2020\/04\/supermercado.jpg?resize=560%2C373\" alt=\"\" width=\"560\" height=\"373\" class=\"aligncenter size-full wp-image-114714\" srcset=\"https:\/\/i0.wp.com\/www.24baires.com\/wp-content\/uploads\/2020\/04\/supermercado.jpg?w=560&amp;ssl=1 560w, https:\/\/i0.wp.com\/www.24baires.com\/wp-content\/uploads\/2020\/04\/supermercado.jpg?resize=300%2C200&amp;ssl=1 300w\" sizes=\"auto, (max-width: 560px) 100vw, 560px\" \/>El Gobierno nacional lanz\u00f3 medidas para contener la suba de precios en alimentos y as\u00ed combatir la inflaci\u00f3n.<!--more--><\/p>\n<p>El Gobierno Nacional resolvi\u00f3 avanzar con un conjunto de medidas para contener la suba de precios en el sector de la alimentaci\u00f3n y garantizar el abastecimiento de alimentos, insumos y bienes industriales. En tanto, el Instituto Nacional de Estad\u00edsticas y Censos (Indec) se\u00f1al\u00f3 que la inflaci\u00f3n de marzo alcanz\u00f3 el 4,8% y ya acumula 13% en el primer trimestre del a\u00f1o.<\/p>\n<p>En este marco, mientras la inflaci\u00f3n contin\u00faa en alza, el jefe de Gabinete de Ministros de la Naci\u00f3n, Santiago Cafiero, encabez\u00f3 en la Casa Rosada un encuentro con los ministros de Desarrollo Productivo, Mat\u00edas Kulfas, de Agricultura, Ganader\u00eda y Pesca, Luis Basterra; la vicejefa de Gabinete, Cecilia Todesca Bocco; la secretaria de Comercio Interior, Paula Espa\u00f1ol y de manera virtual lo hizo el titular de la cartera econ\u00f3mica, Mart\u00edn Guzm\u00e1n.<\/p>\n<p>Tras la reuni\u00f3n, se definieron medidas que tienen el objetivo de garantizar el abastecimiento de la carne vacuna a precios accesibles y mejorar el funcionamiento y la competencia dentro del sector; lograr acuerdos sectoriales para una mayor previsibilidad de precios durante los pr\u00f3ximos meses, y garantizar el acceso a los alimentos a precios accesibles.<\/p>\n<p>Tambi\u00e9n se busca diversificar la oferta y ampliar la competencia en la producci\u00f3n de alimentos, as\u00ed como profundizar el acompa\u00f1amiento de los mercados y el cumplimiento de las normas vigentes en los mismos.<\/p>\n","protected":false},"excerpt":{"rendered":"<p>El Gobierno nacional lanz\u00f3 medidas para contener la suba de precios en alimentos y as\u00ed combatir la inflaci\u00f3n.<\/p>\n","protected":false},"author":8,"featured_media":0,"comment_status":"open","ping_status":"open","sticky":false,"template":"","format":"standard","meta":{"_jetpack_newsletter_access":"","_jetpack_dont_email_post_to_subs":false,"_jetpack_newsletter_tier_id":0,"_jetpack_memberships_contains_paywalled_content":false,"_jetpack_memberships_contains_paid_content":false,"footnotes":""},"categories":[45],"tags":[],"class_list":["post-117454","post","type-post","status-publish","format-standard","hentry","category-economia"],"jetpack_featured_media_url":"","jetpack_shortlink":"https:\/\/wp.me\/p2JWE0-uyq","jetpack-related-posts":[{"id":119496,"url":"https:\/\/www.24baires.com\/?p=119496","url_meta":{"origin":117454,"position":0},"title":"Sugieren \u00abno comprar aquellas marcas que remarcan por encima de la inflaci\u00f3n\u00bb","author":"AF","date":"01\/11\/2022","format":false,"excerpt":"Desde la Provincia pidieron \"frenar el abuso de las empresas formadoras de precios que aplican aumentos injustificados\". Miembros del gabinete del gobierno de la provincia de Buenos Aires que encabeza Axel Kicillof pidieron \"parar con los aumentos injustificados de precios\" y solicitaron a los consumidores \"no comprar aquellas marcas que\u2026","rel":"","context":"En \u00abEconom\u00eda\u00bb","block_context":{"text":"Econom\u00eda","link":"https:\/\/www.24baires.com\/?cat=45"},"img":{"alt_text":"larroque","src":"https:\/\/i0.wp.com\/www.24baires.com\/wp-content\/uploads\/2022\/11\/Screenshot-2022-11-01-23.21.12.png?resize=350%2C200","width":350,"height":200,"srcset":"https:\/\/i0.wp.com\/www.24baires.com\/wp-content\/uploads\/2022\/11\/Screenshot-2022-11-01-23.21.12.png?resize=350%2C200 1x, https:\/\/i0.wp.com\/www.24baires.com\/wp-content\/uploads\/2022\/11\/Screenshot-2022-11-01-23.21.12.png?resize=525%2C300 1.5x, https:\/\/i0.wp.com\/www.24baires.com\/wp-content\/uploads\/2022\/11\/Screenshot-2022-11-01-23.21.12.png?resize=700%2C400 2x"},"classes":[]},{"id":89757,"url":"https:\/\/www.24baires.com\/?p=89757","url_meta":{"origin":117454,"position":1},"title":"El titular del Indec admiti\u00f3 que \u00abtodav\u00eda\u00bb hay \u00abun escenario de inflaci\u00f3n alto\u00bb","author":"GB","date":"11\/11\/2016","format":false,"excerpt":"A contramano del discurso de que \"la inflaci\u00f3n est\u00e1 bajando\" de la c\u00fapula del gobierno nacional encabezado por Mauricio Macri, Jorge Todesca reconoci\u00f3 que el 2,4% de suba de precios en octubre que inform\u00f3 el organismo que dirige \"obviamente es un n\u00famero alto\". Sin embargo, culp\u00f3 al tarifazo al gas\u2026","rel":"","context":"En \u00abEconom\u00eda\u00bb","block_context":{"text":"Econom\u00eda","link":"https:\/\/www.24baires.com\/?cat=45"},"img":{"alt_text":"indec","src":"https:\/\/i0.wp.com\/www.24baires.com\/wp-content\/uploads\/2013\/02\/indec-300x225.jpg?resize=350%2C200","width":350,"height":200},"classes":[]},{"id":118660,"url":"https:\/\/www.24baires.com\/?p=118660","url_meta":{"origin":117454,"position":2},"title":"Retrotraer\u00e1n a febrero los precios de pan, harina y fideos","author":"AF","date":"21\/03\/2022","format":false,"excerpt":"Lo precis\u00f3 el ministro de Desarrollo Productivo al anunciar la decisi\u00f3n del Gobierno de conformar el fideicomiso para sostener el valor del trigo. El ministro de Desarrollo Productivo, Mat\u00edas Kulfas, afirm\u00f3 este lunes que el fideicomiso para subsidiar el precio de la harina de trigo, luego de la suba internacional\u2026","rel":"","context":"En \u00abEconom\u00eda\u00bb","block_context":{"text":"Econom\u00eda","link":"https:\/\/www.24baires.com\/?cat=45"},"img":{"alt_text":"","src":"https:\/\/i0.wp.com\/www.24baires.com\/wp-content\/uploads\/2014\/03\/pan.jpg?resize=350%2C200","width":350,"height":200,"srcset":"https:\/\/i0.wp.com\/www.24baires.com\/wp-content\/uploads\/2014\/03\/pan.jpg?resize=350%2C200 1x, https:\/\/i0.wp.com\/www.24baires.com\/wp-content\/uploads\/2014\/03\/pan.jpg?resize=525%2C300 1.5x"},"classes":[]},{"id":108117,"url":"https:\/\/www.24baires.com\/?p=108117","url_meta":{"origin":117454,"position":3},"title":"Se esperan nuevos aumentos pese al \u00abpacto de caballeros\u00bb del Gobierno con empresas de alimentos","author":"GB","date":"13\/05\/2019","format":false,"excerpt":"Algunas empresas que negociaron con la Casa Rosada est\u00e1n remarcando sus listas y el plan de \"Precios Esenciales\" anunciado por el macrismo vuelve a mostrar su ineficacia para contener la inflaci\u00f3n. El pr\u00f3ximo mi\u00e9rcoles el INDEC presentar\u00e1 el dato de abril y se estima que el alza ser\u00e1 del 4%.\u2026","rel":"","context":"En \u00abEconom\u00eda\u00bb","block_context":{"text":"Econom\u00eda","link":"https:\/\/www.24baires.com\/?cat=45"},"img":{"alt_text":"","src":"https:\/\/i0.wp.com\/www.24baires.com\/wp-content\/uploads\/2019\/04\/precios-escenciales.jpg?resize=350%2C200","width":350,"height":200,"srcset":"https:\/\/i0.wp.com\/www.24baires.com\/wp-content\/uploads\/2019\/04\/precios-escenciales.jpg?resize=350%2C200 1x, https:\/\/i0.wp.com\/www.24baires.com\/wp-content\/uploads\/2019\/04\/precios-escenciales.jpg?resize=525%2C300 1.5x"},"classes":[]},{"id":118647,"url":"https:\/\/www.24baires.com\/?p=118647","url_meta":{"origin":117454,"position":4},"title":"Inflaci\u00f3n sin control: el gobierno prepara medidas","author":"GB","date":"16\/03\/2022","format":false,"excerpt":"Ampliaci\u00f3n de fideicomisos, regulaci\u00f3n de productos frescos y precios fijos ser\u00edan algunas las medidas que tomar\u00e1 el Gobierno. Luego de que el Indec informara este martes que la inflaci\u00f3n de febrero fue de 4,7% con fuerte impacto en los precios de los alimentos, el Gobierno analiza una bater\u00eda de medidas\u2026","rel":"","context":"En \u00abPol\u00edtica\u00bb","block_context":{"text":"Pol\u00edtica","link":"https:\/\/www.24baires.com\/?cat=51"},"img":{"alt_text":"","src":"https:\/\/i0.wp.com\/www.24baires.com\/wp-content\/uploads\/2020\/04\/supermercado.jpg?resize=350%2C200","width":350,"height":200,"srcset":"https:\/\/i0.wp.com\/www.24baires.com\/wp-content\/uploads\/2020\/04\/supermercado.jpg?resize=350%2C200 1x, https:\/\/i0.wp.com\/www.24baires.com\/wp-content\/uploads\/2020\/04\/supermercado.jpg?resize=525%2C300 1.5x"},"classes":[]},{"id":118260,"url":"https:\/\/www.24baires.com\/?p=118260","url_meta":{"origin":117454,"position":5},"title":"Sin medidas concretas el gobierno promete frenar el aumento de la carne","author":"GB","date":"26\/11\/2021","format":false,"excerpt":"El ministro de la Producci\u00f3n asegur\u00f3 que se analizan \u201cdiferentes alternativas\u201d perno no adelant\u00f3 ning\u00fan anuncio sobre el precio de la carne Frente al nuevo aumento descontrolado en el precio de la carne vacuna, desde el gobierno nacional indicaron que se est\u00e1n evaluando los pasos a seguir, pero sin adelantar\u2026","rel":"","context":"En \u00abLocales\u00bb","block_context":{"text":"Locales","link":"https:\/\/www.24baires.com\/?cat=38"},"img":{"alt_text":"","src":"https:\/\/i0.wp.com\/www.24baires.com\/wp-content\/uploads\/2016\/07\/carne.jpg?resize=350%2C200","width":350,"height":200,"srcset":"https:\/\/i0.wp.com\/www.24baires.com\/wp-content\/uploads\/2016\/07\/carne.jpg?resize=350%2C200 1x, https:\/\/i0.wp.com\/www.24baires.com\/wp-content\/uploads\/2016\/07\/carne.jpg?resize=525%2C300 1.5x"},"classes":[]}],"jetpack_sharing_enabled":true,"jetpack_likes_enabled":true,"_links":{"self":[{"href":"https:\/\/www.24baires.com\/index.php?rest_route=\/wp\/v2\/posts\/117454","targetHints":{"allow":["GET"]}}],"collection":[{"href":"https:\/\/www.24baires.com\/index.php?rest_route=\/wp\/v2\/posts"}],"about":[{"href":"https:\/\/www.24baires.com\/index.php?rest_route=\/wp\/v2\/types\/post"}],"author":[{"embeddable":true,"href":"https:\/\/www.24baires.com\/index.php?rest_route=\/wp\/v2\/users\/8"}],"replies":[{"embeddable":true,"href":"https:\/\/www.24baires.com\/index.php?rest_route=%2Fwp%2Fv2%2Fcomments&post=117454"}],"version-history":[{"count":1,"href":"https:\/\/www.24baires.com\/index.php?rest_route=\/wp\/v2\/posts\/117454\/revisions"}],"predecessor-version":[{"id":117455,"href":"https:\/\/www.24baires.com\/index.php?rest_route=\/wp\/v2\/posts\/117454\/revisions\/117455"}],"wp:attachment":[{"href":"https:\/\/www.24baires.com\/index.php?rest_route=%2Fwp%2Fv2%2Fmedia&parent=117454"}],"wp:term":[{"taxonomy":"category","embeddable":true,"href":"https:\/\/www.24baires.com\/index.php?rest_route=%2Fwp%2Fv2%2Fcategories&post=117454"},{"taxonomy":"post_tag","embeddable":true,"href":"https:\/\/www.24baires.com\/index.php?rest_route=%2Fwp%2Fv2%2Ftags&post=117454"}],"curies":[{"name":"wp","href":"https:\/\/api.w.org\/{rel}","templated":true}]}}