{"id":11743,"date":"2013-01-10T16:00:21","date_gmt":"2013-01-10T19:00:21","guid":{"rendered":"http:\/\/www.24baires.com\/?p=11743"},"modified":"2013-01-10T16:19:04","modified_gmt":"2013-01-10T19:19:04","slug":"dos-muertos-y-diez-heridos-tras-un-choque-en-el-rally-dakar","status":"publish","type":"post","link":"https:\/\/www.24baires.com\/?p=11743","title":{"rendered":"Dos muertos y diez heridos tras un choque en el Rally Dakar"},"content":{"rendered":"<p><a href=\"http:\/\/www.24baires.com\/sociedad\/11743-dos-muertos-y-diez-heridos-tras-un-choque-en-el-rally-dakar\/attachment\/choque-dakar\/\" rel=\"attachment wp-att-11744\"><img data-recalc-dims=\"1\" loading=\"lazy\" decoding=\"async\" class=\"alignleft size-medium wp-image-11744\" alt=\"choque dakar\" src=\"https:\/\/i0.wp.com\/www.24baires.com\/wp-content\/uploads\/2013\/01\/choque-dakar.jpg?resize=300%2C200\" width=\"300\" height=\"200\" srcset=\"https:\/\/i0.wp.com\/www.24baires.com\/wp-content\/uploads\/2013\/01\/choque-dakar.jpg?resize=300%2C200&amp;ssl=1 300w, https:\/\/i0.wp.com\/www.24baires.com\/wp-content\/uploads\/2013\/01\/choque-dakar.jpg?w=510&amp;ssl=1 510w\" sizes=\"auto, (max-width: 300px) 100vw, 300px\" \/><\/a><strong>PER\u00da &#8211;<\/strong> Un veh\u00edculo de asistencia del equipo angloamericano Race2Recovery protagoniz\u00f3 en la noche del mi\u00e9rcoles un grave accidente en Tacna al chocar con un taxi, cuyo conductor y pasajero murieron en el acto. Tambi\u00e9n se vieron involucrados otros dos veh\u00edculos en el choque.<!--more--><\/p>\n<p>El hecho ocurri\u00f3 pasadas las 22 en Per\u00fa (dos horas menos en la Argentina) en el kil\u00f3metro 1.322 de la Panamericana Sur, cerca de la frontera con Chile, cuando el taxi, conducido por Arturo Marquera, de 40 a\u00f1os, se pas\u00f3 a la mano contraria e impact\u00f3 violentamente contra la camioneta Land Rover en la que viajaban tres miembros del equipo angloamericano.<br \/>\nA ra\u00edz del impacto, Marquera y el pasajero que llevaba, un ciudadano chileno de apellido G\u00f3mez Vera, murieron en el acto. En tanto, los tres brit\u00e1nicos del equipo, identificados como Justin Bischall, John Winskill y Lee Townend, sufrieron heridas de distinta consideraci\u00f3n.<\/p>\n<p>Apenas ocurrido el choque, un taxi que ven\u00eda detr\u00e1s tuvo que hacer una maniobra brusca para esquivar la colisi\u00f3n pero termin\u00f3 volcando a un costado de la ruta, y una camioneta que lo preced\u00eda impact\u00f3 contra uno de los veh\u00edculos del primer accidente, por lo que otras siete personas resultaron heridas.<\/p>\n<p>En primer t\u00e9rmino, Bischall, Winskill y Townend fueron derivados a un hospital de Tacna aunque por la madrugada fueron trasladados junto a un m\u00e9dico de la organizaci\u00f3n del Dakar a un centro asistencial de Lima.<\/p>\n<p>El equipo Race2 Recovering est\u00e1 conformado por ex soldados brit\u00e1nicos y estadounidenses que pelearon en la guerra en Afganist\u00e1n, y tanto su piloto como su director y otros integrantes del team sufrieron amputaciones en combate.<\/p>\n<p>El lema de la escuder\u00eda es que pese a los golpes de la vida \u201cse puede salir adelante y se puede seguir luchando\u201d.<\/p>\n<p>&nbsp;<\/p>\n<p>&nbsp;<\/p>\n<p>&nbsp;<\/p>\n<p>&nbsp;<\/p>\n<p>&nbsp;<\/p>\n<p>&nbsp;<\/p>\n<p>&nbsp;<\/p>\n<p>&nbsp;<\/p>\n<p>&nbsp;<\/p>\n<p>&nbsp;<\/p>\n<p>&nbsp;<\/p>\n<p>&nbsp;<\/p>\n<p>&nbsp;<\/p>\n<p>&nbsp;<\/p>\n<p>&nbsp;<\/p>\n<p>&nbsp;<\/p>\n<p>&nbsp;<\/p>\n<p>&nbsp;<\/p>\n","protected":false},"excerpt":{"rendered":"<p>PER\u00da &#8211; Un veh\u00edculo de asistencia del equipo angloamericano Race2Recovery protagoniz\u00f3 en la noche del mi\u00e9rcoles un grave accidente en Tacna al chocar con un taxi, cuyo conductor y pasajero murieron en el acto. Tambi\u00e9n se vieron involucrados otros dos veh\u00edculos en el choque.<\/p>\n","protected":false},"author":4,"featured_media":0,"comment_status":"open","ping_status":"open","sticky":false,"template":"","format":"standard","meta":{"_jetpack_newsletter_access":"","_jetpack_dont_email_post_to_subs":false,"_jetpack_newsletter_tier_id":0,"_jetpack_memberships_contains_paywalled_content":false,"_jetpack_memberships_contains_paid_content":false,"footnotes":""},"categories":[1],"tags":[],"class_list":["post-11743","post","type-post","status-publish","format-standard","hentry","category-sociedad"],"jetpack_featured_media_url":"","jetpack_shortlink":"https:\/\/wp.me\/p2JWE0-33p","jetpack-related-posts":[{"id":11880,"url":"https:\/\/www.24baires.com\/?p=11880","url_meta":{"origin":11743,"position":0},"title":"Muri\u00f3 un piloto franc\u00e9s del Dakar en la frontera de Chile y Argentina","author":"AF","date":"11\/01\/2013","format":false,"excerpt":"Choc\u00f3 con un veh\u00edculo policial de Chile, cerca del Paso de Jama, l\u00edmite entre el pa\u00eds trasandino y la Argentina. Bourgin, de 25 a\u00f1os y que manejaba una KTM, sufri\u00f3 el accidente en la ma\u00f1ana de este viernes. El piloto franc\u00e9s Thomas Bourgin falleci\u00f3 este viernes en el marco del\u2026","rel":"","context":"En \u00abSociedad\u00bb","block_context":{"text":"Sociedad","link":"https:\/\/www.24baires.com\/?cat=1"},"img":{"alt_text":"bourgin","src":"https:\/\/i0.wp.com\/www.24baires.com\/wp-content\/uploads\/2013\/01\/bourgin-300x200.jpg?resize=350%2C200","width":350,"height":200},"classes":[]},{"id":17804,"url":"https:\/\/www.24baires.com\/?p=17804","url_meta":{"origin":11743,"position":1},"title":"Una mujer muri\u00f3 mientras esperaba que arreglaran el taxi en el que viajaba","author":"AF","date":"08\/03\/2013","format":false,"excerpt":"Una mujer muri\u00f3 este viernes cuando un taxi fue chocado por un cami\u00f3n en la autopista Riccheri, en La Matanza, luego de que el veh\u00edculo de alquiler quedara detenido por un desperfecto mec\u00e1nico. El accidente ocurri\u00f3 pasadas las 5 en el kil\u00f3metro 19 de la autov\u00eda, a la altura de\u2026","rel":"","context":"En \u00abPoliciales\u00bb","block_context":{"text":"Policiales","link":"https:\/\/www.24baires.com\/?cat=49"},"img":{"alt_text":"taxi cami\u00f3n","src":"https:\/\/i0.wp.com\/www.24baires.com\/wp-content\/uploads\/2013\/03\/taxi-cami%C3%B3n.jpg?resize=350%2C200","width":350,"height":200,"srcset":"https:\/\/i0.wp.com\/www.24baires.com\/wp-content\/uploads\/2013\/03\/taxi-cami%C3%B3n.jpg?resize=350%2C200 1x, https:\/\/i0.wp.com\/www.24baires.com\/wp-content\/uploads\/2013\/03\/taxi-cami%C3%B3n.jpg?resize=525%2C300 1.5x"},"classes":[]},{"id":46046,"url":"https:\/\/www.24baires.com\/?p=46046","url_meta":{"origin":11743,"position":2},"title":"Una aplicaci\u00f3n para celulares permite solicitar el taxi m\u00e1s cercano","author":"GB","date":"15\/05\/2014","format":false,"excerpt":"El sistema ya funciona en Buenos Aires y en Rosario, y en pocas semanas ser\u00e1 presentado oficialmente en la ciudad de C\u00f3rdoba capital. La herramienta se compone de dos aplicaciones para smartphones: una que utiliza el pasajero para solicitar el servicio y otra, el taxista. Incluso permite al pasajero acceder\u2026","rel":"","context":"En \u00abTecnolog\u00eda\u00bb","block_context":{"text":"Tecnolog\u00eda","link":"https:\/\/www.24baires.com\/?cat=46"},"img":{"alt_text":"taxi","src":"https:\/\/i0.wp.com\/www.24baires.com\/wp-content\/uploads\/2014\/05\/taxi.jpg?resize=350%2C200","width":350,"height":200,"srcset":"https:\/\/i0.wp.com\/www.24baires.com\/wp-content\/uploads\/2014\/05\/taxi.jpg?resize=350%2C200 1x, https:\/\/i0.wp.com\/www.24baires.com\/wp-content\/uploads\/2014\/05\/taxi.jpg?resize=525%2C300 1.5x"},"classes":[]},{"id":47074,"url":"https:\/\/www.24baires.com\/?p=47074","url_meta":{"origin":11743,"position":3},"title":"A partir de hoy: aumentan las tarifas de los taxis un 15 por ciento","author":"Grupo Sierra","date":"30\/05\/2014","format":false,"excerpt":"El titular de la Asciaci\u00f3n de Taxis de la Ciudad (ATC), afirm\u00f3 que el incremento de la tarifa \"va en orden al cierre de las paritarias\" y adelant\u00f3 que en octubre \"puede haber otro incremento del 15 para hacer un cierre anual de un 30 por ciento\". El aumento de\u2026","rel":"","context":"En \u00abSociedad\u00bb","block_context":{"text":"Sociedad","link":"https:\/\/www.24baires.com\/?cat=1"},"img":{"alt_text":"taxi","src":"https:\/\/i0.wp.com\/www.24baires.com\/wp-content\/uploads\/2014\/05\/taxi.jpg?resize=350%2C200","width":350,"height":200,"srcset":"https:\/\/i0.wp.com\/www.24baires.com\/wp-content\/uploads\/2014\/05\/taxi.jpg?resize=350%2C200 1x, https:\/\/i0.wp.com\/www.24baires.com\/wp-content\/uploads\/2014\/05\/taxi.jpg?resize=525%2C300 1.5x"},"classes":[]},{"id":33093,"url":"https:\/\/www.24baires.com\/?p=33093","url_meta":{"origin":11743,"position":4},"title":"Un hombre muri\u00f3 tras un choque en Ensenada","author":"GB","date":"06\/10\/2013","format":false,"excerpt":"Un jubilado de 73 a\u00f1os muri\u00f3 tras chocar el remis en el que viajaba como pasajero contra otro auto en la localidad bonaerense de Ensenada, informaron hoy fuentes policiales. El accidente ocurri\u00f3 en el camino Rivadavia, en cercan\u00edas de la planta de YPF, en el mencionado distrito, donde un remis\u2026","rel":"","context":"En \u00abPoliciales\u00bb","block_context":{"text":"Policiales","link":"https:\/\/www.24baires.com\/?cat=49"},"img":{"alt_text":"","src":"","width":0,"height":0},"classes":[]},{"id":77496,"url":"https:\/\/www.24baires.com\/?p=77496","url_meta":{"origin":11743,"position":5},"title":"Un nuevo muerto y 5 heridos en un choque m\u00faltiple en el Dakar","author":"AF","date":"12\/01\/2016","format":false,"excerpt":"El accidente ocurri\u00f3 en la ruta 9, a 20 kil\u00f3metros de Ju\u00e1rez Celman, C\u00f3rdoba, cuando un cami\u00f3n Mercedes Benz trat\u00f3 de evitar a un autom\u00f3vil que se cruz\u00f3 de mano y tras una brusca maniobra impact\u00f3 a un Peugeot 505. El Rally Dakar se vio involucrado en otro accidente fatal,\u2026","rel":"","context":"En \u00abGeneral\u00bb","block_context":{"text":"General","link":"https:\/\/www.24baires.com\/?cat=67"},"img":{"alt_text":"dakarr","src":"https:\/\/i0.wp.com\/www.24baires.com\/wp-content\/uploads\/2016\/01\/dakarr.jpg?resize=350%2C200","width":350,"height":200,"srcset":"https:\/\/i0.wp.com\/www.24baires.com\/wp-content\/uploads\/2016\/01\/dakarr.jpg?resize=350%2C200 1x, https:\/\/i0.wp.com\/www.24baires.com\/wp-content\/uploads\/2016\/01\/dakarr.jpg?resize=525%2C300 1.5x"},"classes":[]}],"jetpack_sharing_enabled":true,"jetpack_likes_enabled":true,"_links":{"self":[{"href":"https:\/\/www.24baires.com\/index.php?rest_route=\/wp\/v2\/posts\/11743","targetHints":{"allow":["GET"]}}],"collection":[{"href":"https:\/\/www.24baires.com\/index.php?rest_route=\/wp\/v2\/posts"}],"about":[{"href":"https:\/\/www.24baires.com\/index.php?rest_route=\/wp\/v2\/types\/post"}],"author":[{"embeddable":true,"href":"https:\/\/www.24baires.com\/index.php?rest_route=\/wp\/v2\/users\/4"}],"replies":[{"embeddable":true,"href":"https:\/\/www.24baires.com\/index.php?rest_route=%2Fwp%2Fv2%2Fcomments&post=11743"}],"version-history":[{"count":3,"href":"https:\/\/www.24baires.com\/index.php?rest_route=\/wp\/v2\/posts\/11743\/revisions"}],"predecessor-version":[{"id":11747,"href":"https:\/\/www.24baires.com\/index.php?rest_route=\/wp\/v2\/posts\/11743\/revisions\/11747"}],"wp:attachment":[{"href":"https:\/\/www.24baires.com\/index.php?rest_route=%2Fwp%2Fv2%2Fmedia&parent=11743"}],"wp:term":[{"taxonomy":"category","embeddable":true,"href":"https:\/\/www.24baires.com\/index.php?rest_route=%2Fwp%2Fv2%2Fcategories&post=11743"},{"taxonomy":"post_tag","embeddable":true,"href":"https:\/\/www.24baires.com\/index.php?rest_route=%2Fwp%2Fv2%2Ftags&post=11743"}],"curies":[{"name":"wp","href":"https:\/\/api.w.org\/{rel}","templated":true}]}}