{"id":11741,"date":"2013-01-10T15:46:46","date_gmt":"2013-01-10T18:46:46","guid":{"rendered":"http:\/\/www.24baires.com\/?p=11741"},"modified":"2013-01-10T15:46:46","modified_gmt":"2013-01-10T18:46:46","slug":"agreden-a-un-fotografo-que-intentaba-cubrir-una-reunion-de-la-federacion-agraria","status":"publish","type":"post","link":"https:\/\/www.24baires.com\/?p=11741","title":{"rendered":"Agreden a un fot\u00f3grafo que intentaba cubrir una reuni\u00f3n de la Federaci\u00f3n Agraria"},"content":{"rendered":"<p><strong>ROSARIO &#8211;<\/strong> Seg\u00fan denunci\u00f3 la Comisi\u00f3n de Libertad de Expresi\u00f3n, Sebasti\u00e1n Granata fue tomado por el cuello y sacado a empujones por el personal de la entidad agraria en la sede del Jockey Club.<!--more--><\/p>\n<p>Sebasti\u00e1n Granata, reportero gr\u00e1fico del matutino Rosario\/12 fue tomado por el cuello y sacado a empujones por personal de la entidad agraria, cuando pretend\u00eda captar im\u00e1genes de la reuni\u00f3n que mantuvo el Consejo Directivo de FAA en la sede del Jockey Club de Rosario.<\/p>\n<p>\u201cGranata s\u00f3lo pretend\u00eda hacer su trabajo, es decir tomar una foto de la reuni\u00f3n, cuando un hombre lo sac\u00f3 a empujones y tom\u00e1ndolo por el cuello, en una actitud violenta y fuera de cualquier justificaci\u00f3n posible, lo dej\u00f3 en la calle\u201d, puntualiza en un comunicado el Sindicato de Prensa de Rosario (SPR).<\/p>\n<p>El Gremio de prensa aguarda ahora que \u201cla FAA se\u00f1ale a la persona que tuvo el comportamiento tan agresivo, que el mismo no se corresponde con la responsabilidad social que las instituciones y la sociedad toda tienen para con la libertad de expresi\u00f3n, el derecho a la informaci\u00f3n y la defensa del trabajo period\u00edstico, indispensable para hacer posible los derechos mencionados\u201d.<\/p>\n<p>&nbsp;<\/p>\n<p>&nbsp;<\/p>\n<p>&nbsp;<\/p>\n<p>&nbsp;<\/p>\n<p>&nbsp;<\/p>\n<p>&nbsp;<\/p>\n<p>&nbsp;<\/p>\n<p>&nbsp;<\/p>\n<p>&nbsp;<\/p>\n<p>&nbsp;<\/p>\n<p>&nbsp;<\/p>\n<p>&nbsp;<\/p>\n<p>&nbsp;<\/p>\n<p>&nbsp;<\/p>\n<p>&nbsp;<\/p>\n<p>&nbsp;<\/p>\n<p>&nbsp;<\/p>\n<p>&nbsp;<\/p>\n<p>&nbsp;<\/p>\n<p>&nbsp;<\/p>\n<p>&nbsp;<\/p>\n<p>&nbsp;<\/p>\n<p>&nbsp;<\/p>\n","protected":false},"excerpt":{"rendered":"<p>ROSARIO &#8211; Seg\u00fan denunci\u00f3 la Comisi\u00f3n de Libertad de Expresi\u00f3n, Sebasti\u00e1n Granata fue tomado por el cuello y sacado a empujones por el personal de la entidad agraria en la sede del Jockey Club.<\/p>\n","protected":false},"author":4,"featured_media":0,"comment_status":"open","ping_status":"open","sticky":false,"template":"","format":"standard","meta":{"_jetpack_newsletter_access":"","_jetpack_dont_email_post_to_subs":false,"_jetpack_newsletter_tier_id":0,"_jetpack_memberships_contains_paywalled_content":false,"_jetpack_memberships_contains_paid_content":false,"footnotes":""},"categories":[1],"tags":[],"class_list":["post-11741","post","type-post","status-publish","format-standard","hentry","category-sociedad"],"jetpack_featured_media_url":"","jetpack_shortlink":"https:\/\/wp.me\/p2JWE0-33n","jetpack-related-posts":[{"id":26417,"url":"https:\/\/www.24baires.com\/?p=26417","url_meta":{"origin":11741,"position":0},"title":"Lan\u00fas no pudo y dej\u00f3 campe\u00f3n a Newell\u2019s","author":"Grupo Sierra","date":"19\/06\/2013","format":false,"excerpt":"Durante el partido que completaron Lan\u00fas y Estudiantes en el Estadio \u00danico de La Plata, el Granate no pudo remontar el 2 a 0 en contra y as\u00ed permiti\u00f3 que -una fecha antes de que finalice la competencia- Newell\u2019s se consagrara campe\u00f3n del Torneo Final. Lan\u00fas no pudo remontar el\u2026","rel":"","context":"En \u00abDeportes\u00bb","block_context":{"text":"Deportes","link":"https:\/\/www.24baires.com\/?cat=12"},"img":{"alt_text":"lanus ayudo a newells","src":"https:\/\/i0.wp.com\/www.24baires.com\/wp-content\/uploads\/2013\/06\/lanus-ayudo-a-newells.jpg?resize=350%2C200","width":350,"height":200,"srcset":"https:\/\/i0.wp.com\/www.24baires.com\/wp-content\/uploads\/2013\/06\/lanus-ayudo-a-newells.jpg?resize=350%2C200 1x, https:\/\/i0.wp.com\/www.24baires.com\/wp-content\/uploads\/2013\/06\/lanus-ayudo-a-newells.jpg?resize=525%2C300 1.5x"},"classes":[]},{"id":17404,"url":"https:\/\/www.24baires.com\/?p=17404","url_meta":{"origin":11741,"position":1},"title":"Comenzaron las mejoras edilicias para el Jard\u00edn de Infantes del Club Atl\u00e9tico Lan\u00fas","author":"AF","date":"04\/03\/2013","format":false,"excerpt":"Con el tradicional corte de cintas a cargo del jefe comunal Dar\u00edo D\u00edaz P\u00e9rez y del presidente de la instituci\u00f3n granate, Alejandro Mar\u00f3n se present\u00f3 la nueva obra de infraestructura edilicia para el nivel inicial educativo. El Intendente de Lan\u00fas Dr. Dar\u00edo D\u00edaz P\u00e9rez junto al titular de la entidad\u2026","rel":"","context":"En \u00abLocales\u00bb","block_context":{"text":"Locales","link":"https:\/\/www.24baires.com\/?cat=38"},"img":{"alt_text":"","src":"","width":0,"height":0},"classes":[]},{"id":89403,"url":"https:\/\/www.24baires.com\/?p=89403","url_meta":{"origin":11741,"position":2},"title":"Boca Juniors vs. Rosario Central: por cuartos de Copa Argentina","author":"GB","date":"02\/11\/2016","format":false,"excerpt":"Boca Juniors juega esta noche (07:10 pm.) a Rosario Central por el pase a semifinales de la Copa Argentina Boca Juniors enfrenta esta noche (07:10 p.m. \/ EN VIVO por TyC Sports) en el estadio Mario Alberto Kempes de la Ciudad de C\u00f3rdoba a la escuadra de Rosario Central por\u2026","rel":"","context":"En \u00abDeportes\u00bb","block_context":{"text":"Deportes","link":"https:\/\/www.24baires.com\/?cat=12"},"img":{"alt_text":"boca2","src":"https:\/\/i0.wp.com\/www.24baires.com\/wp-content\/uploads\/2015\/08\/boca2.jpg?resize=350%2C200","width":350,"height":200,"srcset":"https:\/\/i0.wp.com\/www.24baires.com\/wp-content\/uploads\/2015\/08\/boca2.jpg?resize=350%2C200 1x, https:\/\/i0.wp.com\/www.24baires.com\/wp-content\/uploads\/2015\/08\/boca2.jpg?resize=525%2C300 1.5x"},"classes":[]},{"id":88057,"url":"https:\/\/www.24baires.com\/?p=88057","url_meta":{"origin":11741,"position":3},"title":"Boca y Lan\u00fas juegan en Mar del Plata por la Copa Argentina","author":"AF","date":"28\/09\/2016","format":false,"excerpt":"Con la reaparici\u00f3n de Carlos Tevez, suspendido en el torneo local, el Xeneize enfrenta desde las 21.10 al \"Granate\", en busca de los cuartos de final, del torneo cuyo ganador clasifica a la Copa Libertadores de Am\u00e9rica de 2017. El encuentro se jugar\u00e1 este mi\u00e9rcoles a partir de las 21.10\u2026","rel":"","context":"En \u00abDeportes\u00bb","block_context":{"text":"Deportes","link":"https:\/\/www.24baires.com\/?cat=12"},"img":{"alt_text":"boca lan\u00fas","src":"https:\/\/i0.wp.com\/www.24baires.com\/wp-content\/uploads\/2015\/10\/boca-lan%C3%BAs-e1475071164189.jpg?resize=350%2C200","width":350,"height":200},"classes":[]},{"id":19307,"url":"https:\/\/www.24baires.com\/?p=19307","url_meta":{"origin":11741,"position":4},"title":"Debuta en Lan\u00fas el nuevo sistema AFA Plus","author":"AF","date":"25\/03\/2013","format":false,"excerpt":"El sistema de ingreso a las canchas del f\u00fatbol argentino, conocido como AFA Plus, se pondr\u00e1 en marcha desde este lunes, con el empadronamiento de hinchas que empezar\u00e1 a desarrollarse en el club Lan\u00fas. Esta primera etapa de colecci\u00f3n de datos que le servir\u00e1 a distintos organismos de seguridad para\u2026","rel":"","context":"En \u00abSociedad\u00bb","block_context":{"text":"Sociedad","link":"https:\/\/www.24baires.com\/?cat=1"},"img":{"alt_text":"","src":"","width":0,"height":0},"classes":[]},{"id":74013,"url":"https:\/\/www.24baires.com\/?p=74013","url_meta":{"origin":11741,"position":5},"title":"Boca y Lan\u00fas se enfrentan por un lugar en la final de la Copa Argentina","author":"AF","date":"23\/10\/2015","format":false,"excerpt":"Xeneizes y granates juegan en San Juan una de las semifinales del torneo. Los de Arruabarrena, punteros y con inmejorables chances de ganar el torneo de treinta, van por la coronaci\u00f3n tambi\u00e9n es esta competencia. Boca Juniors, l\u00edder del torneo de Primera Divisi\u00f3n y que depende de s\u00ed mismo para\u2026","rel":"","context":"En \u00abDeportes\u00bb","block_context":{"text":"Deportes","link":"https:\/\/www.24baires.com\/?cat=12"},"img":{"alt_text":"boca lan\u00fas","src":"https:\/\/i0.wp.com\/www.24baires.com\/wp-content\/uploads\/2015\/10\/boca-lan%C3%BAs.jpg?resize=350%2C200","width":350,"height":200,"srcset":"https:\/\/i0.wp.com\/www.24baires.com\/wp-content\/uploads\/2015\/10\/boca-lan%C3%BAs.jpg?resize=350%2C200 1x, https:\/\/i0.wp.com\/www.24baires.com\/wp-content\/uploads\/2015\/10\/boca-lan%C3%BAs.jpg?resize=525%2C300 1.5x"},"classes":[]}],"jetpack_sharing_enabled":true,"jetpack_likes_enabled":true,"_links":{"self":[{"href":"https:\/\/www.24baires.com\/index.php?rest_route=\/wp\/v2\/posts\/11741","targetHints":{"allow":["GET"]}}],"collection":[{"href":"https:\/\/www.24baires.com\/index.php?rest_route=\/wp\/v2\/posts"}],"about":[{"href":"https:\/\/www.24baires.com\/index.php?rest_route=\/wp\/v2\/types\/post"}],"author":[{"embeddable":true,"href":"https:\/\/www.24baires.com\/index.php?rest_route=\/wp\/v2\/users\/4"}],"replies":[{"embeddable":true,"href":"https:\/\/www.24baires.com\/index.php?rest_route=%2Fwp%2Fv2%2Fcomments&post=11741"}],"version-history":[{"count":1,"href":"https:\/\/www.24baires.com\/index.php?rest_route=\/wp\/v2\/posts\/11741\/revisions"}],"predecessor-version":[{"id":11742,"href":"https:\/\/www.24baires.com\/index.php?rest_route=\/wp\/v2\/posts\/11741\/revisions\/11742"}],"wp:attachment":[{"href":"https:\/\/www.24baires.com\/index.php?rest_route=%2Fwp%2Fv2%2Fmedia&parent=11741"}],"wp:term":[{"taxonomy":"category","embeddable":true,"href":"https:\/\/www.24baires.com\/index.php?rest_route=%2Fwp%2Fv2%2Fcategories&post=11741"},{"taxonomy":"post_tag","embeddable":true,"href":"https:\/\/www.24baires.com\/index.php?rest_route=%2Fwp%2Fv2%2Ftags&post=11741"}],"curies":[{"name":"wp","href":"https:\/\/api.w.org\/{rel}","templated":true}]}}