{"id":117371,"date":"2021-03-30T09:07:59","date_gmt":"2021-03-30T12:07:59","guid":{"rendered":"http:\/\/www.24baires.com\/?p=117371"},"modified":"2021-03-30T09:07:59","modified_gmt":"2021-03-30T12:07:59","slug":"definiran-en-abril-un-aumento-del-salario-minimo-que-podria-rondar-el-30","status":"publish","type":"post","link":"https:\/\/www.24baires.com\/?p=117371","title":{"rendered":"Definir\u00e1n en abril un aumento del salario m\u00ednimo que podr\u00eda rondar el 30%"},"content":{"rendered":"<p><img data-recalc-dims=\"1\" loading=\"lazy\" decoding=\"async\" src=\"https:\/\/i0.wp.com\/www.24baires.com\/wp-content\/uploads\/2021\/03\/0003175697.jpg?resize=560%2C314\" alt=\"\" width=\"560\" height=\"314\" class=\"aligncenter size-full wp-image-117372\" srcset=\"https:\/\/i0.wp.com\/www.24baires.com\/wp-content\/uploads\/2021\/03\/0003175697.jpg?w=560&amp;ssl=1 560w, https:\/\/i0.wp.com\/www.24baires.com\/wp-content\/uploads\/2021\/03\/0003175697.jpg?resize=300%2C168&amp;ssl=1 300w\" sizes=\"auto, (max-width: 560px) 100vw, 560px\" \/>El Gobierno convocar\u00e1 en abril al Consejo del Salario. El nuevo piso se ubicar\u00e1 entre $ 28.000 y $ 30.000, pero entre la dirigencia gremial ya anticipan un reclamo mayor<\/p>\n<p><!--more--><\/p>\n<p>Mientras avanza en el cierre de la principal etapa de la ronda de paritarias del sector privado, el Gobierno acelera los pasos para convocar durante abril al Consejo del Salario M\u00ednimo, Vital y M\u00f3vil, con la apuesta de definir el nuevo piso salarial que determina los ingresos de unos 300.000 trabajadores fuera de convenio y suele ser la referencia para la actualizaci\u00f3n de los sueldos en el sector informal de la econom\u00eda.<\/p>\n<p>En el \u00f3rgano tripartito que compone junto a las centrales sindicales y las principales c\u00e1maras empresarias, la apuesta de la administraci\u00f3n de Alberto Fern\u00e1ndez ser\u00e1 la de replicar el modelo consagrado en el marco del acuerdo de precios y salarios y establecer un par\u00e1metro de incremento apenas unos puntos por encima de la pauta de inflaci\u00f3n del 29% que el ministro de Econom\u00eda, Mart\u00edn Guzm\u00e1n, defini\u00f3 para este a\u00f1o.<\/p>\n<p>Con ese prop\u00f3sito de fondo y mientras el ministro de Trabajo, Claudio Moroni, coordina la convocatoria oficial para las deliberaciones del Consejo, en la Casa Rosada ya hacen cuentas respecto del porcentaje de aumento del piso salarial y la decisi\u00f3n de acelerar los tiempos de su discusi\u00f3n con la meta de que tambi\u00e9n se convierta en un modelo a seguir en algunas discusiones paritarias del sector privado, public\u00f3 El Cronista.<\/p>\n<p>Sobre el primer punto desde el Gobierno deslizan que el salario m\u00ednimo deber\u00eda tener como referencia un piso de actualizaci\u00f3n del 30%, repitiendo el esquema de escalonamiento que ya se estableci\u00f3 en las primeras paritarias definidas. Ese porcentaje significar\u00eda elevar el actual sueldo m\u00ednimo de $ 21.600 (el \u00faltimo tramo del aumento del a\u00f1o pasado rige desde este mes) a $ 28.080 en por lo menos tres etapas. \u00abLo ideal es que la suba sea unos puntos por arriba del 29%, como ocurre con algunas paritarias\u00bb, indic\u00f3 a El Cronista un funcionario del Ejecutivo, al tiempo que razon\u00f3 que \u00abun buen n\u00famero\u00bb ser\u00eda llevar el piso salarial a $ 30.000.<\/p>\n","protected":false},"excerpt":{"rendered":"<p>El Gobierno convocar\u00e1 en abril al Consejo del Salario. El nuevo piso se ubicar\u00e1 entre $ 28.000 y $ 30.000, pero entre la dirigencia gremial ya anticipan un reclamo mayor<\/p>\n","protected":false},"author":8,"featured_media":0,"comment_status":"open","ping_status":"open","sticky":false,"template":"","format":"standard","meta":{"_jetpack_newsletter_access":"","_jetpack_dont_email_post_to_subs":false,"_jetpack_newsletter_tier_id":0,"_jetpack_memberships_contains_paywalled_content":false,"_jetpack_memberships_contains_paid_content":false,"footnotes":""},"categories":[45],"tags":[],"class_list":["post-117371","post","type-post","status-publish","format-standard","hentry","category-economia"],"jetpack_featured_media_url":"","jetpack_shortlink":"https:\/\/wp.me\/p2JWE0-ux5","jetpack-related-posts":[{"id":119923,"url":"https:\/\/www.24baires.com\/?p=119923","url_meta":{"origin":117371,"position":0},"title":"El Consejo del Salario defini\u00f3 actualizar el m\u00ednimo a 88 mil pesos para junio","author":"AF","date":"21\/03\/2023","format":false,"excerpt":"Con disidencias de las dos CTA, el Consejo dispuso un aumento de 26,5 por ciento en tres tramos en abril, mayo y junio y revisi\u00f3n de los valores en julio. En la reuni\u00f3n que inaugura el periodo anual de abril de 2023 a marzo de 2024 del Consejo del Salario\u2026","rel":"","context":"En \u00abSociedad\u00bb","block_context":{"text":"Sociedad","link":"https:\/\/www.24baires.com\/?cat=1"},"img":{"alt_text":"","src":"https:\/\/i0.wp.com\/www.24baires.com\/wp-content\/uploads\/2023\/03\/consejo-salario.jpeg?resize=350%2C200","width":350,"height":200,"srcset":"https:\/\/i0.wp.com\/www.24baires.com\/wp-content\/uploads\/2023\/03\/consejo-salario.jpeg?resize=350%2C200 1x, https:\/\/i0.wp.com\/www.24baires.com\/wp-content\/uploads\/2023\/03\/consejo-salario.jpeg?resize=525%2C300 1.5x, https:\/\/i0.wp.com\/www.24baires.com\/wp-content\/uploads\/2023\/03\/consejo-salario.jpeg?resize=700%2C400 2x"},"classes":[]},{"id":118023,"url":"https:\/\/www.24baires.com\/?p=118023","url_meta":{"origin":117371,"position":1},"title":"Se re\u00fane el Consejo del Salario para fijar un nuevo aumento del m\u00ednimo","author":"GB","date":"21\/09\/2021","format":false,"excerpt":"Participar\u00e1n los representantes empresarios de las diversas c\u00e1maras de actividades, la CGT y ambas CTA. En el encuentro se determinar\u00e1n tambi\u00e9n los montos de la prestaci\u00f3n por desempleo El Gobierno nacional convoc\u00f3 para hoy, a partir de las 14, al Consejo Nacional del Empleo, la Productividad y el Salario m\u00ednimo,\u2026","rel":"","context":"En \u00abEconom\u00eda\u00bb","block_context":{"text":"Econom\u00eda","link":"https:\/\/www.24baires.com\/?cat=45"},"img":{"alt_text":"","src":"https:\/\/i0.wp.com\/www.24baires.com\/wp-content\/uploads\/2019\/02\/pesos.jpg?resize=350%2C200","width":350,"height":200,"srcset":"https:\/\/i0.wp.com\/www.24baires.com\/wp-content\/uploads\/2019\/02\/pesos.jpg?resize=350%2C200 1x, https:\/\/i0.wp.com\/www.24baires.com\/wp-content\/uploads\/2019\/02\/pesos.jpg?resize=525%2C300 1.5x"},"classes":[]},{"id":103663,"url":"https:\/\/www.24baires.com\/?p=103663","url_meta":{"origin":117371,"position":2},"title":"El Gobierno convoc\u00f3 al Consejo del Salario","author":"AF","date":"03\/08\/2018","format":false,"excerpt":"Representantes gremiales y empresariales se reunir\u00e1n en el Ministerio de Trabajo el mi\u00e9rcoles de la semana que viene y la propuesta oficial ser\u00eda una suba del m\u00ednimo del 25%. El Ministerio de Trabajo convoc\u00f3 para el pr\u00f3ximo mi\u00e9rcoles al Consejo del Salario a causa de la fuerte escalada de inflaci\u00f3n,\u2026","rel":"","context":"En \u00abSociedad\u00bb","block_context":{"text":"Sociedad","link":"https:\/\/www.24baires.com\/?cat=1"},"img":{"alt_text":"","src":"https:\/\/i0.wp.com\/www.24baires.com\/wp-content\/uploads\/2018\/08\/triaca-macri.jpg?resize=350%2C200","width":350,"height":200,"srcset":"https:\/\/i0.wp.com\/www.24baires.com\/wp-content\/uploads\/2018\/08\/triaca-macri.jpg?resize=350%2C200 1x, https:\/\/i0.wp.com\/www.24baires.com\/wp-content\/uploads\/2018\/08\/triaca-macri.jpg?resize=525%2C300 1.5x"},"classes":[]},{"id":116471,"url":"https:\/\/www.24baires.com\/?p=116471","url_meta":{"origin":117371,"position":3},"title":"Se acord\u00f3 un aumento de 28% para salario m\u00ednimo, vital y m\u00f3vil","author":"AF","date":"14\/10\/2020","format":false,"excerpt":"Los ajustes ser\u00e1n de 12% en octubre, 10% en diciembre y 6% en marzo. La CGT pidi\u00f3 que se vuelva a reunir el plenario en abril 2021, luego del \u00faltimo aumento programado. El Consejo del Empleo, la Productividad y el Salario M\u00ednimo, Vital y M\u00f3vil fij\u00f3 un aumento de 28%\u2026","rel":"","context":"En \u00abSociedad\u00bb","block_context":{"text":"Sociedad","link":"https:\/\/www.24baires.com\/?cat=1"},"img":{"alt_text":"","src":"https:\/\/i0.wp.com\/www.24baires.com\/wp-content\/uploads\/2018\/11\/industria.jpg?resize=350%2C200","width":350,"height":200,"srcset":"https:\/\/i0.wp.com\/www.24baires.com\/wp-content\/uploads\/2018\/11\/industria.jpg?resize=350%2C200 1x, https:\/\/i0.wp.com\/www.24baires.com\/wp-content\/uploads\/2018\/11\/industria.jpg?resize=525%2C300 1.5x"},"classes":[]},{"id":111838,"url":"https:\/\/www.24baires.com\/?p=111838","url_meta":{"origin":117371,"position":4},"title":"El pa\u00eds march\u00f3 contra el hambre, la pobreza y el desempleo","author":"AF","date":"28\/08\/2019","format":false,"excerpt":"En un impresionante acto en el centro de la Ciudad de Buenos Aires, miles de personas se manifestaron ante los alarmantes niveles de pobreza, que se intensificaron debido a la \u00faltima mega devaluaci\u00f3n macrista. Un masivo acto convocado por trabajadores y trabajadoras de la econom\u00eda popular tuvo como objetivo reclamar\u2026","rel":"","context":"En \u00abSociedad\u00bb","block_context":{"text":"Sociedad","link":"https:\/\/www.24baires.com\/?cat=1"},"img":{"alt_text":"","src":"https:\/\/i0.wp.com\/www.24baires.com\/wp-content\/uploads\/2019\/08\/marcha.jpg?resize=350%2C200","width":350,"height":200,"srcset":"https:\/\/i0.wp.com\/www.24baires.com\/wp-content\/uploads\/2019\/08\/marcha.jpg?resize=350%2C200 1x, https:\/\/i0.wp.com\/www.24baires.com\/wp-content\/uploads\/2019\/08\/marcha.jpg?resize=525%2C300 1.5x"},"classes":[]},{"id":121003,"url":"https:\/\/www.24baires.com\/?p=121003","url_meta":{"origin":117371,"position":5},"title":"El Gobierno fij\u00f3 en $180 mil el Salario M\u00ednimo para febrero","author":"GB","date":"20\/02\/2024","format":false,"excerpt":"Ante la falta de acuerdo con el Consejo del Salario, el Gobierno dio a conocer hoy el nuevo monto del Salario M\u00ednimo, que llegar\u00e1 a $202.800 en marzo. El Gobierno nacional estableci\u00f3 hoy el Salario M\u00ednimo Vital y M\u00f3vil en $180.000 para febrero y en $202.800 para marzo, inform\u00f3 el\u2026","rel":"","context":"En \u00abEconom\u00eda\u00bb","block_context":{"text":"Econom\u00eda","link":"https:\/\/www.24baires.com\/?cat=45"},"img":{"alt_text":"","src":"https:\/\/i0.wp.com\/www.24baires.com\/wp-content\/uploads\/2024\/02\/salarios.jpeg?resize=350%2C200","width":350,"height":200,"srcset":"https:\/\/i0.wp.com\/www.24baires.com\/wp-content\/uploads\/2024\/02\/salarios.jpeg?resize=350%2C200 1x, https:\/\/i0.wp.com\/www.24baires.com\/wp-content\/uploads\/2024\/02\/salarios.jpeg?resize=525%2C300 1.5x, https:\/\/i0.wp.com\/www.24baires.com\/wp-content\/uploads\/2024\/02\/salarios.jpeg?resize=700%2C400 2x"},"classes":[]}],"jetpack_sharing_enabled":true,"jetpack_likes_enabled":true,"_links":{"self":[{"href":"https:\/\/www.24baires.com\/index.php?rest_route=\/wp\/v2\/posts\/117371","targetHints":{"allow":["GET"]}}],"collection":[{"href":"https:\/\/www.24baires.com\/index.php?rest_route=\/wp\/v2\/posts"}],"about":[{"href":"https:\/\/www.24baires.com\/index.php?rest_route=\/wp\/v2\/types\/post"}],"author":[{"embeddable":true,"href":"https:\/\/www.24baires.com\/index.php?rest_route=\/wp\/v2\/users\/8"}],"replies":[{"embeddable":true,"href":"https:\/\/www.24baires.com\/index.php?rest_route=%2Fwp%2Fv2%2Fcomments&post=117371"}],"version-history":[{"count":1,"href":"https:\/\/www.24baires.com\/index.php?rest_route=\/wp\/v2\/posts\/117371\/revisions"}],"predecessor-version":[{"id":117373,"href":"https:\/\/www.24baires.com\/index.php?rest_route=\/wp\/v2\/posts\/117371\/revisions\/117373"}],"wp:attachment":[{"href":"https:\/\/www.24baires.com\/index.php?rest_route=%2Fwp%2Fv2%2Fmedia&parent=117371"}],"wp:term":[{"taxonomy":"category","embeddable":true,"href":"https:\/\/www.24baires.com\/index.php?rest_route=%2Fwp%2Fv2%2Fcategories&post=117371"},{"taxonomy":"post_tag","embeddable":true,"href":"https:\/\/www.24baires.com\/index.php?rest_route=%2Fwp%2Fv2%2Ftags&post=117371"}],"curies":[{"name":"wp","href":"https:\/\/api.w.org\/{rel}","templated":true}]}}