{"id":11734,"date":"2013-01-10T12:30:12","date_gmt":"2013-01-10T15:30:12","guid":{"rendered":"http:\/\/www.24baires.com\/?p=11734"},"modified":"2013-01-10T13:56:07","modified_gmt":"2013-01-10T16:56:07","slug":"hasselhoff-el-guardavidas-de-scioli-fue-elegido-como-peor-actor","status":"publish","type":"post","link":"https:\/\/www.24baires.com\/?p=11734","title":{"rendered":"Hasselhoff, el guardavidas de Scioli, fue elegido como peor actor"},"content":{"rendered":"<p><a href=\"http:\/\/www.24baires.com\/sociedad\/11734-hasselhoff-el-guardavidas-de-scioli-fue-elegido-como-peor-actor\/attachment\/disi-hasselhoff\/\" rel=\"attachment wp-att-11735\"><img data-recalc-dims=\"1\" loading=\"lazy\" decoding=\"async\" class=\"alignleft size-full wp-image-11735\" alt=\"disi hasselhoff\" src=\"https:\/\/i0.wp.com\/www.24baires.com\/wp-content\/uploads\/2013\/01\/disi-hasselhoff.jpg?resize=300%2C188\" width=\"300\" height=\"188\" \/><\/a>El protagonista de la propaganda \u00abVamos a la Playa\u00bb no qued\u00f3 bien parado en la elecci\u00f3n de un premio.<!--more--><br \/>\nDavid Hasselhoff llega en el auto fant\u00e1stico a la playa. Se baja y corre como en Baywatch hasta la garita donde lo esperaba Emilio Disi. Uno de los protagonistas de los Ba\u00f1eros m\u00e1s Locos del Mundo le da consejos al norteamericano de c\u00f3mo actuar en las playas argentinas.<\/p>\n<p>La contrataci\u00f3n del actor levant\u00f3 cr\u00edticas al gobierno de Daniel Scioli, quien lo eligi\u00f3 para la campa\u00f1a veraniega Vamos a la Playa, que fomenta el turismo en la Costa Bonaerense. Es que, seg\u00fan la oposici\u00f3n, se le pag\u00f3 unos 800 mil pesos al actor internacional para hacer la publicidad.<br \/>\nLos reproches podr\u00edan aumentar ahora, luego de que Hasselhof fuera nominado como \u00abpeor actor de reparto\u00bb por su participaci\u00f3n en \u00abPira\u00f1a 3D 2\u00bb, pel\u00edcula sobre el cual los cr\u00edticos de cine destacaron la inversi\u00f3n en \u00ab80.000 litros de sangre falsa, violencia extrema, gore, di\u00e1logos terriblemente cursis, alta tensi\u00f3n, estrellas porno y concursos de camisetas mojadas en 3D\u00bb.<\/p>\n<p>Uno de los protagonistas de Baywatch comparte la nominaci\u00f3n con Taylor Lautner, por Amanecer: Parte 2; Liam Neeson, por Battleship; Nick Swardson, por Desmadre de padre y Vainilla Ice, por el mismo film. Hasselhof, entonces, podr\u00eda hacerse con un premio Golden Raspberry, que se entregan desde 1980 como s\u00e1tira a los premios Oscar.<\/p>\n<p>&nbsp;<\/p>\n<p>&nbsp;<\/p>\n<p>&nbsp;<\/p>\n<p>&nbsp;<\/p>\n<p>&nbsp;<\/p>\n<p>&nbsp;<\/p>\n<p>&nbsp;<\/p>\n<p>&nbsp;<\/p>\n<p>&nbsp;<\/p>\n<p>&nbsp;<\/p>\n<p>&nbsp;<\/p>\n<p>&nbsp;<\/p>\n<p>&nbsp;<\/p>\n<p>&nbsp;<\/p>\n<p>&nbsp;<\/p>\n<p>&nbsp;<\/p>\n<p>&nbsp;<\/p>\n<p>&nbsp;<\/p>\n<p>&nbsp;<\/p>\n<p>&nbsp;<\/p>\n<p>&nbsp;<\/p>\n<p>&nbsp;<\/p>\n<p>&nbsp;<\/p>\n<p>&nbsp;<\/p>\n","protected":false},"excerpt":{"rendered":"<p>El protagonista de la propaganda \u00abVamos a la Playa\u00bb no qued\u00f3 bien parado en la elecci\u00f3n de un premio.<\/p>\n","protected":false},"author":4,"featured_media":0,"comment_status":"open","ping_status":"open","sticky":false,"template":"","format":"standard","meta":{"_jetpack_newsletter_access":"","_jetpack_dont_email_post_to_subs":false,"_jetpack_newsletter_tier_id":0,"_jetpack_memberships_contains_paywalled_content":false,"_jetpack_memberships_contains_paid_content":false,"footnotes":""},"categories":[1],"tags":[],"class_list":["post-11734","post","type-post","status-publish","format-standard","hentry","category-sociedad"],"jetpack_featured_media_url":"","jetpack_shortlink":"https:\/\/wp.me\/p2JWE0-33g","jetpack-related-posts":[{"id":6267,"url":"https:\/\/www.24baires.com\/?p=6267","url_meta":{"origin":11734,"position":0},"title":"Scioli vuelve a hacer de la suyas: ahora habr\u00eda contratado David Hasselhoff de Baywatch","author":"Grupo Sierra","date":"21\/11\/2012","format":false,"excerpt":"El protagonista de la serie estadounidense Baywatch, David Hasselhoff, habr\u00eda sido contratado por el Gobierno provincial para un spot de cara a la temporada 2013. Varios legisladores de la oposici\u00f3n cuestionaron un presunto desembolso en d\u00f3lares en medio de la crisis econ\u00f3mica que atraviesa la Provincia. \"\u00bfEs una\u00a0joda? hace 4\u2026","rel":"","context":"En \u00abProvincia\u00bb","block_context":{"text":"Provincia","link":"https:\/\/www.24baires.com\/?cat=40"},"img":{"alt_text":"","src":"https:\/\/i0.wp.com\/www.24baires.com\/wp-content\/uploads\/2012\/11\/publicidad-mar-del-plata.jpg?resize=350%2C200","width":350,"height":200,"srcset":"https:\/\/i0.wp.com\/www.24baires.com\/wp-content\/uploads\/2012\/11\/publicidad-mar-del-plata.jpg?resize=350%2C200 1x, https:\/\/i0.wp.com\/www.24baires.com\/wp-content\/uploads\/2012\/11\/publicidad-mar-del-plata.jpg?resize=525%2C300 1.5x"},"classes":[]},{"id":8210,"url":"https:\/\/www.24baires.com\/?p=8210","url_meta":{"origin":11734,"position":1},"title":"Ya est\u00e1 circulando la pol\u00e9mica propaganda que Hasselhoff film\u00f3 para Scioli","author":"AF","date":"07\/12\/2012","format":false,"excerpt":"COSTA ATL\u00c1NTICA -\u00a0El protagonista de la serie Baywatch, David Hasselhoff,\u00a0promociona las costas bonaerenses junto al argentino Emilio Disi en una publicidad titulada \u201cVamos a la playa\u201d, que encarg\u00f3 la secretar\u00eda de Turismo provincial de cara al verano 2013. La pol\u00e9mica propaganda ya comenz\u00f3 a circular por internet y por televisi\u00f3n.\u00a0El\u2026","rel":"","context":"En \u00abProvincia\u00bb","block_context":{"text":"Provincia","link":"https:\/\/www.24baires.com\/?cat=40"},"img":{"alt_text":"","src":"","width":0,"height":0},"classes":[]},{"id":6796,"url":"https:\/\/www.24baires.com\/?p=6796","url_meta":{"origin":11734,"position":2},"title":"Guardavidas se movilizar\u00e1n exigiendo pol\u00edticas de seguridad en playa","author":"AF","date":"26\/11\/2012","format":false,"excerpt":"El Sindicato \u00danico de Guardavidas de la Rep\u00fablica Argentina (SUGARA) confirm\u00f3 una movilizaci\u00f3n masiva a la Casa de Gobierno bonaerense, el pr\u00f3ximo mi\u00e9rcoles, ante la \u201causencia de pol\u00edticas de seguridad en Playa\u201d de la gesti\u00f3n de Daniel Scioli de cara al inicio de la temporada de verano. As\u00ed lo confirm\u00f3\u2026","rel":"","context":"En \u00abSociedad\u00bb","block_context":{"text":"Sociedad","link":"https:\/\/www.24baires.com\/?cat=1"},"img":{"alt_text":"","src":"https:\/\/i0.wp.com\/www.24baires.com\/wp-content\/uploads\/2012\/11\/guardavidas.png?resize=350%2C200","width":350,"height":200},"classes":[]},{"id":12730,"url":"https:\/\/www.24baires.com\/?p=12730","url_meta":{"origin":11734,"position":3},"title":"Comenz\u00f3 a funcionar la Primera Exposici\u00f3n Provincial sobre Gesti\u00f3n Integral de Residuos","author":"AF","date":"18\/01\/2013","format":false,"excerpt":"MAR DEL PLATA - La exposici\u00f3n se realiza en el Paseo de los Pescadores del Puerto del 18 al 20 de enero, con entrada libre y gratuita, para concientizar a la comunidad sobre la minimizaci\u00f3n, valorizaci\u00f3n y tecnolog\u00eda disponible para su tratamiento. El Organismo Provincial para el Desarrollo Sostenible (OPDS),\u2026","rel":"","context":"En \u00abLocales\u00bb","block_context":{"text":"Locales","link":"https:\/\/www.24baires.com\/?cat=38"},"img":{"alt_text":"opds MDP","src":"https:\/\/i0.wp.com\/www.24baires.com\/wp-content\/uploads\/2013\/01\/opds-MDP-300x191.jpg?resize=350%2C200","width":350,"height":200},"classes":[]},{"id":7113,"url":"https:\/\/www.24baires.com\/?p=7113","url_meta":{"origin":11734,"position":4},"title":"Guardavidas furiosos marcharon a la Gobernaci\u00f3n","author":"AF","date":"28\/11\/2012","format":false,"excerpt":"LA PLATA - Piden que la Jefatura de Gabinete remueva de su cargo al titular de la Comisi\u00f3n Provincial de Guardavidas, a quien acusan de \u201cusurpar un cargo y no entender nada de la actividad\u201d. Piden que \u201cse tome la profesi\u00f3n con seriedad\u201d y no descartan profundizar las medidas de\u2026","rel":"","context":"En \u00abSociedad\u00bb","block_context":{"text":"Sociedad","link":"https:\/\/www.24baires.com\/?cat=1"},"img":{"alt_text":"","src":"https:\/\/i0.wp.com\/www.24baires.com\/wp-content\/uploads\/2012\/11\/guardavidas-gobernaci%C3%B3n.jpg?resize=350%2C200","width":350,"height":200,"srcset":"https:\/\/i0.wp.com\/www.24baires.com\/wp-content\/uploads\/2012\/11\/guardavidas-gobernaci%C3%B3n.jpg?resize=350%2C200 1x, https:\/\/i0.wp.com\/www.24baires.com\/wp-content\/uploads\/2012\/11\/guardavidas-gobernaci%C3%B3n.jpg?resize=525%2C300 1.5x"},"classes":[]},{"id":59065,"url":"https:\/\/www.24baires.com\/?p=59065","url_meta":{"origin":11734,"position":5},"title":"Scioli agradeci\u00f3 \u00abpor la mayor obra portuaria en 50 a\u00f1os\u00bb","author":"GB","date":"23\/12\/2014","format":false,"excerpt":"BERISSO-El gobernador bonaerense dej\u00f3 inaugurado el Puerto de La Plata, ubicado en la localidad bonaerense de Berisso. \"Vamos a terminar el a\u00f1o con paz social y di\u00e1logo entre todos los sectores\", prometi\u00f3. La nueva terminal ofrece una alternativa para las cargas contenerizadas con origen o destino en Argentina, complementaria con\u2026","rel":"","context":"En \u00abSociedad\u00bb","block_context":{"text":"Sociedad","link":"https:\/\/www.24baires.com\/?cat=1"},"img":{"alt_text":"scioli en berisso","src":"https:\/\/i0.wp.com\/www.24baires.com\/wp-content\/uploads\/2014\/12\/scioli-en-berisso.jpg?resize=350%2C200","width":350,"height":200,"srcset":"https:\/\/i0.wp.com\/www.24baires.com\/wp-content\/uploads\/2014\/12\/scioli-en-berisso.jpg?resize=350%2C200 1x, https:\/\/i0.wp.com\/www.24baires.com\/wp-content\/uploads\/2014\/12\/scioli-en-berisso.jpg?resize=525%2C300 1.5x"},"classes":[]}],"jetpack_sharing_enabled":true,"jetpack_likes_enabled":true,"_links":{"self":[{"href":"https:\/\/www.24baires.com\/index.php?rest_route=\/wp\/v2\/posts\/11734","targetHints":{"allow":["GET"]}}],"collection":[{"href":"https:\/\/www.24baires.com\/index.php?rest_route=\/wp\/v2\/posts"}],"about":[{"href":"https:\/\/www.24baires.com\/index.php?rest_route=\/wp\/v2\/types\/post"}],"author":[{"embeddable":true,"href":"https:\/\/www.24baires.com\/index.php?rest_route=\/wp\/v2\/users\/4"}],"replies":[{"embeddable":true,"href":"https:\/\/www.24baires.com\/index.php?rest_route=%2Fwp%2Fv2%2Fcomments&post=11734"}],"version-history":[{"count":3,"href":"https:\/\/www.24baires.com\/index.php?rest_route=\/wp\/v2\/posts\/11734\/revisions"}],"predecessor-version":[{"id":11738,"href":"https:\/\/www.24baires.com\/index.php?rest_route=\/wp\/v2\/posts\/11734\/revisions\/11738"}],"wp:attachment":[{"href":"https:\/\/www.24baires.com\/index.php?rest_route=%2Fwp%2Fv2%2Fmedia&parent=11734"}],"wp:term":[{"taxonomy":"category","embeddable":true,"href":"https:\/\/www.24baires.com\/index.php?rest_route=%2Fwp%2Fv2%2Fcategories&post=11734"},{"taxonomy":"post_tag","embeddable":true,"href":"https:\/\/www.24baires.com\/index.php?rest_route=%2Fwp%2Fv2%2Ftags&post=11734"}],"curies":[{"name":"wp","href":"https:\/\/api.w.org\/{rel}","templated":true}]}}