{"id":117257,"date":"2021-03-03T11:00:41","date_gmt":"2021-03-03T14:00:41","guid":{"rendered":"http:\/\/www.24baires.com\/?p=117257"},"modified":"2021-03-03T09:28:01","modified_gmt":"2021-03-03T12:28:01","slug":"el-fmi-financio-la-campana-de-macri-dijo-guzman","status":"publish","type":"post","link":"https:\/\/www.24baires.com\/?p=117257","title":{"rendered":"\u201cEl FMI financi\u00f3 la campa\u00f1a de Macri\u201d, dijo Guzman"},"content":{"rendered":"<p><img data-recalc-dims=\"1\" loading=\"lazy\" decoding=\"async\" src=\"https:\/\/i0.wp.com\/www.24baires.com\/wp-content\/uploads\/2020\/01\/guzman.jpg?resize=560%2C349\" alt=\"\" width=\"560\" height=\"349\" class=\"aligncenter size-full wp-image-113880\" srcset=\"https:\/\/i0.wp.com\/www.24baires.com\/wp-content\/uploads\/2020\/01\/guzman.jpg?w=560&amp;ssl=1 560w, https:\/\/i0.wp.com\/www.24baires.com\/wp-content\/uploads\/2020\/01\/guzman.jpg?resize=300%2C187&amp;ssl=1 300w\" sizes=\"auto, (max-width: 560px) 100vw, 560px\" \/>El ministro de econom\u00eda asegur\u00f3 estar negociando un pr\u00e9stamo de facilidades extendidas a 10 a\u00f1os y que la situaci\u00f3n cambiaria est\u00e1 \u00abbajo control\u00bb.<!--more--><\/p>\n<p>El ministro de Econom\u00eda de la Naci\u00f3n, Mart\u00edn Guzm\u00e1n, afirm\u00f3 que el Fondo Monetario Internacional es responsable de lo que pas\u00f3 en Argentina y que fue un pr\u00e9stamo pol\u00edtico.<\/p>\n<p>\u201cEl FMI es responsable de lo que pas\u00f3 en Argentina. Le prest\u00f3 a un gobierno de una forma que muchos consideramos que fue un pr\u00e9stamo pol\u00edtico, fue para apoyar la campa\u00f1a del presidente anterior, a costa del sufrimiento del pueblo argentino\u201d dijo.<\/p>\n<p>En declaraciones period\u00edsticas durante el martes a la noche, el funcionario asegur\u00f3 que se contin\u00faa negociando con las autoridades del FMI y que \u201ces tan grande el pr\u00e9stamos que se hace dif\u00edcil su sostenibilidad en un per\u00edodo corto\u201d.<\/p>\n<p>\u201cEstamos trabajando en condiciones para que la tasa de inter\u00e9s sea lo mejor posible y es algo que plante\u00e9 en el G-20, la reducci\u00f3n de los sobrecostos en la tasa de inter\u00e9s del FMI\u201d agreg\u00f3.<\/p>\n<p>En cuanto a los precios del d\u00f3lar, Guzm\u00e1n destac\u00f3 que el gobierno tiene \u201cel control de la situaci\u00f3n cambiaria\u201d e insisti\u00f3 en que no habr\u00e1 devaluaci\u00f3n\u201d y el ajuste ser\u00e1 gradual \u201centre el 24 y 25%\u201d, de modo que para diciembre de este a\u00f1o la cotizaci\u00f3n est\u00e9 en torno a 102,05 pesos por d\u00f3lar.<\/p>\n<p>\u201cLa inflaci\u00f3n es un problema multicasual. No se arregla solo frenando la emisi\u00f3n monetaria, sino tambi\u00e9n con exportaciones y solucionando el d\u00e9ficit fiscal\u201d explic\u00f3.<\/p>\n<p>Sobre las elecciones legislativas de este a\u00f1o, el funcionario de Alberto Fern\u00e1ndez descart\u00f3 ser candidato a diputado nacional ya que est\u00e1 \u201c100% abocado\u201d a su rol como ministro y su tarea de \u201ctranquilizar la econom\u00eda\u201d.<\/p>\n<p>\u00abDebemos tranquilizar la econom\u00eda porque nuestro objetivo es ir a una econom\u00eda tranquila que genere trabajo en todos los sectores, que sea din\u00e1mica, que agregue valor y estabilidad donde la gente viva tranquila\u00bb puntualiz\u00f3.<\/p>\n","protected":false},"excerpt":{"rendered":"<p>El ministro de econom\u00eda asegur\u00f3 estar negociando un pr\u00e9stamo de facilidades extendidas a 10 a\u00f1os y que la situaci\u00f3n cambiaria est\u00e1 \u00abbajo control\u00bb.<\/p>\n","protected":false},"author":8,"featured_media":0,"comment_status":"open","ping_status":"open","sticky":false,"template":"","format":"standard","meta":{"_jetpack_newsletter_access":"","_jetpack_dont_email_post_to_subs":false,"_jetpack_newsletter_tier_id":0,"_jetpack_memberships_contains_paywalled_content":false,"_jetpack_memberships_contains_paid_content":false,"footnotes":""},"categories":[45],"tags":[],"class_list":["post-117257","post","type-post","status-publish","format-standard","hentry","category-economia"],"jetpack_featured_media_url":"","jetpack_shortlink":"https:\/\/wp.me\/p2JWE0-uvf","jetpack-related-posts":[{"id":118612,"url":"https:\/\/www.24baires.com\/?p=118612","url_meta":{"origin":117257,"position":0},"title":"Guzm\u00e1n: \u00abArgentina enfrenta una situaci\u00f3n de gran potencial desestabilizador\u00bb","author":"AF","date":"07\/03\/2022","format":false,"excerpt":"Tras encabezar cumbre clave con diputados del Frente de Todos, el ministro de Econom\u00eda asiste a la C\u00e1mara de Diputados en el inicio del tratamiento del proyecto. El ministro de Econom\u00eda, Mart\u00edn Guzm\u00e1n, dijo hoy que la Argentina \"enfrenta una situaci\u00f3n de gran potencial desestablizador por la combinaci\u00f3n de la\u2026","rel":"","context":"En \u00abPol\u00edtica\u00bb","block_context":{"text":"Pol\u00edtica","link":"https:\/\/www.24baires.com\/?cat=51"},"img":{"alt_text":"","src":"https:\/\/i0.wp.com\/www.24baires.com\/wp-content\/uploads\/2021\/11\/guzman.jpg?resize=350%2C200","width":350,"height":200,"srcset":"https:\/\/i0.wp.com\/www.24baires.com\/wp-content\/uploads\/2021\/11\/guzman.jpg?resize=350%2C200 1x, https:\/\/i0.wp.com\/www.24baires.com\/wp-content\/uploads\/2021\/11\/guzman.jpg?resize=525%2C300 1.5x"},"classes":[]},{"id":118417,"url":"https:\/\/www.24baires.com\/?p=118417","url_meta":{"origin":117257,"position":1},"title":"Fern\u00e1ndez: \u00abAjustar la econom\u00eda es dejar de crecer\u00bb","author":"AF","date":"05\/01\/2022","format":false,"excerpt":"El Presidente encabez\u00f3 una reuni\u00f3n con gobernadores en el Museo del Bicentenario de Casa de Gobierno, donde el ministro Mart\u00edn Guzm\u00e1n les inform\u00f3 sobre las negociaciones. El presidente Alberto Fern\u00e1ndez advirti\u00f3 que \"ajustar la econom\u00eda es dejar de crecer\" y que para el Gobierno argentino \"la palabra ajuste est\u00e1 desterrada\u2026","rel":"","context":"En \u00abPol\u00edtica\u00bb","block_context":{"text":"Pol\u00edtica","link":"https:\/\/www.24baires.com\/?cat=51"},"img":{"alt_text":"","src":"https:\/\/i0.wp.com\/www.24baires.com\/wp-content\/uploads\/2020\/08\/alberto-fern%C3%A1ndez.jpg?resize=350%2C200","width":350,"height":200,"srcset":"https:\/\/i0.wp.com\/www.24baires.com\/wp-content\/uploads\/2020\/08\/alberto-fern%C3%A1ndez.jpg?resize=350%2C200 1x, https:\/\/i0.wp.com\/www.24baires.com\/wp-content\/uploads\/2020\/08\/alberto-fern%C3%A1ndez.jpg?resize=525%2C300 1.5x"},"classes":[]},{"id":117347,"url":"https:\/\/www.24baires.com\/?p=117347","url_meta":{"origin":117257,"position":2},"title":"Mart\u00edn Guzm\u00e1n se reuni\u00f3 durante dos horas con Kristalina Georgieva","author":"AF","date":"23\/03\/2021","format":false,"excerpt":"El ministro de Econom\u00eda y la titular del FMI mantuvieron un encuentro en Washington. Argentina y el FMI alcanzaron un \"di\u00e1logo estrecho\" que continuar\u00e1, en el marco de las negociaciones entre el pa\u00eds y el organismo para lograr un nuevo acuerdo, afirm\u00f3 esta tarde la directora Gerente del FMI. Kristalina\u2026","rel":"","context":"En \u00abEconom\u00eda\u00bb","block_context":{"text":"Econom\u00eda","link":"https:\/\/www.24baires.com\/?cat=45"},"img":{"alt_text":"","src":"https:\/\/i0.wp.com\/www.24baires.com\/wp-content\/uploads\/2020\/05\/guzman-1.jpg?resize=350%2C200","width":350,"height":200,"srcset":"https:\/\/i0.wp.com\/www.24baires.com\/wp-content\/uploads\/2020\/05\/guzman-1.jpg?resize=350%2C200 1x, https:\/\/i0.wp.com\/www.24baires.com\/wp-content\/uploads\/2020\/05\/guzman-1.jpg?resize=525%2C300 1.5x"},"classes":[]},{"id":115435,"url":"https:\/\/www.24baires.com\/?p=115435","url_meta":{"origin":117257,"position":3},"title":"\u00abEsperamos ser capaces de alcanzar un mejor entendimiento con los acreedores\u00bb","author":"AF","date":"23\/06\/2020","format":false,"excerpt":"As\u00ed lo indic\u00f3 el ministro de Econom\u00eda, durante su exposici\u00f3n en un encuentro virtual al que asistieron empresarios de la American Society, organizado por el Council of Americas. El ministro de Econom\u00eda, Martin Guzm\u00e1n, se mostr\u00f3 esperanzado en \u201ccontinuar con las negociaciones de la deuda extranjera, con un proceso constructivo,\u2026","rel":"","context":"En \u00abEconom\u00eda\u00bb","block_context":{"text":"Econom\u00eda","link":"https:\/\/www.24baires.com\/?cat=45"},"img":{"alt_text":"","src":"https:\/\/i0.wp.com\/www.24baires.com\/wp-content\/uploads\/2020\/05\/guzman-1.jpg?resize=350%2C200","width":350,"height":200,"srcset":"https:\/\/i0.wp.com\/www.24baires.com\/wp-content\/uploads\/2020\/05\/guzman-1.jpg?resize=350%2C200 1x, https:\/\/i0.wp.com\/www.24baires.com\/wp-content\/uploads\/2020\/05\/guzman-1.jpg?resize=525%2C300 1.5x"},"classes":[]},{"id":118561,"url":"https:\/\/www.24baires.com\/?p=118561","url_meta":{"origin":117257,"position":4},"title":"El FMI afirm\u00f3 que se est\u00e1 \u00abmuy cerca de llegar a un acuerdo completo con la Argentina\u00bb","author":"AF","date":"18\/02\/2022","format":false,"excerpt":"Fue a trav\u00e9s del director del Departamento del Hemisferio Occidental del organismo, Ilan Goldfajn, qui\u00e9n sostuvo que \u201cestamos ahora muy cerca para llegar a un acuerdo completo con todos los detalles y todas todas las reformas que est\u00e1n en el nuevo programa\". El director del Departamento del Hemisferio Occidental del\u2026","rel":"","context":"En \u00abEconom\u00eda\u00bb","block_context":{"text":"Econom\u00eda","link":"https:\/\/www.24baires.com\/?cat=45"},"img":{"alt_text":"","src":"https:\/\/i0.wp.com\/www.24baires.com\/wp-content\/uploads\/2016\/04\/fmi.jpg?resize=350%2C200","width":350,"height":200,"srcset":"https:\/\/i0.wp.com\/www.24baires.com\/wp-content\/uploads\/2016\/04\/fmi.jpg?resize=350%2C200 1x, https:\/\/i0.wp.com\/www.24baires.com\/wp-content\/uploads\/2016\/04\/fmi.jpg?resize=525%2C300 1.5x"},"classes":[]},{"id":116456,"url":"https:\/\/www.24baires.com\/?p=116456","url_meta":{"origin":117257,"position":5},"title":"El FMI dijo que Argentina caer\u00e1 este a\u00f1o y repuntar\u00e1 en 2021","author":"AF","date":"13\/10\/2020","format":false,"excerpt":"El FMI prev\u00e9 que la econom\u00eda argentina caer\u00e1 este a\u00f1o 11,8% y repuntar\u00e1 4,9% en 2021. El Fondo Monetario Internacional (FMI) vaticin\u00f3 hoy que la econom\u00eda argentina caer\u00e1 este a\u00f1o un 11,8% y repuntar\u00e1 el 4,9% durante 2021. As\u00ed lo indic\u00f3 en el Informe de Perspectivas Econ\u00f3micas (WEO, por sus\u2026","rel":"","context":"En \u00abEconom\u00eda\u00bb","block_context":{"text":"Econom\u00eda","link":"https:\/\/www.24baires.com\/?cat=45"},"img":{"alt_text":"","src":"https:\/\/i0.wp.com\/www.24baires.com\/wp-content\/uploads\/2019\/08\/fmi.jpg?resize=350%2C200","width":350,"height":200,"srcset":"https:\/\/i0.wp.com\/www.24baires.com\/wp-content\/uploads\/2019\/08\/fmi.jpg?resize=350%2C200 1x, https:\/\/i0.wp.com\/www.24baires.com\/wp-content\/uploads\/2019\/08\/fmi.jpg?resize=525%2C300 1.5x"},"classes":[]}],"jetpack_sharing_enabled":true,"jetpack_likes_enabled":true,"_links":{"self":[{"href":"https:\/\/www.24baires.com\/index.php?rest_route=\/wp\/v2\/posts\/117257","targetHints":{"allow":["GET"]}}],"collection":[{"href":"https:\/\/www.24baires.com\/index.php?rest_route=\/wp\/v2\/posts"}],"about":[{"href":"https:\/\/www.24baires.com\/index.php?rest_route=\/wp\/v2\/types\/post"}],"author":[{"embeddable":true,"href":"https:\/\/www.24baires.com\/index.php?rest_route=\/wp\/v2\/users\/8"}],"replies":[{"embeddable":true,"href":"https:\/\/www.24baires.com\/index.php?rest_route=%2Fwp%2Fv2%2Fcomments&post=117257"}],"version-history":[{"count":1,"href":"https:\/\/www.24baires.com\/index.php?rest_route=\/wp\/v2\/posts\/117257\/revisions"}],"predecessor-version":[{"id":117258,"href":"https:\/\/www.24baires.com\/index.php?rest_route=\/wp\/v2\/posts\/117257\/revisions\/117258"}],"wp:attachment":[{"href":"https:\/\/www.24baires.com\/index.php?rest_route=%2Fwp%2Fv2%2Fmedia&parent=117257"}],"wp:term":[{"taxonomy":"category","embeddable":true,"href":"https:\/\/www.24baires.com\/index.php?rest_route=%2Fwp%2Fv2%2Fcategories&post=117257"},{"taxonomy":"post_tag","embeddable":true,"href":"https:\/\/www.24baires.com\/index.php?rest_route=%2Fwp%2Fv2%2Ftags&post=117257"}],"curies":[{"name":"wp","href":"https:\/\/api.w.org\/{rel}","templated":true}]}}