{"id":117229,"date":"2021-02-24T11:07:32","date_gmt":"2021-02-24T14:07:32","guid":{"rendered":"http:\/\/www.24baires.com\/?p=117229"},"modified":"2021-02-24T11:07:32","modified_gmt":"2021-02-24T14:07:32","slug":"guzman-no-hay-que-pasarse-de-largo-con-la-emision-monetaria","status":"publish","type":"post","link":"https:\/\/www.24baires.com\/?p=117229","title":{"rendered":"Guzm\u00e1n: \u00abNo hay que pasarse de largo con la emisi\u00f3n monetaria\u00bb"},"content":{"rendered":"<p><img data-recalc-dims=\"1\" loading=\"lazy\" decoding=\"async\" class=\"alignleft wp-image-117230 size-medium\" src=\"https:\/\/i0.wp.com\/www.24baires.com\/wp-content\/uploads\/2021\/02\/guzman-hablo-la-emision-monetaria-y-las-tareas-bajar-los-precios.jpg?resize=300%2C200\" alt=\"\" width=\"300\" height=\"200\" srcset=\"https:\/\/i0.wp.com\/www.24baires.com\/wp-content\/uploads\/2021\/02\/guzman-hablo-la-emision-monetaria-y-las-tareas-bajar-los-precios.jpg?resize=300%2C200&amp;ssl=1 300w, https:\/\/i0.wp.com\/www.24baires.com\/wp-content\/uploads\/2021\/02\/guzman-hablo-la-emision-monetaria-y-las-tareas-bajar-los-precios.jpg?w=540&amp;ssl=1 540w\" sizes=\"auto, (max-width: 300px) 100vw, 300px\" \/>El ministro de Econom\u00eda, Mart\u00edn Guzm\u00e1n, habl\u00f3 sobre la situaci\u00f3n del pa\u00eds en torno a la pol\u00edtica fiscal y emisi\u00f3n monetaria.<!--more--><\/p>\n<p>El ministro de Econom\u00eda, Mart\u00edn Guzm\u00e1n, habl\u00f3 en el marco de la gira que realiza junto con el presidente, Alberto Fern\u00e1ndez, por M\u00e9xico frente a un grupo de empresarios. All\u00ed, realiz\u00f3 un repaso por la situaci\u00f3n fiscal del pa\u00eds, la emisi\u00f3n monetaria y la problem\u00e1tica de la suba de precios.<\/p>\n<p>El funcionario nacional mantuvo un encuentro con ejecutivos argentinos que se desempe\u00f1an en el sector empresarial mexicano con el objetivo de consolidar la imagen del pa\u00eds y reforzar el v\u00ednculo con la comunidad empresarial local. En ese sentido, lanz\u00f3 una advertencia en torno a la emisi\u00f3n monetaria.<\/p>\n<p>Al respecto, Guzm\u00e1n manifest\u00f3 que \u00abnecesitamos una pol\u00edtica fiscal expansiva para propiciar la recuperaci\u00f3n econ\u00f3mica. Pero tambi\u00e9n garantizar la sostenibilidad fiscal, a\u00f1o a a\u00f1o hay que ir reduciendo el d\u00e9ficit fiscal. La econom\u00eda se tiene que estacionar en una suerte de corredor estrecho. Hay que expandir la econom\u00eda, pero hay que tener cuidado porque hoy tenemos restricciones de financiamiento fuertes y no hay que pasarse de largo con la emisi\u00f3n monetaria\u00bb.<\/p>\n<p>\u00abAsegurar la recuperaci\u00f3n econ\u00f3mica de una forma que se pueda sostener en el tiempo es una de las prioridades para dar previsibilidad y mayor certidumbre hacia adelante. Nos debemos un proceso de fortalecimiento del Estado-Naci\u00f3n. El sector p\u00fablico y privado deben articular reglas de juego buscando consensos, siempre respetando las restricciones macroecon\u00f3micas\u00bb, a\u00f1adi\u00f3.<\/p>\n<p>En torno a la inflaci\u00f3n, explic\u00f3 que \u00abbajar la inflaci\u00f3n es una prioridad y debe haber cooperaci\u00f3n a la hora de plantarnos sobre un sendero que define un alineamiento de expectativas entre aquello hacia donde queremos ir y lo que macroecon\u00f3micamente podemos tener, para poder encauzar las expectativas sobre aquello que realmente es factible debe haber cooperaci\u00f3n entre el sector p\u00fablico y privado\u00bb.<\/p>\n","protected":false},"excerpt":{"rendered":"<p>El ministro de Econom\u00eda, Mart\u00edn Guzm\u00e1n, habl\u00f3 sobre la situaci\u00f3n del pa\u00eds en torno a la pol\u00edtica fiscal y emisi\u00f3n monetaria.<\/p>\n","protected":false},"author":8,"featured_media":0,"comment_status":"open","ping_status":"open","sticky":false,"template":"","format":"standard","meta":{"_jetpack_newsletter_access":"","_jetpack_dont_email_post_to_subs":false,"_jetpack_newsletter_tier_id":0,"_jetpack_memberships_contains_paywalled_content":false,"_jetpack_memberships_contains_paid_content":false,"footnotes":""},"categories":[45],"tags":[],"class_list":["post-117229","post","type-post","status-publish","format-standard","hentry","category-economia"],"jetpack_featured_media_url":"","jetpack_shortlink":"https:\/\/wp.me\/p2JWE0-uuN","jetpack-related-posts":[{"id":117257,"url":"https:\/\/www.24baires.com\/?p=117257","url_meta":{"origin":117229,"position":0},"title":"\u201cEl FMI financi\u00f3 la campa\u00f1a de Macri\u201d, dijo Guzman","author":"GB","date":"03\/03\/2021","format":false,"excerpt":"El ministro de econom\u00eda asegur\u00f3 estar negociando un pr\u00e9stamo de facilidades extendidas a 10 a\u00f1os y que la situaci\u00f3n cambiaria est\u00e1 \"bajo control\". El ministro de Econom\u00eda de la Naci\u00f3n, Mart\u00edn Guzm\u00e1n, afirm\u00f3 que el Fondo Monetario Internacional es responsable de lo que pas\u00f3 en Argentina y que fue un\u2026","rel":"","context":"En \u00abEconom\u00eda\u00bb","block_context":{"text":"Econom\u00eda","link":"https:\/\/www.24baires.com\/?cat=45"},"img":{"alt_text":"","src":"https:\/\/i0.wp.com\/www.24baires.com\/wp-content\/uploads\/2020\/01\/guzman.jpg?resize=350%2C200","width":350,"height":200,"srcset":"https:\/\/i0.wp.com\/www.24baires.com\/wp-content\/uploads\/2020\/01\/guzman.jpg?resize=350%2C200 1x, https:\/\/i0.wp.com\/www.24baires.com\/wp-content\/uploads\/2020\/01\/guzman.jpg?resize=525%2C300 1.5x"},"classes":[]},{"id":114731,"url":"https:\/\/www.24baires.com\/?p=114731","url_meta":{"origin":117229,"position":1},"title":"\u201cNo habr\u00e1 desembolsos en los pr\u00f3ximos tres a\u00f1os\u201d","author":"AF","date":"16\/04\/2020","format":false,"excerpt":"El ministro de Econom\u00eda, Mart\u00edn Guzm\u00e1n, asegur\u00f3 hoy que la Argentina tiene \"una situaci\u00f3n de deuda que no podemos enfrentar con el Fondo Monetario Internacional\" y que el Gobierno nacional trabaja \"un nuevo programa que implique no hacer ning\u00fan desembolso de capital adeudado en los pr\u00f3ximos tres a\u00f1os\". Los detalles\u2026","rel":"","context":"En \u00abEconom\u00eda\u00bb","block_context":{"text":"Econom\u00eda","link":"https:\/\/www.24baires.com\/?cat=45"},"img":{"alt_text":"","src":"https:\/\/i0.wp.com\/www.24baires.com\/wp-content\/uploads\/2016\/04\/fmi.jpg?resize=350%2C200","width":350,"height":200,"srcset":"https:\/\/i0.wp.com\/www.24baires.com\/wp-content\/uploads\/2016\/04\/fmi.jpg?resize=350%2C200 1x, https:\/\/i0.wp.com\/www.24baires.com\/wp-content\/uploads\/2016\/04\/fmi.jpg?resize=525%2C300 1.5x"},"classes":[]},{"id":118612,"url":"https:\/\/www.24baires.com\/?p=118612","url_meta":{"origin":117229,"position":2},"title":"Guzm\u00e1n: \u00abArgentina enfrenta una situaci\u00f3n de gran potencial desestabilizador\u00bb","author":"AF","date":"07\/03\/2022","format":false,"excerpt":"Tras encabezar cumbre clave con diputados del Frente de Todos, el ministro de Econom\u00eda asiste a la C\u00e1mara de Diputados en el inicio del tratamiento del proyecto. El ministro de Econom\u00eda, Mart\u00edn Guzm\u00e1n, dijo hoy que la Argentina \"enfrenta una situaci\u00f3n de gran potencial desestablizador por la combinaci\u00f3n de la\u2026","rel":"","context":"En \u00abPol\u00edtica\u00bb","block_context":{"text":"Pol\u00edtica","link":"https:\/\/www.24baires.com\/?cat=51"},"img":{"alt_text":"","src":"https:\/\/i0.wp.com\/www.24baires.com\/wp-content\/uploads\/2021\/11\/guzman.jpg?resize=350%2C200","width":350,"height":200,"srcset":"https:\/\/i0.wp.com\/www.24baires.com\/wp-content\/uploads\/2021\/11\/guzman.jpg?resize=350%2C200 1x, https:\/\/i0.wp.com\/www.24baires.com\/wp-content\/uploads\/2021\/11\/guzman.jpg?resize=525%2C300 1.5x"},"classes":[]},{"id":118254,"url":"https:\/\/www.24baires.com\/?p=118254","url_meta":{"origin":117229,"position":3},"title":"Guzm\u00e1n: \u201cEstamos viviendo un proceso de recuperaci\u00f3n econ\u00f3mica muy fuerte\u201d","author":"GB","date":"25\/11\/2021","format":false,"excerpt":"Durante su exposici\u00f3n en el cierre de las Jornadas Monetarias 2021 organizadas por el Banco Central, el ministro de Econom\u00eda Mart\u00edn Guzm\u00e1n afirm\u00f3 que \u201cla econom\u00eda este a\u00f1o va a crecer m\u00e1s que el 9%\u201d. El ministro de Econom\u00eda, Mart\u00edn Guzm\u00e1n, expuso este mi\u00e9rcoles en el cierre de las \u201cJornadas\u2026","rel":"","context":"En \u00abEconom\u00eda\u00bb","block_context":{"text":"Econom\u00eda","link":"https:\/\/www.24baires.com\/?cat=45"},"img":{"alt_text":"","src":"https:\/\/i0.wp.com\/www.24baires.com\/wp-content\/uploads\/2021\/11\/guzman.jpg?resize=350%2C200","width":350,"height":200,"srcset":"https:\/\/i0.wp.com\/www.24baires.com\/wp-content\/uploads\/2021\/11\/guzman.jpg?resize=350%2C200 1x, https:\/\/i0.wp.com\/www.24baires.com\/wp-content\/uploads\/2021\/11\/guzman.jpg?resize=525%2C300 1.5x"},"classes":[]},{"id":113879,"url":"https:\/\/www.24baires.com\/?p=113879","url_meta":{"origin":117229,"position":4},"title":"Guzm\u00e1n anticip\u00f3 que el gobierno enviar\u00e1 un proyecto de ley para la \u00absostenibilidad de la deuda\u00bb","author":"GB","date":"21\/01\/2020","format":false,"excerpt":"El ministro de Econom\u00eda cont\u00f3 que el gobierno le pedir\u00e1 formalmente a los bonitas \"m\u00e1s tiempo\" para resolver un \"descalabro macro econ\u00f3mico\". En la misma l\u00ednea suceder\u00eda con la deuda que contrae el gobierno de la provincia. El ministro de Econom\u00eda de la Naci\u00f3n, Mart\u00edn Guzm\u00e1n, realiz\u00f3 una conferencia de\u2026","rel":"","context":"En \u00abEconom\u00eda\u00bb","block_context":{"text":"Econom\u00eda","link":"https:\/\/www.24baires.com\/?cat=45"},"img":{"alt_text":"","src":"https:\/\/i0.wp.com\/www.24baires.com\/wp-content\/uploads\/2020\/01\/guzman.jpg?resize=350%2C200","width":350,"height":200,"srcset":"https:\/\/i0.wp.com\/www.24baires.com\/wp-content\/uploads\/2020\/01\/guzman.jpg?resize=350%2C200 1x, https:\/\/i0.wp.com\/www.24baires.com\/wp-content\/uploads\/2020\/01\/guzman.jpg?resize=525%2C300 1.5x"},"classes":[]},{"id":118574,"url":"https:\/\/www.24baires.com\/?p=118574","url_meta":{"origin":117229,"position":5},"title":"El Banco Mundial confirm\u00f3 cr\u00e9ditos por US$ 2000 millones para Argentina","author":"AF","date":"22\/02\/2022","format":false,"excerpt":"El anuncio se realiz\u00f3 tras una reuni\u00f3n entre Mart\u00edn Guzm\u00e1n, Gustavo Beliz y el director de operaciones del Banco Mundial, Axel van Trtsenburg, quien destac\u00f3 el crecimiento logrado por la Argentina en 2021. El director de operaciones del Banco Mundial, Axel van Trotsenburg, confirm\u00f3 este martes al ministro de Econom\u00eda,\u2026","rel":"","context":"En \u00abEconom\u00eda\u00bb","block_context":{"text":"Econom\u00eda","link":"https:\/\/www.24baires.com\/?cat=45"},"img":{"alt_text":"","src":"https:\/\/i0.wp.com\/www.24baires.com\/wp-content\/uploads\/2022\/02\/621570a23d8c6_900.jpg?resize=350%2C200","width":350,"height":200,"srcset":"https:\/\/i0.wp.com\/www.24baires.com\/wp-content\/uploads\/2022\/02\/621570a23d8c6_900.jpg?resize=350%2C200 1x, https:\/\/i0.wp.com\/www.24baires.com\/wp-content\/uploads\/2022\/02\/621570a23d8c6_900.jpg?resize=525%2C300 1.5x"},"classes":[]}],"jetpack_sharing_enabled":true,"jetpack_likes_enabled":true,"_links":{"self":[{"href":"https:\/\/www.24baires.com\/index.php?rest_route=\/wp\/v2\/posts\/117229","targetHints":{"allow":["GET"]}}],"collection":[{"href":"https:\/\/www.24baires.com\/index.php?rest_route=\/wp\/v2\/posts"}],"about":[{"href":"https:\/\/www.24baires.com\/index.php?rest_route=\/wp\/v2\/types\/post"}],"author":[{"embeddable":true,"href":"https:\/\/www.24baires.com\/index.php?rest_route=\/wp\/v2\/users\/8"}],"replies":[{"embeddable":true,"href":"https:\/\/www.24baires.com\/index.php?rest_route=%2Fwp%2Fv2%2Fcomments&post=117229"}],"version-history":[{"count":1,"href":"https:\/\/www.24baires.com\/index.php?rest_route=\/wp\/v2\/posts\/117229\/revisions"}],"predecessor-version":[{"id":117231,"href":"https:\/\/www.24baires.com\/index.php?rest_route=\/wp\/v2\/posts\/117229\/revisions\/117231"}],"wp:attachment":[{"href":"https:\/\/www.24baires.com\/index.php?rest_route=%2Fwp%2Fv2%2Fmedia&parent=117229"}],"wp:term":[{"taxonomy":"category","embeddable":true,"href":"https:\/\/www.24baires.com\/index.php?rest_route=%2Fwp%2Fv2%2Fcategories&post=117229"},{"taxonomy":"post_tag","embeddable":true,"href":"https:\/\/www.24baires.com\/index.php?rest_route=%2Fwp%2Fv2%2Ftags&post=117229"}],"curies":[{"name":"wp","href":"https:\/\/api.w.org\/{rel}","templated":true}]}}