{"id":117139,"date":"2021-02-05T09:38:44","date_gmt":"2021-02-05T12:38:44","guid":{"rendered":"http:\/\/www.24baires.com\/?p=117139"},"modified":"2021-02-05T09:38:44","modified_gmt":"2021-02-05T12:38:44","slug":"el-gobierno-estima-que-precios-y-salarios-aumentaran-30","status":"publish","type":"post","link":"https:\/\/www.24baires.com\/?p=117139","title":{"rendered":"El Gobierno estima que precios y salarios aumentar\u00e1n 30%"},"content":{"rendered":"<p><img data-recalc-dims=\"1\" loading=\"lazy\" decoding=\"async\" src=\"https:\/\/i0.wp.com\/www.24baires.com\/wp-content\/uploads\/2013\/06\/billete-cien-pesos.jpg?resize=560%2C315\" alt=\"\" width=\"560\" height=\"315\" class=\"aligncenter size-full wp-image-27014\" srcset=\"https:\/\/i0.wp.com\/www.24baires.com\/wp-content\/uploads\/2013\/06\/billete-cien-pesos.jpg?w=560&amp;ssl=1 560w, https:\/\/i0.wp.com\/www.24baires.com\/wp-content\/uploads\/2013\/06\/billete-cien-pesos.jpg?resize=300%2C168&amp;ssl=1 300w\" sizes=\"auto, (max-width: 560px) 100vw, 560px\" \/>El Gobierno nacional comenz\u00f3 el di\u00e1logo con empresarios y sindicatos con el objetivo de acordar la pauta de precios y salarios para el a\u00f1o.<!--more--><\/p>\n<p>El Gobierno nacional ya convoc\u00f3 para la semana pr\u00f3xima tanto a los representantes de los empresarios como a los gremios para empezar a formalizar el acuerdo para los precios y salarios de este 2021. En ese marco, desde el Poder Ejecutivo ya adelantaron cu\u00e1les ser\u00e1n sus perspectivas y se\u00f1alaron que estiman que aumenten hasta un 30% en el a\u00f1o.<\/p>\n<p>En declaraciones a radio El Destape, la vicejefa de Gabinete, Cecilia Todesca Bocco, manifest\u00f3 que \u00abtenemos que ver si podemos converger a una meta que no es del 10%, sino del 30% o 29%. No es lo que a uno le gustar\u00eda tener pero es absolutamente factible de lograr si todos nos ponemos de acuerdo en las trayectorias de las principales variables: tipo de cambio, precios, salarios y tarifas\u201d.<\/p>\n<p>En este marco, la funcionaria nacional consider\u00f3 que es preciso \u201capuntar a ese espacio de debate\u201d y agreg\u00f3 que \u201cpor eso los ministros de Trabajo, Econom\u00eda y Desarrollo Productivo est\u00e1n trabajando en el armado de las reuniones con los sindicalistas y empresarios para contarles c\u00f3mo vemos este a\u00f1o, cu\u00e1les son los objetivos y cu\u00e1les las variables econ\u00f3micas que deben converger para alcanzar ese 29%\u00bb.<\/p>\n<p>\u201cNo va a ser f\u00e1cil pero debemos intentarlo\u201d, sostuvo y expres\u00f3 que se trata de \u00abun camino muy finito en el que la coordinaci\u00f3n entre las variables son muy importantes\u00bb.<\/p>\n","protected":false},"excerpt":{"rendered":"<p>El Gobierno nacional comenz\u00f3 el di\u00e1logo con empresarios y sindicatos con el objetivo de acordar la pauta de precios y salarios para el a\u00f1o.<\/p>\n","protected":false},"author":8,"featured_media":0,"comment_status":"open","ping_status":"open","sticky":false,"template":"","format":"standard","meta":{"_jetpack_newsletter_access":"","_jetpack_dont_email_post_to_subs":false,"_jetpack_newsletter_tier_id":0,"_jetpack_memberships_contains_paywalled_content":false,"_jetpack_memberships_contains_paid_content":false,"footnotes":""},"categories":[45],"tags":[],"class_list":["post-117139","post","type-post","status-publish","format-standard","hentry","category-economia"],"jetpack_featured_media_url":"","jetpack_shortlink":"https:\/\/wp.me\/p2JWE0-utl","jetpack-related-posts":[{"id":107341,"url":"https:\/\/www.24baires.com\/?p=107341","url_meta":{"origin":117139,"position":0},"title":"Aseguran que cae el consumo pero no la inflaci\u00f3n","author":"AF","date":"22\/03\/2019","format":false,"excerpt":"Las estimaciones de consumo del ITE se\u00f1alan un retroceso del 10,2 por ciento interanual en febrero, que sigue retrocediendo mes a mes. La p\u00e9rdida en el poder adquisitivo de los salarios y el incremento en el desempleo arrasan sobre la demanda interna. El consumo se contrajo en febrero 10,2 por\u2026","rel":"","context":"En \u00abSociedad\u00bb","block_context":{"text":"Sociedad","link":"https:\/\/www.24baires.com\/?cat=1"},"img":{"alt_text":"","src":"https:\/\/i0.wp.com\/www.24baires.com\/wp-content\/uploads\/2018\/08\/supermercado.jpg?resize=350%2C200","width":350,"height":200,"srcset":"https:\/\/i0.wp.com\/www.24baires.com\/wp-content\/uploads\/2018\/08\/supermercado.jpg?resize=350%2C200 1x, https:\/\/i0.wp.com\/www.24baires.com\/wp-content\/uploads\/2018\/08\/supermercado.jpg?resize=525%2C300 1.5x"},"classes":[]},{"id":117176,"url":"https:\/\/www.24baires.com\/?p=117176","url_meta":{"origin":117139,"position":1},"title":"Gobierno y empresarios acordaron trabajar para bajar costos y subir el salario","author":"AF","date":"11\/02\/2021","format":false,"excerpt":"La actividad se realiz\u00f3 en el Museo del Bicentenario, y sucedi\u00f3 24 horas despu\u00e9s de la reuni\u00f3n que se mantuvo en el mismo lugar entre los mismos interlocutores gubernamentales y la dirigencia sindical. El gobierno nacional recogi\u00f3 el respaldo de los principales sectores empresariales para trabajar en conjunto en la\u2026","rel":"","context":"En \u00abPol\u00edtica\u00bb","block_context":{"text":"Pol\u00edtica","link":"https:\/\/www.24baires.com\/?cat=51"},"img":{"alt_text":"","src":"https:\/\/i0.wp.com\/www.24baires.com\/wp-content\/uploads\/2021\/02\/cafiero-y-empresarios.jpg?resize=350%2C200","width":350,"height":200,"srcset":"https:\/\/i0.wp.com\/www.24baires.com\/wp-content\/uploads\/2021\/02\/cafiero-y-empresarios.jpg?resize=350%2C200 1x, https:\/\/i0.wp.com\/www.24baires.com\/wp-content\/uploads\/2021\/02\/cafiero-y-empresarios.jpg?resize=525%2C300 1.5x"},"classes":[]},{"id":117371,"url":"https:\/\/www.24baires.com\/?p=117371","url_meta":{"origin":117139,"position":2},"title":"Definir\u00e1n en abril un aumento del salario m\u00ednimo que podr\u00eda rondar el 30%","author":"GB","date":"30\/03\/2021","format":false,"excerpt":"El Gobierno convocar\u00e1 en abril al Consejo del Salario. El nuevo piso se ubicar\u00e1 entre $ 28.000 y $ 30.000, pero entre la dirigencia gremial ya anticipan un reclamo mayor Mientras avanza en el cierre de la principal etapa de la ronda de paritarias del sector privado, el Gobierno acelera\u2026","rel":"","context":"En \u00abEconom\u00eda\u00bb","block_context":{"text":"Econom\u00eda","link":"https:\/\/www.24baires.com\/?cat=45"},"img":{"alt_text":"","src":"https:\/\/i0.wp.com\/www.24baires.com\/wp-content\/uploads\/2021\/03\/0003175697.jpg?resize=350%2C200","width":350,"height":200,"srcset":"https:\/\/i0.wp.com\/www.24baires.com\/wp-content\/uploads\/2021\/03\/0003175697.jpg?resize=350%2C200 1x, https:\/\/i0.wp.com\/www.24baires.com\/wp-content\/uploads\/2021\/03\/0003175697.jpg?resize=525%2C300 1.5x"},"classes":[]},{"id":120047,"url":"https:\/\/www.24baires.com\/?p=120047","url_meta":{"origin":117139,"position":3},"title":"Sergio Massa convocar\u00e1 a un acuerdo de precios y salarios por 90 d\u00edas","author":"GB","date":"27\/04\/2023","format":false,"excerpt":"Tras ponerle un freno a la corrida cambiaria, Sergio Massa se reuni\u00f3 junto a la c\u00fapula de la CGT y cont\u00f3 que realizar\u00e1 un acuerdo de precios y salarios. Luego de una semana caliente en el mercado cambiario, el ministro de Econom\u00eda de la Naci\u00f3n, Sergio Massa, anunci\u00f3 este mi\u00e9rcoles\u2026","rel":"","context":"En \u00abEconom\u00eda\u00bb","block_context":{"text":"Econom\u00eda","link":"https:\/\/www.24baires.com\/?cat=45"},"img":{"alt_text":"","src":"https:\/\/i0.wp.com\/www.24baires.com\/wp-content\/uploads\/2023\/04\/argenchina.jpeg?resize=350%2C200","width":350,"height":200,"srcset":"https:\/\/i0.wp.com\/www.24baires.com\/wp-content\/uploads\/2023\/04\/argenchina.jpeg?resize=350%2C200 1x, https:\/\/i0.wp.com\/www.24baires.com\/wp-content\/uploads\/2023\/04\/argenchina.jpeg?resize=525%2C300 1.5x, https:\/\/i0.wp.com\/www.24baires.com\/wp-content\/uploads\/2023\/04\/argenchina.jpeg?resize=700%2C400 2x"},"classes":[]},{"id":103663,"url":"https:\/\/www.24baires.com\/?p=103663","url_meta":{"origin":117139,"position":4},"title":"El Gobierno convoc\u00f3 al Consejo del Salario","author":"AF","date":"03\/08\/2018","format":false,"excerpt":"Representantes gremiales y empresariales se reunir\u00e1n en el Ministerio de Trabajo el mi\u00e9rcoles de la semana que viene y la propuesta oficial ser\u00eda una suba del m\u00ednimo del 25%. El Ministerio de Trabajo convoc\u00f3 para el pr\u00f3ximo mi\u00e9rcoles al Consejo del Salario a causa de la fuerte escalada de inflaci\u00f3n,\u2026","rel":"","context":"En \u00abSociedad\u00bb","block_context":{"text":"Sociedad","link":"https:\/\/www.24baires.com\/?cat=1"},"img":{"alt_text":"","src":"https:\/\/i0.wp.com\/www.24baires.com\/wp-content\/uploads\/2018\/08\/triaca-macri.jpg?resize=350%2C200","width":350,"height":200,"srcset":"https:\/\/i0.wp.com\/www.24baires.com\/wp-content\/uploads\/2018\/08\/triaca-macri.jpg?resize=350%2C200 1x, https:\/\/i0.wp.com\/www.24baires.com\/wp-content\/uploads\/2018\/08\/triaca-macri.jpg?resize=525%2C300 1.5x"},"classes":[]},{"id":121265,"url":"https:\/\/www.24baires.com\/?p=121265","url_meta":{"origin":117139,"position":5},"title":"Acuerdo parcial de la UTA: no habr\u00e1 paro de colectivos","author":"GB","date":"25\/04\/2024","format":false,"excerpt":"La Uni\u00f3n de Tranviarios Automotor (UTA) acord\u00f3 con los empresarios del sector el pago de dos bonos y la continuidad de las reuniones para discutir salarios; por lo que se suspendi\u00f3 el paro de colectivos en el AMBA. Luego de 5 horas de reuni\u00f3n, la Uni\u00f3n de Tranviarios Automotor (UTA)\u2026","rel":"","context":"En \u00abPol\u00edtica\u00bb","block_context":{"text":"Pol\u00edtica","link":"https:\/\/www.24baires.com\/?cat=51"},"img":{"alt_text":"","src":"https:\/\/i0.wp.com\/www.24baires.com\/wp-content\/uploads\/2024\/03\/colectivos.webp?resize=350%2C200","width":350,"height":200,"srcset":"https:\/\/i0.wp.com\/www.24baires.com\/wp-content\/uploads\/2024\/03\/colectivos.webp?resize=350%2C200 1x, https:\/\/i0.wp.com\/www.24baires.com\/wp-content\/uploads\/2024\/03\/colectivos.webp?resize=525%2C300 1.5x, https:\/\/i0.wp.com\/www.24baires.com\/wp-content\/uploads\/2024\/03\/colectivos.webp?resize=700%2C400 2x"},"classes":[]}],"jetpack_sharing_enabled":true,"jetpack_likes_enabled":true,"_links":{"self":[{"href":"https:\/\/www.24baires.com\/index.php?rest_route=\/wp\/v2\/posts\/117139","targetHints":{"allow":["GET"]}}],"collection":[{"href":"https:\/\/www.24baires.com\/index.php?rest_route=\/wp\/v2\/posts"}],"about":[{"href":"https:\/\/www.24baires.com\/index.php?rest_route=\/wp\/v2\/types\/post"}],"author":[{"embeddable":true,"href":"https:\/\/www.24baires.com\/index.php?rest_route=\/wp\/v2\/users\/8"}],"replies":[{"embeddable":true,"href":"https:\/\/www.24baires.com\/index.php?rest_route=%2Fwp%2Fv2%2Fcomments&post=117139"}],"version-history":[{"count":1,"href":"https:\/\/www.24baires.com\/index.php?rest_route=\/wp\/v2\/posts\/117139\/revisions"}],"predecessor-version":[{"id":117140,"href":"https:\/\/www.24baires.com\/index.php?rest_route=\/wp\/v2\/posts\/117139\/revisions\/117140"}],"wp:attachment":[{"href":"https:\/\/www.24baires.com\/index.php?rest_route=%2Fwp%2Fv2%2Fmedia&parent=117139"}],"wp:term":[{"taxonomy":"category","embeddable":true,"href":"https:\/\/www.24baires.com\/index.php?rest_route=%2Fwp%2Fv2%2Fcategories&post=117139"},{"taxonomy":"post_tag","embeddable":true,"href":"https:\/\/www.24baires.com\/index.php?rest_route=%2Fwp%2Fv2%2Ftags&post=117139"}],"curies":[{"name":"wp","href":"https:\/\/api.w.org\/{rel}","templated":true}]}}