{"id":11712,"date":"2013-01-10T11:08:09","date_gmt":"2013-01-10T14:08:09","guid":{"rendered":"http:\/\/www.24baires.com\/?p=11712"},"modified":"2013-01-10T11:08:16","modified_gmt":"2013-01-10T14:08:16","slug":"docentes-bonaerenses-aseguran-que-no-negociaran-aumentos-inferiores-al-21","status":"publish","type":"post","link":"https:\/\/www.24baires.com\/?p=11712","title":{"rendered":"Docentes bonaerenses aseguran que no negociar\u00e1n aumentos inferiores al 21%"},"content":{"rendered":"<p><a href=\"http:\/\/www.24baires.com\/sociedad\/11712-docentes-bonaerenses-aseguran-que-no-negociaran-aumentos-inferiores-al-21\/attachment\/calamante\/\" rel=\"attachment wp-att-11713\"><img data-recalc-dims=\"1\" loading=\"lazy\" decoding=\"async\" class=\"alignleft size-medium wp-image-11713\" alt=\"calamante\" src=\"https:\/\/i0.wp.com\/www.24baires.com\/wp-content\/uploads\/2013\/01\/calamante.jpg?resize=214%2C300\" width=\"214\" height=\"300\" srcset=\"https:\/\/i0.wp.com\/www.24baires.com\/wp-content\/uploads\/2013\/01\/calamante.jpg?resize=214%2C300&amp;ssl=1 214w, https:\/\/i0.wp.com\/www.24baires.com\/wp-content\/uploads\/2013\/01\/calamante.jpg?w=257&amp;ssl=1 257w\" sizes=\"auto, (max-width: 214px) 100vw, 214px\" \/><\/a>La pr\u00f3xima semana los gremios docentes ser\u00e1n recibidos por las autoridades provinciales para discutir los salarios del 2013. El secretario de Interior de SUTEBA, Ra\u00fal Calamante, confirm\u00f3 que las negociaciones no podr\u00e1n encararse con un aumento inferior al 21 por ciento.<!--more--><br \/>\nEl pr\u00f3ximo lunes, la ministra de Educaci\u00f3n de la Provincia, Nora de Luc\u00eda, recibir\u00e1 junto al ministro de Trabajo bonaerense, Oscar Cuartango, a los gremios docentes para comenzar las negociaciones por las paritarias 2013. El Frente Gremial docente eval\u00faa un pedido de aumento que supere el 21 por ciento obtenido el a\u00f1o pasado para que no corra peligro el comienzo de las clases previsto para el 25 de febrero.<\/p>\n<p>En esta l\u00ednea, el secretario de Interior de SUTEBA, Ra\u00fal Calamante, dijo que \u00abvemos como un hecho muy positivo arrancar las discusiones el 14 de enero y vamos a ir con la expectativa de que se abra el di\u00e1logo y se pueda comenzar a trabajar para dar respuestas a las necesidades de los trabajadores de la Educaci\u00f3n\u00bb.<\/p>\n<p>Con respecto a los anuncios de algunos gremios sobre los valores pretendidos para los salarios, Calamante explic\u00f3 que \u00abno queremos hacer discusiones sobre qui\u00e9n es el m\u00e1s combativo porque elige la cifra m\u00e1s alta\u00bb, en referencia al 48 por ciento que reclama ATE, y agreg\u00f3 que eso \u00abno sirve para la discusi\u00f3n y es faltarle el respeto a las expectativas que tienen muchos docentes\u00bb.<\/p>\n<p>\u00abEstamos convencidos que es necesaria una cifra que permita una actualizaci\u00f3n salarial para recuperar poder adquisitivo frente al proceso inflacionario y que, a su vez, permita seguir jerarquizando el trabajo docente\u00bb, sostuvo.<\/p>\n<p>En cuanto a las declaraciones de De Luc\u00eda, quien asegur\u00f3 que la paritaria marcar\u00e1 una \u00abnueva trayectoria\u00bb en la relaci\u00f3n con los gremios, el secretario de SUTEBA dijo que \u00abojal\u00e1 se den las negociaciones as\u00ed porque nosotros esperamos llegar a un acuerdo aprobado por el conjunto de los docentes de forma org\u00e1nica. Iremos con la mejor predisposici\u00f3n al di\u00e1logo pero con la firmeza que hemos demostrado en la calle y la contundencia que demostramos en la lucha del Frente Gremial\u00bb.<\/p>\n<p>Del mismo modo, en relaci\u00f3n con las palabras de Cuartango, quien pidi\u00f3 \u00abno crear falsas exprectativas a los trabajadores\u00bb, Calamante destac\u00f3 que \u00abconocemos que hay problemas estructurales que tienen que ver con un presupuesto en el que la Provincia tiene que recaudar m\u00e1s y precisamente tienen que grabar m\u00e1s a los sectores de mayor capacidad contributiva\u00bb.<\/p>\n<p>Agreg\u00f3 que \u00aben esta etapa no se deben generar anuncios extravagantes de cara a los docentes que tienen una expectativa leg\u00edtima y que nosotros trataremos de cubrir\u00bb.<\/p>\n<p>Los maestros tambi\u00e9n reclamar\u00e1n durante la paritaria que las escuelas est\u00e9n en condiciones para poder comenzar las clases en febrero y que los planes de obras pednientes se puedan ejecutar en tiempo y forma.<\/p>\n<p>\u00abSomos concientes que los recursos que necesitamos en Educaci\u00f3n no s\u00f3lo se logran tirando cifras, sino aplicando una pol\u00edtica definida para grabar a los mayores contribuyentes para contar con recursos que ayuden a afrontar y cumplir la Ley de Educaci\u00f3n, que para nosotros fue una lucha hist\u00f3rica\u00bb, enfatiz\u00f3.<\/p>\n<p>Los gremios continuar\u00e1n en asamblea permanente para continuar definiendo los lineamientos que llevar\u00e1n a la reuni\u00f3n prevista para la pr\u00f3xima semana en la sede de la Subsecretar\u00eda de la Negociaci\u00f3n Colectiva del Sector P\u00fablico, ubicada en 56 entre 17 y 18 de la ciudad de La Plata.<\/p>\n<p>\u00abEl lunes vamos a hacer pesar nuestra fuerza de organizaci\u00f3n en el marco del Frente Gremial docente para ir a discutir. Si el 14 tenemos paritarias es gracias a la pelea que dimos nosotros a fin de a\u00f1o y precisamente este Frente fue el que hizo posible las condiciones que mejoraron el posicionamiento de los docentes para ir a discutir a este marco paritario\u00bb, finaliz\u00f3 el dirigente gremial.<\/p>\n<p>&nbsp;<\/p>\n<p>&nbsp;<\/p>\n<p>&nbsp;<\/p>\n<p>&nbsp;<\/p>\n<p>&nbsp;<\/p>\n<p>&nbsp;<\/p>\n<p>&nbsp;<\/p>\n<p>&nbsp;<\/p>\n<p>&nbsp;<\/p>\n<p>&nbsp;<\/p>\n<p>&nbsp;<\/p>\n<p>&nbsp;<\/p>\n<p>&nbsp;<\/p>\n<p>&nbsp;<\/p>\n<p>&nbsp;<\/p>\n<p>&nbsp;<\/p>\n<p>&nbsp;<\/p>\n<p>&nbsp;<\/p>\n<p>&nbsp;<\/p>\n<p>&nbsp;<\/p>\n","protected":false},"excerpt":{"rendered":"<p>La pr\u00f3xima semana los gremios docentes ser\u00e1n recibidos por las autoridades provinciales para discutir los salarios del 2013. El secretario de Interior de SUTEBA, Ra\u00fal Calamante, confirm\u00f3 que las negociaciones no podr\u00e1n encararse con un aumento inferior al 21 por ciento.<\/p>\n","protected":false},"author":4,"featured_media":0,"comment_status":"open","ping_status":"open","sticky":false,"template":"","format":"standard","meta":{"_jetpack_newsletter_access":"","_jetpack_dont_email_post_to_subs":false,"_jetpack_newsletter_tier_id":0,"_jetpack_memberships_contains_paywalled_content":false,"_jetpack_memberships_contains_paid_content":false,"footnotes":""},"categories":[1],"tags":[],"class_list":["post-11712","post","type-post","status-publish","format-standard","hentry","category-sociedad"],"jetpack_featured_media_url":"","jetpack_shortlink":"https:\/\/wp.me\/p2JWE0-32U","jetpack-related-posts":[{"id":101728,"url":"https:\/\/www.24baires.com\/?p=101728","url_meta":{"origin":11712,"position":0},"title":"Vidal empeor\u00f3 la oferta a docentes y el mi\u00e9rcoles no habr\u00e1 clases","author":"AF","date":"20\/04\/2018","format":false,"excerpt":"Los maestros bonaerenses denunciaron que la \u00faltima propuesta oficial, que contempla un 10 por ciento de aumento en el primer semestre, en tres cuotas y sin cl\u00e1usula gatillo, \"es inferior\" a la anterior, que llegaba a un 11 por ciento en julio. \"La Provincia est\u00e1 en condiciones de hacer otra\u2026","rel":"","context":"En \u00abSociedad\u00bb","block_context":{"text":"Sociedad","link":"https:\/\/www.24baires.com\/?cat=1"},"img":{"alt_text":"","src":"https:\/\/i0.wp.com\/www.24baires.com\/wp-content\/uploads\/2017\/04\/salarios-docentes.jpg?resize=350%2C200","width":350,"height":200,"srcset":"https:\/\/i0.wp.com\/www.24baires.com\/wp-content\/uploads\/2017\/04\/salarios-docentes.jpg?resize=350%2C200 1x, https:\/\/i0.wp.com\/www.24baires.com\/wp-content\/uploads\/2017\/04\/salarios-docentes.jpg?resize=525%2C300 1.5x"},"classes":[]},{"id":101093,"url":"https:\/\/www.24baires.com\/?p=101093","url_meta":{"origin":11712,"position":1},"title":"Ante posible paro, el gobierno bonaerense convoc\u00f3 a los docentes a paritaria","author":"GB","date":"16\/03\/2018","format":false,"excerpt":"El Poder Ejecutivo llam\u00f3 a una reuni\u00f3n a los sindicatos de los trabajadores de la educaci\u00f3n para el 21 de marzo en el Ministerio de Econom\u00eda. La invitaci\u00f3n se da para intentar desactivar una probable medida de fuerza. El gobierno de la provincia de Buenos Aires convoc\u00f3 a los gremios\u2026","rel":"","context":"En \u00abProvincia\u00bb","block_context":{"text":"Provincia","link":"https:\/\/www.24baires.com\/?cat=40"},"img":{"alt_text":"","src":"https:\/\/i0.wp.com\/www.24baires.com\/wp-content\/uploads\/2018\/02\/docentes.jpg?resize=350%2C200","width":350,"height":200,"srcset":"https:\/\/i0.wp.com\/www.24baires.com\/wp-content\/uploads\/2018\/02\/docentes.jpg?resize=350%2C200 1x, https:\/\/i0.wp.com\/www.24baires.com\/wp-content\/uploads\/2018\/02\/docentes.jpg?resize=525%2C300 1.5x"},"classes":[]},{"id":104904,"url":"https:\/\/www.24baires.com\/?p=104904","url_meta":{"origin":11712,"position":2},"title":"La Provincia pagar\u00e1 el aumento de 30 por ciento pese al rechazo gremial","author":"GB","date":"12\/10\/2018","format":false,"excerpt":"Lo confirm\u00f3 el ministro de Asuntos P\u00fablicos, Federico Su\u00e1rez. Destac\u00f3 la propuesta salarial del Gobierno y acus\u00f3 a los sindicatos de \"mentir\" sobre el presunto cierre de la paritaria. Villegas se sum\u00f3 a las cr\u00edticas y confirm\u00f3 que no habr\u00e1 cl\u00e1usula gatillo. Pese a que los gremios lo rechazaron en\u2026","rel":"","context":"En \u00abProvincia\u00bb","block_context":{"text":"Provincia","link":"https:\/\/www.24baires.com\/?cat=40"},"img":{"alt_text":"","src":"https:\/\/i0.wp.com\/www.24baires.com\/wp-content\/uploads\/2018\/04\/paro-docente-300x182.jpg?resize=350%2C200","width":350,"height":200},"classes":[]},{"id":114229,"url":"https:\/\/www.24baires.com\/?p=114229","url_meta":{"origin":11712,"position":3},"title":"El Frente Gremial Docente rechaz\u00f3 la primera propuesta salarial de Kicillof","author":"GB","date":"27\/02\/2020","format":false,"excerpt":"Contin\u00faan las negociaciones a cuatro d\u00edas del inicio de clases. Hoy habr\u00e1 una nueva reuni\u00f3n El Frente Gremial Docenterechaz\u00f3 la primera propuesta salarial del gobernador Axel Kicillofpor \"insuficiente\".\"Contin\u00faan las negociaciones\", inform\u00f3 el Frente a cuatro d\u00edas del inicio de clases programado el 2 de marzo en este territorio. El Sindicato\u2026","rel":"","context":"En \u00abProvincia\u00bb","block_context":{"text":"Provincia","link":"https:\/\/www.24baires.com\/?cat=40"},"img":{"alt_text":"","src":"https:\/\/i0.wp.com\/www.24baires.com\/wp-content\/uploads\/2020\/02\/paritaria-docente.jpg?resize=350%2C200","width":350,"height":200,"srcset":"https:\/\/i0.wp.com\/www.24baires.com\/wp-content\/uploads\/2020\/02\/paritaria-docente.jpg?resize=350%2C200 1x, https:\/\/i0.wp.com\/www.24baires.com\/wp-content\/uploads\/2020\/02\/paritaria-docente.jpg?resize=525%2C300 1.5x"},"classes":[]},{"id":102204,"url":"https:\/\/www.24baires.com\/?p=102204","url_meta":{"origin":11712,"position":4},"title":"Los gremios bonaerenses har\u00e1n un paro de 48 horas la semana que viene","author":"GB","date":"17\/05\/2018","format":false,"excerpt":"El 22 de mayo har\u00e1n una huelga provincial, mientras que el 23 se sumar\u00e1n al paro nacional y a la Marcha Federal Educativa. Los docentes bonaerenses realizar\u00e1n la pr\u00f3xima semana un paro de 48 horas: el 22 de mayo har\u00e1n una huelga provincial y al d\u00eda siguiente se sumar\u00e1n al\u2026","rel":"","context":"En \u00abProvincia\u00bb","block_context":{"text":"Provincia","link":"https:\/\/www.24baires.com\/?cat=40"},"img":{"alt_text":"","src":"https:\/\/i0.wp.com\/www.24baires.com\/wp-content\/uploads\/2018\/04\/paro-docente.jpg?resize=350%2C200","width":350,"height":200,"srcset":"https:\/\/i0.wp.com\/www.24baires.com\/wp-content\/uploads\/2018\/04\/paro-docente.jpg?resize=350%2C200 1x, https:\/\/i0.wp.com\/www.24baires.com\/wp-content\/uploads\/2018\/04\/paro-docente.jpg?resize=525%2C300 1.5x"},"classes":[]},{"id":103834,"url":"https:\/\/www.24baires.com\/?p=103834","url_meta":{"origin":11712,"position":5},"title":"El gobierno convoc\u00f3 a paritarias a los docentes universitarios","author":"GB","date":"13\/08\/2018","format":false,"excerpt":"El Poder Ejecutivo finalmente llam\u00f3 a los gremios del sector a una reuni\u00f3n para comenzar a negociar un aumento salarial. Adem\u00e1s los sindicatos denuncian recortes en el presupuesto de las universidades. El gobierno nacional resolvi\u00f3 llamar a paritarias a los docentes universitarios para comenzar a negociar un incremento salarial. Los\u2026","rel":"","context":"En \u00abPol\u00edtica\u00bb","block_context":{"text":"Pol\u00edtica","link":"https:\/\/www.24baires.com\/?cat=51"},"img":{"alt_text":"","src":"https:\/\/i0.wp.com\/www.24baires.com\/wp-content\/uploads\/2018\/08\/conadu.jpg?resize=350%2C200","width":350,"height":200,"srcset":"https:\/\/i0.wp.com\/www.24baires.com\/wp-content\/uploads\/2018\/08\/conadu.jpg?resize=350%2C200 1x, https:\/\/i0.wp.com\/www.24baires.com\/wp-content\/uploads\/2018\/08\/conadu.jpg?resize=525%2C300 1.5x"},"classes":[]}],"jetpack_sharing_enabled":true,"jetpack_likes_enabled":true,"_links":{"self":[{"href":"https:\/\/www.24baires.com\/index.php?rest_route=\/wp\/v2\/posts\/11712","targetHints":{"allow":["GET"]}}],"collection":[{"href":"https:\/\/www.24baires.com\/index.php?rest_route=\/wp\/v2\/posts"}],"about":[{"href":"https:\/\/www.24baires.com\/index.php?rest_route=\/wp\/v2\/types\/post"}],"author":[{"embeddable":true,"href":"https:\/\/www.24baires.com\/index.php?rest_route=\/wp\/v2\/users\/4"}],"replies":[{"embeddable":true,"href":"https:\/\/www.24baires.com\/index.php?rest_route=%2Fwp%2Fv2%2Fcomments&post=11712"}],"version-history":[{"count":3,"href":"https:\/\/www.24baires.com\/index.php?rest_route=\/wp\/v2\/posts\/11712\/revisions"}],"predecessor-version":[{"id":11716,"href":"https:\/\/www.24baires.com\/index.php?rest_route=\/wp\/v2\/posts\/11712\/revisions\/11716"}],"wp:attachment":[{"href":"https:\/\/www.24baires.com\/index.php?rest_route=%2Fwp%2Fv2%2Fmedia&parent=11712"}],"wp:term":[{"taxonomy":"category","embeddable":true,"href":"https:\/\/www.24baires.com\/index.php?rest_route=%2Fwp%2Fv2%2Fcategories&post=11712"},{"taxonomy":"post_tag","embeddable":true,"href":"https:\/\/www.24baires.com\/index.php?rest_route=%2Fwp%2Fv2%2Ftags&post=11712"}],"curies":[{"name":"wp","href":"https:\/\/api.w.org\/{rel}","templated":true}]}}