{"id":117103,"date":"2021-02-01T10:41:47","date_gmt":"2021-02-01T13:41:47","guid":{"rendered":"http:\/\/www.24baires.com\/?p=117103"},"modified":"2021-02-01T10:41:47","modified_gmt":"2021-02-01T13:41:47","slug":"provincia-extiende-el-plazo-de-la-oferta-de-canje-de-deuda","status":"publish","type":"post","link":"https:\/\/www.24baires.com\/?p=117103","title":{"rendered":"Provincia extiende el plazo de la oferta de canje de deuda"},"content":{"rendered":"<p><img data-recalc-dims=\"1\" loading=\"lazy\" decoding=\"async\" src=\"https:\/\/i0.wp.com\/www.24baires.com\/wp-content\/uploads\/2020\/04\/kicillof.jpeg?resize=560%2C349\" alt=\"\" width=\"560\" height=\"349\" class=\"aligncenter size-full wp-image-114638\" srcset=\"https:\/\/i0.wp.com\/www.24baires.com\/wp-content\/uploads\/2020\/04\/kicillof.jpeg?w=560&amp;ssl=1 560w, https:\/\/i0.wp.com\/www.24baires.com\/wp-content\/uploads\/2020\/04\/kicillof.jpeg?resize=300%2C187&amp;ssl=1 300w\" sizes=\"auto, (max-width: 560px) 100vw, 560px\" \/>Desde el ministerio de Hacienda que conduce Pablo L\u00f3pez sostuvieron que es otra muestra de \u00abbuena fe\u00bb con los bonistas.<!--more--><\/p>\n<p>El gobierno bonaerense extendi\u00f3 el plazo de la oferta del canje de deuda bajo legislaci\u00f3n extranjera hasta el pr\u00f3ximo 26 de febrero de este a\u00f1o. Desde el ministerio de Hacienda y Finanzas que conduce Pablo L\u00f3pez, lanzaron un breve comunicado que explica las razones de la medida.<\/p>\n<p>\u201cDesde el inicio del proceso de reestructuraci\u00f3n de deuda el equipo econ\u00f3mico est\u00e1 manteniendo di\u00e1logos de buena fe con los bonistas con el objetivo de alcanzar un acuerdo que sea consensuado y sostenible en el mediano y largo plazo; y que est\u00e9 alineado con la realidad fiscal, la capacidad de pago de la Provincia, y que tambi\u00e9n tenga en cuenta las condiciones macroecon\u00f3micas y el impacto sobre las reservas internacionales\u201d, sostuvieron.<\/p>\n<p>La provincia de Buenos Aires mantiene una negociaci\u00f3n con los acreedores por la deuda en ley extranjera, que supera los U$D 7.000 millones, y representa el 70% del endeudamiento total, seg\u00fan el \u00faltimo informe de deuda publicado en abril de 2020. A lo largo del a\u00f1o pasado no se logr\u00f3 llegar a un acuerdo con la pretensi\u00f3n de los tres a\u00f1os de gracia para afrontar los pagos, con una quita del 55% del inter\u00e9s, y del 7% del capital.<\/p>\n<p>El viernes pasado, en una reuni\u00f3n con ministro de otras provincias para tratar el tema de las deudas en conjunto, Pablo L\u00f3pez hizo \u00e9nfasis en la necesidad de generar un desendeudamiento en moneda extrajera y lograr que la financiaci\u00f3n de la Provincia sea a partir de deuda sostenible. Es decir, en pesos y bajo ley local, o a trav\u00e9s de organismos multilaterales de cr\u00e9dito. La negociaci\u00f3n de la Provincia de Buenos Aires es el estandarte para el resto de las provincias que se encuentran en una situaci\u00f3n similar.<\/p>\n<p>En la reuni\u00f3n \u201clogramos elaborar un documento conjunto que contiene 7 puntos de consenso en esta iniciativa federal. Estos puntos van a servir como lineamientos para lograr una deuda compatible con un sendero de crecimiento econ\u00f3mico\u201d, indic\u00f3 Pablo L\u00f3pez.<\/p>\n<p>Adem\u00e1s, se comprometieron a mantener la comunicaci\u00f3n y la coordinaci\u00f3n sobre cada uno de los procesos de desendeudamiento, y rechazaron las \u201cherramientas de presi\u00f3n de car\u00e1cter judicial para forzar soluciones insostenibles\u201d.<\/p>\n","protected":false},"excerpt":{"rendered":"<p>Desde el ministerio de Hacienda que conduce Pablo L\u00f3pez sostuvieron que es otra muestra de \u00abbuena fe\u00bb con los bonistas.<\/p>\n","protected":false},"author":8,"featured_media":0,"comment_status":"open","ping_status":"open","sticky":false,"template":"","format":"standard","meta":{"_jetpack_newsletter_access":"","_jetpack_dont_email_post_to_subs":false,"_jetpack_newsletter_tier_id":0,"_jetpack_memberships_contains_paywalled_content":false,"_jetpack_memberships_contains_paid_content":false,"footnotes":""},"categories":[45],"tags":[],"class_list":["post-117103","post","type-post","status-publish","format-standard","hentry","category-economia"],"jetpack_featured_media_url":"","jetpack_shortlink":"https:\/\/wp.me\/p2JWE0-usL","jetpack-related-posts":[{"id":115250,"url":"https:\/\/www.24baires.com\/?p=115250","url_meta":{"origin":117103,"position":0},"title":"Kicillof extiende la negociaci\u00f3n hasta el 19 de junio","author":"GB","date":"05\/06\/2020","format":false,"excerpt":"El gobernador bonaerense posterg\u00f3 por tercera vez el plazo para negociar con los bonistas. La administraci\u00f3n bonaerense, volvi\u00f3 a extender el plazo del vencimiento de la oferta de canje de la deuda p\u00fablica bajo la legislaci\u00f3n extranjera para suscribir al canje de USD7.148 millones hasta el 19 de junio. Si\u2026","rel":"","context":"En \u00abProvincia\u00bb","block_context":{"text":"Provincia","link":"https:\/\/www.24baires.com\/?cat=40"},"img":{"alt_text":"","src":"https:\/\/i0.wp.com\/www.24baires.com\/wp-content\/uploads\/2020\/04\/kicillof.jpeg?resize=350%2C200","width":350,"height":200,"srcset":"https:\/\/i0.wp.com\/www.24baires.com\/wp-content\/uploads\/2020\/04\/kicillof.jpeg?resize=350%2C200 1x, https:\/\/i0.wp.com\/www.24baires.com\/wp-content\/uploads\/2020\/04\/kicillof.jpeg?resize=525%2C300 1.5x"},"classes":[]},{"id":116224,"url":"https:\/\/www.24baires.com\/?p=116224","url_meta":{"origin":117103,"position":1},"title":"Kicillof posterg\u00f3 el plazo para reestructurar la deuda","author":"AF","date":"14\/09\/2020","format":false,"excerpt":"Se trata de una negociaci\u00f3n que ser\u00e1 clave para definir el futuro de los bonos de otras once provincias del pa\u00eds. El gobernador de la provincia de Buenos Aires, Axel Kicillof, extendi\u00f3 este lunes, por s\u00e9ptima vez, el plazo de aceptaci\u00f3n de la oferta de reestructuraci\u00f3n de duda por US$\u2026","rel":"","context":"En \u00abProvincia\u00bb","block_context":{"text":"Provincia","link":"https:\/\/www.24baires.com\/?cat=40"},"img":{"alt_text":"","src":"https:\/\/i0.wp.com\/www.24baires.com\/wp-content\/uploads\/2020\/07\/kicillof-arroyo.jpeg?resize=350%2C200","width":350,"height":200,"srcset":"https:\/\/i0.wp.com\/www.24baires.com\/wp-content\/uploads\/2020\/07\/kicillof-arroyo.jpeg?resize=350%2C200 1x, https:\/\/i0.wp.com\/www.24baires.com\/wp-content\/uploads\/2020\/07\/kicillof-arroyo.jpeg?resize=525%2C300 1.5x"},"classes":[]},{"id":114975,"url":"https:\/\/www.24baires.com\/?p=114975","url_meta":{"origin":117103,"position":2},"title":"Kicillof consigui\u00f3 el respaldo de los intendentes bonaerenses para el canje de deuda","author":"GB","date":"11\/05\/2020","format":false,"excerpt":"Los jefes comunales calificaron el resultado de la negociaci\u00f3n como \"crucial para el futuro de las y los bonaerenses\" y se volcaron masivamente en respaldo a la posici\u00f3n del gobierno. Este lunes a las 17 horas se vence el plazo para que los bonistas den una respuesta a la propuesta\u2026","rel":"","context":"En \u00abProvincia\u00bb","block_context":{"text":"Provincia","link":"https:\/\/www.24baires.com\/?cat=40"},"img":{"alt_text":"","src":"https:\/\/i0.wp.com\/www.24baires.com\/wp-content\/uploads\/2020\/05\/kicilof.jpg?resize=350%2C200","width":350,"height":200,"srcset":"https:\/\/i0.wp.com\/www.24baires.com\/wp-content\/uploads\/2020\/05\/kicilof.jpg?resize=350%2C200 1x, https:\/\/i0.wp.com\/www.24baires.com\/wp-content\/uploads\/2020\/05\/kicilof.jpg?resize=525%2C300 1.5x"},"classes":[]},{"id":115125,"url":"https:\/\/www.24baires.com\/?p=115125","url_meta":{"origin":117103,"position":3},"title":"Provincia prorrog\u00f3 hasta el 5 de junio el plazo para el canje de deuda","author":"AF","date":"25\/05\/2020","format":false,"excerpt":"Al igual que Naci\u00f3n, el gobierno bonaerense extendi\u00f3 el plazo. La Provincia anunci\u00f3 que extendi\u00f3 hasta el pr\u00f3ximo 5 de junio el plazo para que los acreedores informen si est\u00e1n dispuestos a ingresar en el canje de deuda que lleva adelante la provincia. \"Esta nueva extensi\u00f3n responde a la continuidad\u2026","rel":"","context":"En \u00abProvincia\u00bb","block_context":{"text":"Provincia","link":"https:\/\/www.24baires.com\/?cat=40"},"img":{"alt_text":"","src":"https:\/\/i0.wp.com\/www.24baires.com\/wp-content\/uploads\/2020\/05\/kicilof.jpg?resize=350%2C200","width":350,"height":200,"srcset":"https:\/\/i0.wp.com\/www.24baires.com\/wp-content\/uploads\/2020\/05\/kicilof.jpg?resize=350%2C200 1x, https:\/\/i0.wp.com\/www.24baires.com\/wp-content\/uploads\/2020\/05\/kicilof.jpg?resize=525%2C300 1.5x"},"classes":[]},{"id":113899,"url":"https:\/\/www.24baires.com\/?p=113899","url_meta":{"origin":117103,"position":4},"title":"La Provincia extiende el plazo para seguir con la negociaci\u00f3n de la deuda","author":"AF","date":"22\/01\/2020","format":false,"excerpt":"El Gobierno bonaerense no consigui\u00f3 un acuerdo con los acreedores y se tomar\u00e1 nueve d\u00edas m\u00e1s para seguir con las negociaciones. Sin acuerdo con los acreedores, el gobierno de Axel Kicillof logr\u00f3 entendi\u00f3 hasta el 31 de enero las negociaciones, en busca de ganar tiempo para que los tenedores de\u2026","rel":"","context":"En \u00abProvincia\u00bb","block_context":{"text":"Provincia","link":"https:\/\/www.24baires.com\/?cat=40"},"img":{"alt_text":"","src":"https:\/\/i0.wp.com\/www.24baires.com\/wp-content\/uploads\/2019\/08\/kicillof-1.jpg?resize=350%2C200","width":350,"height":200,"srcset":"https:\/\/i0.wp.com\/www.24baires.com\/wp-content\/uploads\/2019\/08\/kicillof-1.jpg?resize=350%2C200 1x, https:\/\/i0.wp.com\/www.24baires.com\/wp-content\/uploads\/2019\/08\/kicillof-1.jpg?resize=525%2C300 1.5x"},"classes":[]},{"id":113944,"url":"https:\/\/www.24baires.com\/?p=113944","url_meta":{"origin":117103,"position":5},"title":"Acreedores proponen que Provincia haga un pago parcial del bono","author":"GB","date":"29\/01\/2020","format":false,"excerpt":"Bonistas le presentaron al ministerio de Econom\u00eda bonaerense una alternativa para resguardar las finanzas propias y las de la \u00f3rbita provincial. Un grupo de acreedores le propuso al Gobierno bonaerense que pague al menos una parte del capital del bono 2021 para evitar un default en ocho d\u00edas. Allegados a\u2026","rel":"","context":"En \u00abEconom\u00eda\u00bb","block_context":{"text":"Econom\u00eda","link":"https:\/\/www.24baires.com\/?cat=45"},"img":{"alt_text":"","src":"https:\/\/i0.wp.com\/www.24baires.com\/wp-content\/uploads\/2019\/11\/kicillof.jpg?resize=350%2C200","width":350,"height":200,"srcset":"https:\/\/i0.wp.com\/www.24baires.com\/wp-content\/uploads\/2019\/11\/kicillof.jpg?resize=350%2C200 1x, https:\/\/i0.wp.com\/www.24baires.com\/wp-content\/uploads\/2019\/11\/kicillof.jpg?resize=525%2C300 1.5x"},"classes":[]}],"jetpack_sharing_enabled":true,"jetpack_likes_enabled":true,"_links":{"self":[{"href":"https:\/\/www.24baires.com\/index.php?rest_route=\/wp\/v2\/posts\/117103","targetHints":{"allow":["GET"]}}],"collection":[{"href":"https:\/\/www.24baires.com\/index.php?rest_route=\/wp\/v2\/posts"}],"about":[{"href":"https:\/\/www.24baires.com\/index.php?rest_route=\/wp\/v2\/types\/post"}],"author":[{"embeddable":true,"href":"https:\/\/www.24baires.com\/index.php?rest_route=\/wp\/v2\/users\/8"}],"replies":[{"embeddable":true,"href":"https:\/\/www.24baires.com\/index.php?rest_route=%2Fwp%2Fv2%2Fcomments&post=117103"}],"version-history":[{"count":2,"href":"https:\/\/www.24baires.com\/index.php?rest_route=\/wp\/v2\/posts\/117103\/revisions"}],"predecessor-version":[{"id":117105,"href":"https:\/\/www.24baires.com\/index.php?rest_route=\/wp\/v2\/posts\/117103\/revisions\/117105"}],"wp:attachment":[{"href":"https:\/\/www.24baires.com\/index.php?rest_route=%2Fwp%2Fv2%2Fmedia&parent=117103"}],"wp:term":[{"taxonomy":"category","embeddable":true,"href":"https:\/\/www.24baires.com\/index.php?rest_route=%2Fwp%2Fv2%2Fcategories&post=117103"},{"taxonomy":"post_tag","embeddable":true,"href":"https:\/\/www.24baires.com\/index.php?rest_route=%2Fwp%2Fv2%2Ftags&post=117103"}],"curies":[{"name":"wp","href":"https:\/\/api.w.org\/{rel}","templated":true}]}}