{"id":11710,"date":"2013-01-10T11:00:04","date_gmt":"2013-01-10T14:00:04","guid":{"rendered":"http:\/\/www.24baires.com\/?p=11710"},"modified":"2013-01-10T11:00:04","modified_gmt":"2013-01-10T14:00:04","slug":"paran-y-se-movilizan-medicos-nucleados-en-cicop","status":"publish","type":"post","link":"https:\/\/www.24baires.com\/?p=11710","title":{"rendered":"Paran y se movilizan m\u00e9dicos nucleados en CICOP"},"content":{"rendered":"<p>Tambi\u00e9n marchar\u00e1n hoy a la Casa de la Provincia en la Capital Federal, en repudio a la suspensi\u00f3n de un m\u00e9dico. Le solicitan al intendente de Esteban Echeverr\u00eda el \u201ccese con la persecuci\u00f3n gremial\u201d y critican las \u201cp\u00e9simas\u201d condiciones del hospital Santamarina.<!--more--><\/p>\n<p>M\u00e9dicos nucleados en Comisi\u00f3n Interhospitalaria del Conurbano y Provincia (CICOP) realizar\u00e1n hoy un paro en los hospitales p\u00fablicos, dependientes de los municipios y de la Provincia para reclamar la reincorporaci\u00f3n de un m\u00e9dico cesanteado en Esteban Echeverr\u00eda, lo cual denuncian desde el gremio que responde exclusivamente a \u201crazones pol\u00edticas\u201d, inform\u00f3 esta ma\u00f1ana el portal Infocielo.<\/p>\n<p>Como consecuencia de la medida tomada por el gremio, los 77 hospitales bonaerenses y los centros de salud ese gremio parar\u00e1n \u201cpara exigir que el intendente de Esteban Echeverr\u00eda, Fernando Gray, cese con la persecuci\u00f3n gremial hacia el doctor Miguel Molina, dirigente de la seccional de CICOP que se desempe\u00f1a como jefe de sala de Terapia Intensiva del Hospital Santamarina de ese municipio\u00bb, a\u00f1adi\u00f3 el mismo medio.<\/p>\n<p>\u201cLa demanda sistem\u00e1tica de CICOP en defensa del hospital p\u00fablico ha tenido sus repercusiones en la arbitraria medida adoptada por el intendente, cesanteando a un m\u00e9dico del hospital por formar parte del gremio que denuncia el calamitoso estado de la salud en el distrito\u201d, expres\u00f3 la titular del gremio, Viviana Garc\u00eda, mediante un comunicado.<\/p>\n<p>Desde CICOP afirman que el despido de Molina se produjo porque los profesionales vienen denunciando para dar cuenta de \u201clas p\u00e9simas condiciones en que desempe\u00f1an su tarea en el hospital, as\u00ed como las dificultades que padece la poblaci\u00f3n para ser atendida en forma digna\u201d. De esta manera, el sindicato enumer\u00f3 que en el Santamarina se producen ca\u00eddas de techos, inundaciones en diversos sectores, hay falta de agua y comida en mal estado.<\/p>\n<p>\u201cHemos agotado todas las instancias de negociaci\u00f3n; hace dos meses que venimos pidiendo sin \u00e9xito una audiencia con el intendente\u201d , dijo Garc\u00eda y agreg\u00f3 que el paro se llevar\u00e1 a cabo \u201cen los hospitales de toda la provincia, tanto los que dependen de los municipios, los 77 de la Provincia y el Posadas, que es nacional\u201d, sostuvo Garc\u00eda.<\/p>\n<p>&nbsp;<\/p>\n<p>&nbsp;<\/p>\n<p>&nbsp;<\/p>\n<p>&nbsp;<\/p>\n<p>&nbsp;<\/p>\n<p>&nbsp;<\/p>\n<p>&nbsp;<\/p>\n<p>&nbsp;<\/p>\n<p>&nbsp;<\/p>\n<p>&nbsp;<\/p>\n<p>&nbsp;<\/p>\n<p>&nbsp;<\/p>\n<p>&nbsp;<\/p>\n<p>&nbsp;<\/p>\n<p>&nbsp;<\/p>\n<p>&nbsp;<\/p>\n<p>&nbsp;<\/p>\n<p>&nbsp;<\/p>\n<p>&nbsp;<\/p>\n<p>&nbsp;<\/p>\n<p>&nbsp;<\/p>\n<p>&nbsp;<\/p>\n<p>&nbsp;<\/p>\n<p>&nbsp;<\/p>\n<p>&nbsp;<\/p>\n","protected":false},"excerpt":{"rendered":"<p>Tambi\u00e9n marchar\u00e1n hoy a la Casa de la Provincia en la Capital Federal, en repudio a la suspensi\u00f3n de un m\u00e9dico. Le solicitan al intendente de Esteban Echeverr\u00eda el \u201ccese con la persecuci\u00f3n gremial\u201d y critican las \u201cp\u00e9simas\u201d condiciones del hospital Santamarina.<\/p>\n","protected":false},"author":4,"featured_media":0,"comment_status":"open","ping_status":"open","sticky":false,"template":"","format":"standard","meta":{"_jetpack_newsletter_access":"","_jetpack_dont_email_post_to_subs":false,"_jetpack_newsletter_tier_id":0,"_jetpack_memberships_contains_paywalled_content":false,"_jetpack_memberships_contains_paid_content":false,"footnotes":""},"categories":[1],"tags":[],"class_list":["post-11710","post","type-post","status-publish","format-standard","hentry","category-sociedad"],"jetpack_featured_media_url":"","jetpack_shortlink":"https:\/\/wp.me\/p2JWE0-32S","jetpack-related-posts":[{"id":11504,"url":"https:\/\/www.24baires.com\/?p=11504","url_meta":{"origin":11710,"position":0},"title":"M\u00e9dicos nucleados en Cicop paran este jueves","author":"AF","date":"08\/01\/2013","format":false,"excerpt":"Es para reclamar la reincorporaci\u00f3n de un m\u00e9dico cesanteado en Esteban Echeverr\u00eda. Habr\u00e1 una marcha a la casa de la Provincia. Los profesionales de la salud nucleados en Cicop realizar\u00e1n el jueves un paro en los hospitales p\u00fablicos dependientes de los municipios y de la Provincia para reclamar la reincorporaci\u00f3n\u2026","rel":"","context":"En \u00abSociedad\u00bb","block_context":{"text":"Sociedad","link":"https:\/\/www.24baires.com\/?cat=1"},"img":{"alt_text":"","src":"","width":0,"height":0},"classes":[]},{"id":27822,"url":"https:\/\/www.24baires.com\/?p=27822","url_meta":{"origin":11710,"position":1},"title":"Cicop instalar\u00e1 una carpa frente al Municipio de Esteban Echeverr\u00eda exigiendo mejoras sanitarias","author":"AF","date":"08\/07\/2013","format":false,"excerpt":"La medida ser\u00e1 para reclamar por la situaci\u00f3n sanitaria en el distrito y para denunciar sobre los sumarios que el Ejecutivo local abri\u00f3 contra m\u00e9dicos del hospital municipal Santamarina. \u201cEs probable que nos quedemos sin terapia intensiva\u201d, advirti\u00f3 el titular de CICOP en Echeverr\u00eda, Carlos Gracia Costa. El conflicto entre\u2026","rel":"","context":"En \u00abLocales\u00bb","block_context":{"text":"Locales","link":"https:\/\/www.24baires.com\/?cat=38"},"img":{"alt_text":"cicop echeverr\u00eda","src":"https:\/\/i0.wp.com\/www.24baires.com\/wp-content\/uploads\/2013\/07\/cicop-echeverr%C3%ADa-300x187.jpg?resize=350%2C200","width":350,"height":200},"classes":[]},{"id":10759,"url":"https:\/\/www.24baires.com\/?p=10759","url_meta":{"origin":11710,"position":2},"title":"Paran los 77 hospitales solidariz\u00e1ndose con un despido del Santamarina","author":"AF","date":"29\/12\/2012","format":false,"excerpt":"La Asociaci\u00f3n Sindical de Profesionales de la Salud bonaerense (CICOP) convoc\u00f3 a un paro en todos los hospitales de la Provincia en reclamo por el despido de un m\u00e9dico y dirigente del hospital Santamarina de Monte Grande. \u201cEl Ejecutivo local est\u00e1 ciego y est\u00e1 sordo porque no quiere ver ni\u2026","rel":"","context":"En \u00abSociedad\u00bb","block_context":{"text":"Sociedad","link":"https:\/\/www.24baires.com\/?cat=1"},"img":{"alt_text":"cicop","src":"https:\/\/i0.wp.com\/www.24baires.com\/wp-content\/uploads\/2012\/12\/cicop.jpg?resize=350%2C200","width":350,"height":200},"classes":[]},{"id":100234,"url":"https:\/\/www.24baires.com\/?p=100234","url_meta":{"origin":11710,"position":3},"title":"Hospital Posadas: M\u00e9dicos van al paro y marchar\u00e1n hacia el Ministerio de Salud","author":"GB","date":"30\/01\/2018","format":false,"excerpt":"Los trabajadores de la salud nucleados en Cicop comenzaron este martes una nueva medida de fuerza en todo el territorio bonaerense. Exigen la reincorporaci\u00f3n de los 122 empleados despedidos por el gobierno nacional. Profesionales de la salud bonaerense enrolados en Cicop comenzaron este martes una jornada provincial de lucha en\u2026","rel":"","context":"En \u00abProvincia\u00bb","block_context":{"text":"Provincia","link":"https:\/\/www.24baires.com\/?cat=40"},"img":{"alt_text":"","src":"https:\/\/i0.wp.com\/www.24baires.com\/wp-content\/uploads\/2018\/01\/marcha-posadas-1.jpg?resize=350%2C200","width":350,"height":200,"srcset":"https:\/\/i0.wp.com\/www.24baires.com\/wp-content\/uploads\/2018\/01\/marcha-posadas-1.jpg?resize=350%2C200 1x, https:\/\/i0.wp.com\/www.24baires.com\/wp-content\/uploads\/2018\/01\/marcha-posadas-1.jpg?resize=525%2C300 1.5x"},"classes":[]},{"id":22728,"url":"https:\/\/www.24baires.com\/?p=22728","url_meta":{"origin":11710,"position":4},"title":"La falta de acuerdo con los gremios municipales mantiene la tensi\u00f3n en Echeverr\u00eda","author":"Grupo Sierra","date":"05\/05\/2013","format":false,"excerpt":"ESTEBAN ECHEVERR\u00cdA.- Municipales analizan volver al cese de actividades, tras rechazar por tercera vez la oferta de un 22%. Cicop denunci\u00f3 que a empleados les descontaron horas de paro y tambi\u00e9n eval\u00faa medidas de fuerza. Esta semana el conflicto que mantienen los Sindicatos de la Salud y de Trabajadores municipales\u2026","rel":"","context":"En \u00abMunicipios\u00bb","block_context":{"text":"Municipios","link":"https:\/\/www.24baires.com\/?cat=44"},"img":{"alt_text":"","src":"","width":0,"height":0},"classes":[]},{"id":102783,"url":"https:\/\/www.24baires.com\/?p=102783","url_meta":{"origin":11710,"position":5},"title":"Los m\u00e9dicos rechazaron la oferta de Vidal y convocaron a un nuevo paro","author":"GB","date":"15\/06\/2018","format":false,"excerpt":"Cicop rechaz\u00f3 una propuesta de 15 por ciento en tres cuotas y un plus por presentismo. El Congreso de delegados llam\u00f3 a una medida de fuerza para el martes 19. Los m\u00e9dicos y profesionales de la salud nucleados en Cicop rechazaron la oferta de 15 por ciento de aumento que\u2026","rel":"","context":"En \u00abProvincia\u00bb","block_context":{"text":"Provincia","link":"https:\/\/www.24baires.com\/?cat=40"},"img":{"alt_text":"","src":"https:\/\/i0.wp.com\/www.24baires.com\/wp-content\/uploads\/2016\/12\/cicop.jpg?resize=350%2C200","width":350,"height":200,"srcset":"https:\/\/i0.wp.com\/www.24baires.com\/wp-content\/uploads\/2016\/12\/cicop.jpg?resize=350%2C200 1x, https:\/\/i0.wp.com\/www.24baires.com\/wp-content\/uploads\/2016\/12\/cicop.jpg?resize=525%2C300 1.5x"},"classes":[]}],"jetpack_sharing_enabled":true,"jetpack_likes_enabled":true,"_links":{"self":[{"href":"https:\/\/www.24baires.com\/index.php?rest_route=\/wp\/v2\/posts\/11710","targetHints":{"allow":["GET"]}}],"collection":[{"href":"https:\/\/www.24baires.com\/index.php?rest_route=\/wp\/v2\/posts"}],"about":[{"href":"https:\/\/www.24baires.com\/index.php?rest_route=\/wp\/v2\/types\/post"}],"author":[{"embeddable":true,"href":"https:\/\/www.24baires.com\/index.php?rest_route=\/wp\/v2\/users\/4"}],"replies":[{"embeddable":true,"href":"https:\/\/www.24baires.com\/index.php?rest_route=%2Fwp%2Fv2%2Fcomments&post=11710"}],"version-history":[{"count":1,"href":"https:\/\/www.24baires.com\/index.php?rest_route=\/wp\/v2\/posts\/11710\/revisions"}],"predecessor-version":[{"id":11711,"href":"https:\/\/www.24baires.com\/index.php?rest_route=\/wp\/v2\/posts\/11710\/revisions\/11711"}],"wp:attachment":[{"href":"https:\/\/www.24baires.com\/index.php?rest_route=%2Fwp%2Fv2%2Fmedia&parent=11710"}],"wp:term":[{"taxonomy":"category","embeddable":true,"href":"https:\/\/www.24baires.com\/index.php?rest_route=%2Fwp%2Fv2%2Fcategories&post=11710"},{"taxonomy":"post_tag","embeddable":true,"href":"https:\/\/www.24baires.com\/index.php?rest_route=%2Fwp%2Fv2%2Ftags&post=11710"}],"curies":[{"name":"wp","href":"https:\/\/api.w.org\/{rel}","templated":true}]}}