{"id":117093,"date":"2021-01-29T10:16:10","date_gmt":"2021-01-29T13:16:10","guid":{"rendered":"http:\/\/www.24baires.com\/?p=117093"},"modified":"2021-01-29T10:16:10","modified_gmt":"2021-01-29T13:16:10","slug":"se-reglamento-el-aporte-solidario-de-las-grandes-fortunas","status":"publish","type":"post","link":"https:\/\/www.24baires.com\/?p=117093","title":{"rendered":"Se reglament\u00f3 el aporte solidario de las grandes fortunas"},"content":{"rendered":"<p><img data-recalc-dims=\"1\" loading=\"lazy\" decoding=\"async\" src=\"https:\/\/i0.wp.com\/www.24baires.com\/wp-content\/uploads\/2020\/03\/alberto-cafiero.jpg?resize=560%2C349\" alt=\"\" width=\"560\" height=\"349\" class=\"aligncenter size-full wp-image-114532\" srcset=\"https:\/\/i0.wp.com\/www.24baires.com\/wp-content\/uploads\/2020\/03\/alberto-cafiero.jpg?w=560&amp;ssl=1 560w, https:\/\/i0.wp.com\/www.24baires.com\/wp-content\/uploads\/2020\/03\/alberto-cafiero.jpg?resize=300%2C187&amp;ssl=1 300w\" sizes=\"auto, (max-width: 560px) 100vw, 560px\" \/>La ley 27605 establece un aporte por \u00fanica vez de una tasa del 2% a los patrimonios de las personas f\u00edsicas que hayan declarado en el impuesto a las Bienes Personales m\u00e1s de 200 millones de pesos<!--more--><\/p>\n<p>El gobierno nacional reglament\u00f3 la ley de Aporte Solidario y Extraordinario que se cre\u00f3 a trav\u00e9s de la Ley 27605 el pasado 4 de diciembre, por lo que ahora la norma entr\u00f3 en plena vigencia y los titulares de fortunas superiores a los 200 millones de pesos deber\u00e1n afrontar el pagao por \u00fanica vez de un porcentaje que oscila entre el 2 y el 3,5 por ciento.<\/p>\n<p>La reglamentaci\u00f3n se concret\u00f3 a trav\u00e9s del decreto 42\/2021, tiene 12 art\u00edculos y lleva la firma del presidente Alberto Fern\u00e1ndez, del jefe de Gabinete, Santiago Cafiero, y del ministro de Econom\u00eda, Mart\u00edn Guzm\u00e1n.<\/p>\n<p>La norma, en ese aspecto, establece que la tasa a cobrar se ir\u00e1 elevando seg\u00fan el rango de fortuna que se haya declarado: ser\u00e1 del 2,25% para quienes se encuentren entre los $300 y los $400 millones, del 2,50% para aquellos que tengan entre $400 y $600 millones, y del 2,75%, para aquellos patrimonios entre $600 y $800 millones.<\/p>\n<p>El aporte subir\u00e1 hasta el 3% en el caso de las fortunas entre los $800 y $1.500 millones y se extender\u00e1 hasta el 3,25% para quienes tengan entre $1.500 y 3.000 millones.  Por \u00faltimo, a quienes tengan bienes que superen este \u00faltimo valor se les cobrar\u00e1 un 3,5%. De esta manera, estar\u00edan obligados a pagar alrededor de 12.000 contribuyentes.<\/p>\n<p>Adem\u00e1s, la ley 27605 determina espec\u00edficamente cu\u00e1l ser\u00e1 el destino de los fondos recaudados, que ser\u00e1n distribuidos, a saber: en un 25% a exploraci\u00f3n, desarrollo y producci\u00f3n de gas natural; otro 20% a adquirir equipamientos de salud para enfrentar la pandemia; un 20% a apoyar a empresas Pymes; un 20% para financiar el relanzamiento de las becas Progresar creadas para apoyar a j\u00f3venes estudiantes, mientras que el 15% restante se utilizar\u00e1 para la urbanizaci\u00f3n de barrios populares mediante cooperativas organizadas por los vecinos de cada barrio.<\/p>\n","protected":false},"excerpt":{"rendered":"<p>La ley 27605 establece un aporte por \u00fanica vez de una tasa del 2% a los patrimonios de las personas f\u00edsicas que hayan declarado en el impuesto a las Bienes Personales m\u00e1s de 200 millones de pesos<\/p>\n","protected":false},"author":8,"featured_media":0,"comment_status":"open","ping_status":"open","sticky":false,"template":"","format":"standard","meta":{"_jetpack_newsletter_access":"","_jetpack_dont_email_post_to_subs":false,"_jetpack_newsletter_tier_id":0,"_jetpack_memberships_contains_paywalled_content":false,"_jetpack_memberships_contains_paid_content":false,"footnotes":""},"categories":[45,51],"tags":[],"class_list":["post-117093","post","type-post","status-publish","format-standard","hentry","category-economia","category-politica"],"jetpack_featured_media_url":"","jetpack_shortlink":"https:\/\/wp.me\/p2JWE0-usB","jetpack-related-posts":[{"id":116332,"url":"https:\/\/www.24baires.com\/?p=116332","url_meta":{"origin":117093,"position":0},"title":"Diputados logr\u00f3 dictamen para el aporte solidario de las grandes fortunas","author":"AF","date":"25\/09\/2020","format":false,"excerpt":"La iniciativa alcanza a menos de diez mil personas y estipula recaudar unos 307 mil millones de pesos para destinar a planes sanitarios y al sistema productivo. La Comisi\u00f3n de Presupuesto y Hacienda de la C\u00e1mara de Diputados firm\u00f3 este viernes el dictamen de mayor\u00eda para que el proyecto que\u2026","rel":"","context":"En \u00abPol\u00edtica\u00bb","block_context":{"text":"Pol\u00edtica","link":"https:\/\/www.24baires.com\/?cat=51"},"img":{"alt_text":"","src":"https:\/\/i0.wp.com\/www.24baires.com\/wp-content\/uploads\/2020\/09\/diputades.jpg?resize=350%2C200","width":350,"height":200,"srcset":"https:\/\/i0.wp.com\/www.24baires.com\/wp-content\/uploads\/2020\/09\/diputades.jpg?resize=350%2C200 1x, https:\/\/i0.wp.com\/www.24baires.com\/wp-content\/uploads\/2020\/09\/diputades.jpg?resize=525%2C300 1.5x"},"classes":[]},{"id":116696,"url":"https:\/\/www.24baires.com\/?p=116696","url_meta":{"origin":117093,"position":1},"title":"El Frente de Todos conf\u00eda en que tendr\u00e1 los votos para aprobar el Aporte Solidario Extraordinario","author":"AF","date":"13\/11\/2020","format":false,"excerpt":"Despu\u00e9s de la convocatoria del oficialismo y bloques opositores a una sesi\u00f3n especial el pr\u00f3ximo martes para tratar el Aporte Solidario Extraordinario de las Grandes Fortunas, referentes del Frente de Todos manifestaron su optimismo y sus expectativas de que la iniciativa, que busca generar recursos ante la crisis desatada por\u2026","rel":"","context":"En \u00abPol\u00edtica\u00bb","block_context":{"text":"Pol\u00edtica","link":"https:\/\/www.24baires.com\/?cat=51"},"img":{"alt_text":"","src":"https:\/\/i0.wp.com\/www.24baires.com\/wp-content\/uploads\/2020\/04\/massa.jpg?resize=350%2C200","width":350,"height":200,"srcset":"https:\/\/i0.wp.com\/www.24baires.com\/wp-content\/uploads\/2020\/04\/massa.jpg?resize=350%2C200 1x, https:\/\/i0.wp.com\/www.24baires.com\/wp-content\/uploads\/2020\/04\/massa.jpg?resize=525%2C300 1.5x"},"classes":[]},{"id":116756,"url":"https:\/\/www.24baires.com\/?p=116756","url_meta":{"origin":117093,"position":2},"title":"El proyecto de Aporte Solidario obtuvo dictamen y est\u00e1 listo para el debate en sesi\u00f3n","author":"AF","date":"24\/11\/2020","format":false,"excerpt":"La iniciativa que prev\u00e9 recaudar $300 mil millones fue dictaminada luego de una breve intervenci\u00f3n de la titular de AFIP, Mercedes Marco del Pont. Tras ser aprobado la semana pasada en la C\u00e1mara de Diputados, el proyecto de ley de Aporte Solidario y Extraordinario de grandes fortunas obtuvo dictamen de\u2026","rel":"","context":"En \u00abSociedad\u00bb","block_context":{"text":"Sociedad","link":"https:\/\/www.24baires.com\/?cat=1"},"img":{"alt_text":"","src":"https:\/\/i0.wp.com\/www.24baires.com\/wp-content\/uploads\/2020\/11\/el-senado-comenzara-tratar-la-ley-del-aporte-extraordinario-el-martes-300x225.jpg?resize=350%2C200","width":350,"height":200},"classes":[]},{"id":116227,"url":"https:\/\/www.24baires.com\/?p=116227","url_meta":{"origin":117093,"position":3},"title":"Comienza a debatirse el impuesto a la riqueza","author":"GB","date":"15\/09\/2020","format":false,"excerpt":"El puntapie inicial ser\u00e1 el tratamiento en comisi\u00f3n de la iniciativa que crea un aporte solidario por \u00fanica vez para aquellos que posean fortunas superiores a los 200 millones de pesos Este martes la C\u00e1mara de Diputados comenzar\u00e1 a debatir en comisi\u00f3n el proyecto de Aporte Solidario y Extraordinario de\u2026","rel":"","context":"En \u00abPol\u00edtica\u00bb","block_context":{"text":"Pol\u00edtica","link":"https:\/\/www.24baires.com\/?cat=51"},"img":{"alt_text":"","src":"https:\/\/i0.wp.com\/www.24baires.com\/wp-content\/uploads\/2020\/05\/diputados-virtual.jpg?resize=350%2C200","width":350,"height":200,"srcset":"https:\/\/i0.wp.com\/www.24baires.com\/wp-content\/uploads\/2020\/05\/diputados-virtual.jpg?resize=350%2C200 1x, https:\/\/i0.wp.com\/www.24baires.com\/wp-content\/uploads\/2020\/05\/diputados-virtual.jpg?resize=525%2C300 1.5x"},"classes":[]},{"id":116722,"url":"https:\/\/www.24baires.com\/?p=116722","url_meta":{"origin":117093,"position":4},"title":"Diputados aprob\u00f3 el proyecto de Aporte Solidario","author":"GB","date":"18\/11\/2020","format":false,"excerpt":"La C\u00e1mara de Diputados de la Naci\u00f3n aprob\u00f3 por mayor\u00eda en la madrugada de este mi\u00e9rcoles el proyecto de ley del impuesto a la riqueza. La C\u00e1mara de Diputados de la Naci\u00f3n aprob\u00f3 el proyecto de Ley que establece la creaci\u00f3n de un Aporte Solidario y Extraordinario para los patrimonios\u2026","rel":"","context":"En \u00abPol\u00edtica\u00bb","block_context":{"text":"Pol\u00edtica","link":"https:\/\/www.24baires.com\/?cat=51"},"img":{"alt_text":"","src":"https:\/\/i0.wp.com\/www.24baires.com\/wp-content\/uploads\/2020\/09\/diputados.jpg?resize=350%2C200","width":350,"height":200,"srcset":"https:\/\/i0.wp.com\/www.24baires.com\/wp-content\/uploads\/2020\/09\/diputados.jpg?resize=350%2C200 1x, https:\/\/i0.wp.com\/www.24baires.com\/wp-content\/uploads\/2020\/09\/diputados.jpg?resize=525%2C300 1.5x"},"classes":[]},{"id":116713,"url":"https:\/\/www.24baires.com\/?p=116713","url_meta":{"origin":117093,"position":5},"title":"El impuesto a la riqueza llega al Congreso Nacional","author":"GB","date":"17\/11\/2020","format":false,"excerpt":"Se espera una sesi\u00f3n marat\u00f3nica y el oficialismo conf\u00eda en conseguirlos n\u00fameros para aprobar la iniciativa y girarla al Senado, donde cuenta con mayor\u00eda. El proyecto de los diputados M\u00e1ximo Kirchner y Carlos Heller, para crear un Aporte Solidario Extraordinario a las Grandes Fortunas, ser\u00e1 tratado este martes en la\u2026","rel":"","context":"En \u00abPol\u00edtica\u00bb","block_context":{"text":"Pol\u00edtica","link":"https:\/\/www.24baires.com\/?cat=51"},"img":{"alt_text":"","src":"https:\/\/i0.wp.com\/www.24baires.com\/wp-content\/uploads\/2020\/05\/diputados-virtual.jpg?resize=350%2C200","width":350,"height":200,"srcset":"https:\/\/i0.wp.com\/www.24baires.com\/wp-content\/uploads\/2020\/05\/diputados-virtual.jpg?resize=350%2C200 1x, https:\/\/i0.wp.com\/www.24baires.com\/wp-content\/uploads\/2020\/05\/diputados-virtual.jpg?resize=525%2C300 1.5x"},"classes":[]}],"jetpack_sharing_enabled":true,"jetpack_likes_enabled":true,"_links":{"self":[{"href":"https:\/\/www.24baires.com\/index.php?rest_route=\/wp\/v2\/posts\/117093","targetHints":{"allow":["GET"]}}],"collection":[{"href":"https:\/\/www.24baires.com\/index.php?rest_route=\/wp\/v2\/posts"}],"about":[{"href":"https:\/\/www.24baires.com\/index.php?rest_route=\/wp\/v2\/types\/post"}],"author":[{"embeddable":true,"href":"https:\/\/www.24baires.com\/index.php?rest_route=\/wp\/v2\/users\/8"}],"replies":[{"embeddable":true,"href":"https:\/\/www.24baires.com\/index.php?rest_route=%2Fwp%2Fv2%2Fcomments&post=117093"}],"version-history":[{"count":1,"href":"https:\/\/www.24baires.com\/index.php?rest_route=\/wp\/v2\/posts\/117093\/revisions"}],"predecessor-version":[{"id":117094,"href":"https:\/\/www.24baires.com\/index.php?rest_route=\/wp\/v2\/posts\/117093\/revisions\/117094"}],"wp:attachment":[{"href":"https:\/\/www.24baires.com\/index.php?rest_route=%2Fwp%2Fv2%2Fmedia&parent=117093"}],"wp:term":[{"taxonomy":"category","embeddable":true,"href":"https:\/\/www.24baires.com\/index.php?rest_route=%2Fwp%2Fv2%2Fcategories&post=117093"},{"taxonomy":"post_tag","embeddable":true,"href":"https:\/\/www.24baires.com\/index.php?rest_route=%2Fwp%2Fv2%2Ftags&post=117093"}],"curies":[{"name":"wp","href":"https:\/\/api.w.org\/{rel}","templated":true}]}}