{"id":117071,"date":"2021-01-25T16:37:52","date_gmt":"2021-01-25T19:37:52","guid":{"rendered":"http:\/\/www.24baires.com\/?p=117071"},"modified":"2021-01-25T16:37:52","modified_gmt":"2021-01-25T19:37:52","slug":"el-presidente-agradecio-a-angela-merkel-el-respaldo-en-la-negociacion-con-el-fmi","status":"publish","type":"post","link":"https:\/\/www.24baires.com\/?p=117071","title":{"rendered":"El Presidente agradeci\u00f3 a Angela Merkel el respaldo en la negociaci\u00f3n con el FMI"},"content":{"rendered":"<p><img data-recalc-dims=\"1\" loading=\"lazy\" decoding=\"async\" src=\"https:\/\/i0.wp.com\/www.24baires.com\/wp-content\/uploads\/2020\/11\/alberto-fernandez-anuncia-la-construccion-centros-la-ninez.jpg?resize=540%2C360\" alt=\"\" width=\"540\" height=\"360\" class=\"aligncenter size-full wp-image-116604\" srcset=\"https:\/\/i0.wp.com\/www.24baires.com\/wp-content\/uploads\/2020\/11\/alberto-fernandez-anuncia-la-construccion-centros-la-ninez.jpg?w=540&amp;ssl=1 540w, https:\/\/i0.wp.com\/www.24baires.com\/wp-content\/uploads\/2020\/11\/alberto-fernandez-anuncia-la-construccion-centros-la-ninez.jpg?resize=300%2C200&amp;ssl=1 300w\" sizes=\"auto, (max-width: 540px) 100vw, 540px\" \/>La videoconferencia se extendi\u00f3 durante 40 minutos y dialogaron sobre como contin\u00faan las negociaciones para reestructurar la deuda externa de la Argentina con el FMI.<!--more--><\/p>\n<p>El presidente Alberto Fern\u00e1ndez mantuvo este mediod\u00eda desde la Residencia Presidencial de Olivos una videoconferencia con la canciller de Alemania, Angela Merkel, con quien analiz\u00f3 el estado de las negociaciones que mantiene la Argentina con el Fondo Monetario Internacional (FMI) y el Club de Paris, para reestructurar de manera sostenible la deuda externa.<\/p>\n<p>El titular del Ejecutivo nacional agradeci\u00f3 a Merkel el apoyo que Alemania viene dando en el Fondo Monetario, as\u00ed como lo hizo en su momento en el cierre de un acuerdo con los bonistas privados: \u201cNecesitamos que nos sigan acompa\u00f1ando en el acuerdo que eventualmente logremos\u201d, le dijo transmiti\u00f3 Fern\u00e1ndez.<\/p>\n<p>Por su parte, la canciller de Alemania sostuvo que su equipo de asesores econ\u00f3micos viene siguiendo de cerca la cuesti\u00f3n del FMI y el Club de Par\u00eds, donde espera que se alcance el acuerdo que la Argentina necesita.<\/p>\n<p>En otro tramo de la conversaci\u00f3n, el Presidente llam\u00f3 a profundizar el v\u00ednculo con Alemania y Europa y a avanzar con los acuerdos necesarios desde su rol de Presidente pro tempore del Mercosur.<\/p>\n<p>Durante el encuentro que dur\u00f3 40 minutos, Fern\u00e1ndez le inform\u00f3 a su par alemana que sigue de cerca lo que sucede con la pandemia por el coronavirus en Europa, y dialogaron sobre el plan de vacunaci\u00f3n que se est\u00e1 llevando adelante en nuestro pa\u00eds y los acuerdos logrados con los distintos laboratorios para adquirir distintas vacunas. En otro orden de cosas, hablaron sobre la problem\u00e1tica ambiental y el cambio clim\u00e1tico.<\/p>\n<p>TEMAS<\/p>\n","protected":false},"excerpt":{"rendered":"<p>La videoconferencia se extendi\u00f3 durante 40 minutos y dialogaron sobre como contin\u00faan las negociaciones para reestructurar la deuda externa de la Argentina con el FMI.<\/p>\n","protected":false},"author":4,"featured_media":0,"comment_status":"open","ping_status":"open","sticky":false,"template":"","format":"standard","meta":{"_jetpack_newsletter_access":"","_jetpack_dont_email_post_to_subs":false,"_jetpack_newsletter_tier_id":0,"_jetpack_memberships_contains_paywalled_content":false,"_jetpack_memberships_contains_paid_content":false,"footnotes":""},"categories":[45],"tags":[],"class_list":["post-117071","post","type-post","status-publish","format-standard","hentry","category-economia"],"jetpack_featured_media_url":"","jetpack_shortlink":"https:\/\/wp.me\/p2JWE0-usf","jetpack-related-posts":[{"id":117142,"url":"https:\/\/www.24baires.com\/?p=117142","url_meta":{"origin":117071,"position":0},"title":"El Presidente mantuvo una videoconferencia con Macron durante m\u00e1s de una hora","author":"AF","date":"05\/02\/2021","format":false,"excerpt":"El mandatario argentino le pidi\u00f3 a su par franc\u00e9s apoyo para la negociaci\u00f3n que el pa\u00eds encar\u00f3 con el FMI. El presidente Alberto Fern\u00e1ndez mantuvo este viernes durante poco m\u00e1s de una hora una videoconferencia con su par de Francia, Emmanuel Macron, con quien repas\u00f3 varios temas como la lucha\u2026","rel":"","context":"En \u00abPol\u00edtica\u00bb","block_context":{"text":"Pol\u00edtica","link":"https:\/\/www.24baires.com\/?cat=51"},"img":{"alt_text":"","src":"https:\/\/i0.wp.com\/www.24baires.com\/wp-content\/uploads\/2020\/08\/alberto-fern%C3%A1ndez.jpg?resize=350%2C200","width":350,"height":200,"srcset":"https:\/\/i0.wp.com\/www.24baires.com\/wp-content\/uploads\/2020\/08\/alberto-fern%C3%A1ndez.jpg?resize=350%2C200 1x, https:\/\/i0.wp.com\/www.24baires.com\/wp-content\/uploads\/2020\/08\/alberto-fern%C3%A1ndez.jpg?resize=525%2C300 1.5x"},"classes":[]},{"id":114003,"url":"https:\/\/www.24baires.com\/?p=114003","url_meta":{"origin":117071,"position":1},"title":"Fern\u00e1ndez se reuni\u00f3 con Merkel, quien prometi\u00f3 ayudar con la negociaci\u00f3n de la deuda","author":"AF","date":"03\/02\/2020","format":false,"excerpt":"Merkel celebr\u00f3 \"los encuentros con el FMI\", que lleva adelante la gesti\u00f3n de Fern\u00e1ndez en busca de reperfilar la deuda. El presidente Alberto Fern\u00e1ndez comparti\u00f3 este lunes por la tarde una declaraci\u00f3n conjunta en Berl\u00edn con la canciller de Alemania, Angela Merkel, en el marco de su gira para lograr\u2026","rel":"","context":"En \u00abPol\u00edtica\u00bb","block_context":{"text":"Pol\u00edtica","link":"https:\/\/www.24baires.com\/?cat=51"},"img":{"alt_text":"","src":"https:\/\/i0.wp.com\/www.24baires.com\/wp-content\/uploads\/2020\/02\/merkel-fern%C3%A1ndez.jpg?resize=350%2C200","width":350,"height":200,"srcset":"https:\/\/i0.wp.com\/www.24baires.com\/wp-content\/uploads\/2020\/02\/merkel-fern%C3%A1ndez.jpg?resize=350%2C200 1x, https:\/\/i0.wp.com\/www.24baires.com\/wp-content\/uploads\/2020\/02\/merkel-fern%C3%A1ndez.jpg?resize=525%2C300 1.5x"},"classes":[]},{"id":14436,"url":"https:\/\/www.24baires.com\/?p=14436","url_meta":{"origin":117071,"position":2},"title":"Cristina por Twitter sostuvo que el \u00abenojo del FMI\u00bb es porque se le pag\u00f3 toda la deuda","author":"Grupo Sierra","date":"02\/02\/2013","format":false,"excerpt":"En respuesta a la censura, la presidenta critic\u00f3 las pol\u00edticas del Fondo Monetario Internacional y afirm\u00f3 que la Argentina \"construy\u00f3 un mercado interno con inclusi\u00f3n social y pol\u00edticas contrac\u00edclicas\". Tambi\u00e9n tuite\u00f3 \"Por eso nunca mejor expresado que el t\u00edtulo del comunicado del Min de Econom\u00eda:\u201cEl FMI una vez m\u00e1s contra\u2026","rel":"","context":"En \u00abPol\u00edtica\u00bb","block_context":{"text":"Pol\u00edtica","link":"https:\/\/www.24baires.com\/?cat=51"},"img":{"alt_text":"cristina tw fmi","src":"https:\/\/i0.wp.com\/www.24baires.com\/wp-content\/uploads\/2013\/02\/cristina-tw-fmi.jpg?resize=350%2C200","width":350,"height":200,"srcset":"https:\/\/i0.wp.com\/www.24baires.com\/wp-content\/uploads\/2013\/02\/cristina-tw-fmi.jpg?resize=350%2C200 1x, https:\/\/i0.wp.com\/www.24baires.com\/wp-content\/uploads\/2013\/02\/cristina-tw-fmi.jpg?resize=525%2C300 1.5x"},"classes":[]},{"id":108538,"url":"https:\/\/www.24baires.com\/?p=108538","url_meta":{"origin":117071,"position":3},"title":"Dujovne: \u00abLa Argentina no tiene que reestructurar su deuda\u00bb","author":"GB","date":"03\/06\/2019","format":false,"excerpt":"El ministro de Hacienda rechaz\u00f3 que el Gobierno tenga que renegociar su acuerdo con el FMI porque el pa\u00eds es \"perfectamente solvente\". El ministro de Hacienda, Nicol\u00e1s Dujovne, asegur\u00f3 que la Argentina \"no tiene que reestructurar su deuda\" porque \"es perfectamente solvente\" y que a\u00fan es prematuro pensar en renegociar\u2026","rel":"","context":"En \u00abPol\u00edtica\u00bb","block_context":{"text":"Pol\u00edtica","link":"https:\/\/www.24baires.com\/?cat=51"},"img":{"alt_text":"","src":"https:\/\/i0.wp.com\/www.24baires.com\/wp-content\/uploads\/2018\/05\/dujovne-fmi.jpg?resize=350%2C200","width":350,"height":200,"srcset":"https:\/\/i0.wp.com\/www.24baires.com\/wp-content\/uploads\/2018\/05\/dujovne-fmi.jpg?resize=350%2C200 1x, https:\/\/i0.wp.com\/www.24baires.com\/wp-content\/uploads\/2018\/05\/dujovne-fmi.jpg?resize=525%2C300 1.5x"},"classes":[]},{"id":118428,"url":"https:\/\/www.24baires.com\/?p=118428","url_meta":{"origin":117071,"position":4},"title":"\u00abSomos parte de una Patria Grande, aunque muchos quieran dividirnos y someternos\u00bb","author":"AF","date":"07\/01\/2022","format":false,"excerpt":"El presidente manifest\u00f3 sentirse \"honrado por el reconocimiento al pa\u00eds\", que pas\u00f3 a presidir el organismo, y destac\u00f3 que la Celac \u201cno naci\u00f3 para oponerse a nadie\u201d. Adem\u00e1s, agradeci\u00f3 a los pa\u00edses miembros el apoyo a las negociaciones que mantiene la Argentina con el FMI y por el reclamo de\u2026","rel":"","context":"En \u00abPol\u00edtica\u00bb","block_context":{"text":"Pol\u00edtica","link":"https:\/\/www.24baires.com\/?cat=51"},"img":{"alt_text":"","src":"https:\/\/i0.wp.com\/www.24baires.com\/wp-content\/uploads\/2022\/01\/61d884c42a49f_900.jpg?resize=350%2C200","width":350,"height":200,"srcset":"https:\/\/i0.wp.com\/www.24baires.com\/wp-content\/uploads\/2022\/01\/61d884c42a49f_900.jpg?resize=350%2C200 1x, https:\/\/i0.wp.com\/www.24baires.com\/wp-content\/uploads\/2022\/01\/61d884c42a49f_900.jpg?resize=525%2C300 1.5x"},"classes":[]},{"id":55221,"url":"https:\/\/www.24baires.com\/?p=55221","url_meta":{"origin":117071,"position":5},"title":"Kicillof y un importante encuentro con los presidentes del BID y del CAF","author":"Grupo Sierra","date":"11\/10\/2014","format":false,"excerpt":"El ministro de Econom\u00eda mantendr\u00e1 una reuni\u00f3n bilateral con el presidente del Banco Interamericano de Desarrollo (BID), Luis Alberto Moreno, y otra con el titular del Banco de Desarrollo de Am\u00e9rica Latina (CAF), Enrique Garc\u00eda, en el marco de la asamblea anual del Fondo Monetario Internacional (FMI) y del Banco\u2026","rel":"","context":"En \u00abEconom\u00eda\u00bb","block_context":{"text":"Econom\u00eda","link":"https:\/\/www.24baires.com\/?cat=45"},"img":{"alt_text":"kicilllof","src":"https:\/\/i0.wp.com\/www.24baires.com\/wp-content\/uploads\/2014\/07\/kicilllof.jpg?resize=350%2C200","width":350,"height":200,"srcset":"https:\/\/i0.wp.com\/www.24baires.com\/wp-content\/uploads\/2014\/07\/kicilllof.jpg?resize=350%2C200 1x, https:\/\/i0.wp.com\/www.24baires.com\/wp-content\/uploads\/2014\/07\/kicilllof.jpg?resize=525%2C300 1.5x"},"classes":[]}],"jetpack_sharing_enabled":true,"jetpack_likes_enabled":true,"_links":{"self":[{"href":"https:\/\/www.24baires.com\/index.php?rest_route=\/wp\/v2\/posts\/117071","targetHints":{"allow":["GET"]}}],"collection":[{"href":"https:\/\/www.24baires.com\/index.php?rest_route=\/wp\/v2\/posts"}],"about":[{"href":"https:\/\/www.24baires.com\/index.php?rest_route=\/wp\/v2\/types\/post"}],"author":[{"embeddable":true,"href":"https:\/\/www.24baires.com\/index.php?rest_route=\/wp\/v2\/users\/4"}],"replies":[{"embeddable":true,"href":"https:\/\/www.24baires.com\/index.php?rest_route=%2Fwp%2Fv2%2Fcomments&post=117071"}],"version-history":[{"count":1,"href":"https:\/\/www.24baires.com\/index.php?rest_route=\/wp\/v2\/posts\/117071\/revisions"}],"predecessor-version":[{"id":117072,"href":"https:\/\/www.24baires.com\/index.php?rest_route=\/wp\/v2\/posts\/117071\/revisions\/117072"}],"wp:attachment":[{"href":"https:\/\/www.24baires.com\/index.php?rest_route=%2Fwp%2Fv2%2Fmedia&parent=117071"}],"wp:term":[{"taxonomy":"category","embeddable":true,"href":"https:\/\/www.24baires.com\/index.php?rest_route=%2Fwp%2Fv2%2Fcategories&post=117071"},{"taxonomy":"post_tag","embeddable":true,"href":"https:\/\/www.24baires.com\/index.php?rest_route=%2Fwp%2Fv2%2Ftags&post=117071"}],"curies":[{"name":"wp","href":"https:\/\/api.w.org\/{rel}","templated":true}]}}