{"id":117069,"date":"2021-01-25T10:15:50","date_gmt":"2021-01-25T13:15:50","guid":{"rendered":"http:\/\/www.24baires.com\/?p=117069"},"modified":"2021-01-25T10:15:50","modified_gmt":"2021-01-25T13:15:50","slug":"postergan-la-suba-en-el-impuesto-a-los-combustibles","status":"publish","type":"post","link":"https:\/\/www.24baires.com\/?p=117069","title":{"rendered":"Postergan la suba en el impuesto a los combustibles"},"content":{"rendered":"<p>La decisi\u00f3n responde a \u00ablas circunstancias <img data-recalc-dims=\"1\" loading=\"lazy\" decoding=\"async\" src=\"https:\/\/i0.wp.com\/www.24baires.com\/wp-content\/uploads\/2013\/02\/surtidor-nafta.jpg?resize=560%2C420\" alt=\"\" width=\"560\" height=\"420\" class=\"aligncenter size-full wp-image-16384\" srcset=\"https:\/\/i0.wp.com\/www.24baires.com\/wp-content\/uploads\/2013\/02\/surtidor-nafta.jpg?w=560&amp;ssl=1 560w, https:\/\/i0.wp.com\/www.24baires.com\/wp-content\/uploads\/2013\/02\/surtidor-nafta.jpg?resize=300%2C225&amp;ssl=1 300w\" sizes=\"auto, (max-width: 560px) 100vw, 560px\" \/>actuales y la necesaria estabilizaci\u00f3n de los precios\u00bb.<!--more--><\/p>\n<p>El Gobierno posterg\u00f3 hasta el 12 de marzo pr\u00f3ximo la suba en el impuesto a los combustibles prevista para el 1 de marzo.<\/p>\n<p>Mediante el decreto 35\/2021, publicado hoy en el Bolet\u00edn Oficial, la administraci\u00f3n nacional expuso que \u00abel incremento en los montos de impuesto correspondiente al cuarto trimestre de 2020, surtir\u00e1 efectos para la nafta sin plomo, la nafta virgen y el gasoil, desde el 12 de marzo de 2021\u00bb.<\/p>\n<p>En sus considerandos, el Gobierno indic\u00f3 que la postergaci\u00f3n a \u00ablas circunstancias actuales y la necesaria estabilizaci\u00f3n de los precios\u00bb. En consecuencia, se paraliz\u00f3 por diez d\u00edas otro incremento de hasta 5,2% en las naftas y el gasoil que deb\u00eda regir desde el 1 de marzo.<\/p>\n<p>Recordemos que el pasado 16 de enero , la petrolera YPF dispuso un aumento de precios del 3,5% promedio de sus combustibles, lo que incluye el ajuste diferencial por el incremento del componente impositivo de la nafta y el gasoil.<\/p>\n<p>El incremento incluye la suba del Impuesto a los Combustibles L\u00edquidos (ICL) y el Impuesto al Di\u00f3xido de Carbono (IDC) del 7,7% que entr\u00f3 en vigencia a partir del 15 de enero, seg\u00fan lo dispuesto por el Gobierno.<\/p>\n","protected":false},"excerpt":{"rendered":"<p>La decisi\u00f3n responde a \u00ablas circunstancias actuales y la necesaria estabilizaci\u00f3n de los precios\u00bb.<\/p>\n","protected":false},"author":8,"featured_media":0,"comment_status":"open","ping_status":"open","sticky":false,"template":"","format":"standard","meta":{"_jetpack_newsletter_access":"","_jetpack_dont_email_post_to_subs":false,"_jetpack_newsletter_tier_id":0,"_jetpack_memberships_contains_paywalled_content":false,"_jetpack_memberships_contains_paid_content":false,"footnotes":""},"categories":[45],"tags":[],"class_list":["post-117069","post","type-post","status-publish","format-standard","hentry","category-economia"],"jetpack_featured_media_url":"","jetpack_shortlink":"https:\/\/wp.me\/p2JWE0-usd","jetpack-related-posts":[{"id":113193,"url":"https:\/\/www.24baires.com\/?p=113193","url_meta":{"origin":117069,"position":0},"title":"El domingo vuelve a subir el precio del combustible","author":"AF","date":"29\/11\/2019","format":false,"excerpt":"La medida se oficializ\u00f3 este viernes mediante un decreto publicado en el Bolet\u00edn Oficial. Los detalles. El gobierno nacional actualiz\u00f3 este viernes los montos del impuesto a los combustibles, que se aplicar\u00e1n desde este domingo y podr\u00edan impactar en los precios de las naftas y el gasoil. Se trata de\u2026","rel":"","context":"En \u00abSociedad\u00bb","block_context":{"text":"Sociedad","link":"https:\/\/www.24baires.com\/?cat=1"},"img":{"alt_text":"","src":"https:\/\/i0.wp.com\/www.24baires.com\/wp-content\/uploads\/2019\/02\/shel-nafta.jpg?resize=350%2C200","width":350,"height":200,"srcset":"https:\/\/i0.wp.com\/www.24baires.com\/wp-content\/uploads\/2019\/02\/shel-nafta.jpg?resize=350%2C200 1x, https:\/\/i0.wp.com\/www.24baires.com\/wp-content\/uploads\/2019\/02\/shel-nafta.jpg?resize=525%2C300 1.5x"},"classes":[]},{"id":120927,"url":"https:\/\/www.24baires.com\/?p=120927","url_meta":{"origin":117069,"position":1},"title":"El Gobierno posterg\u00f3 el aumento del impuesto a los combustibles","author":"GB","date":"01\/02\/2024","format":false,"excerpt":"Se trata de actualizaci\u00f3n parcial correspondientes al primer, segundo, tercer y cuarto trimestres del a\u00f1o 2023, que hab\u00edan quedado desactualizados. Sin embargo, ya hubo un incremento en varios surtidores. El gobierno nacional posterg\u00f3 para marzo el aumento del impuesto a los combustibles que incide directamente en el valor de la\u2026","rel":"","context":"En \u00abConsumidores\u00bb","block_context":{"text":"Consumidores","link":"https:\/\/www.24baires.com\/?cat=78"},"img":{"alt_text":"","src":"https:\/\/i0.wp.com\/www.24baires.com\/wp-content\/uploads\/2023\/12\/WhatsApp-Image-2023-12-28-at-21.08.54.jpeg?resize=350%2C200","width":350,"height":200,"srcset":"https:\/\/i0.wp.com\/www.24baires.com\/wp-content\/uploads\/2023\/12\/WhatsApp-Image-2023-12-28-at-21.08.54.jpeg?resize=350%2C200 1x, https:\/\/i0.wp.com\/www.24baires.com\/wp-content\/uploads\/2023\/12\/WhatsApp-Image-2023-12-28-at-21.08.54.jpeg?resize=525%2C300 1.5x, https:\/\/i0.wp.com\/www.24baires.com\/wp-content\/uploads\/2023\/12\/WhatsApp-Image-2023-12-28-at-21.08.54.jpeg?resize=700%2C400 2x"},"classes":[]},{"id":113968,"url":"https:\/\/www.24baires.com\/?p=113968","url_meta":{"origin":117069,"position":2},"title":"El Gobierno nacional pospuso hasta marzo la actualizaci\u00f3n del impuesto a los combustibles","author":"GB","date":"30\/01\/2020","format":false,"excerpt":"El Poder Ejecutivo confirm\u00f3 la medida y ahora espera que las petroleras no aumenten sus productores en febrero. Sobre el filo de un nuevo aumento en los combustibles, el Gobierno nacional resolvi\u00f3 posponer hasta marzo la actualizaci\u00f3n del impuesto a las naftas. De esta manera, se estima que las petroleras\u2026","rel":"","context":"En \u00abLocales\u00bb","block_context":{"text":"Locales","link":"https:\/\/www.24baires.com\/?cat=38"},"img":{"alt_text":"","src":"https:\/\/i0.wp.com\/www.24baires.com\/wp-content\/uploads\/2019\/02\/shel-nafta.jpg?resize=350%2C200","width":350,"height":200,"srcset":"https:\/\/i0.wp.com\/www.24baires.com\/wp-content\/uploads\/2019\/02\/shel-nafta.jpg?resize=350%2C200 1x, https:\/\/i0.wp.com\/www.24baires.com\/wp-content\/uploads\/2019\/02\/shel-nafta.jpg?resize=525%2C300 1.5x"},"classes":[]},{"id":108444,"url":"https:\/\/www.24baires.com\/?p=108444","url_meta":{"origin":117069,"position":3},"title":"El Gobierno posterga un mes la suba de un impuesto y as\u00ed la nafta aumentar\u00eda menos","author":"GB","date":"28\/05\/2019","format":false,"excerpt":"El Gobierno nacional postergar\u00e1 por un mes la aplicaci\u00f3n del impuesto a los combustibles que ten\u00eda previsto entrar en vigencia el s\u00e1bado, por lo que la nafta que iba a aumentar en torno al 3%, lo har\u00eda solamente la mitad. As\u00ed lo confirmaron desde la secretar\u00eda de Energ\u00eda, que publicar\u00e1\u2026","rel":"","context":"En \u00abPol\u00edtica\u00bb","block_context":{"text":"Pol\u00edtica","link":"https:\/\/www.24baires.com\/?cat=51"},"img":{"alt_text":"","src":"https:\/\/i0.wp.com\/www.24baires.com\/wp-content\/uploads\/2014\/03\/naftas-surtidores-300x180.jpg?resize=350%2C200","width":350,"height":200},"classes":[]},{"id":114253,"url":"https:\/\/www.24baires.com\/?p=114253","url_meta":{"origin":117069,"position":4},"title":"El Gobierno posterg\u00f3 la suba de los combustibles","author":"GB","date":"29\/02\/2020","format":false,"excerpt":"La medida, publicada este s\u00e1bado en el Bolet\u00edn Oficial, regir\u00e1 hasta el 31 de marzo El Gobierno nacional dispuso postergar el aumento de los impuestos sobre los combustibles y con esta medida fren\u00f3 los aumentos de las naftas al menos hasta el 31 de marzo. A trav\u00e9s del Decreto 196\/2020,\u2026","rel":"","context":"En \u00abEconom\u00eda\u00bb","block_context":{"text":"Econom\u00eda","link":"https:\/\/www.24baires.com\/?cat=45"},"img":{"alt_text":"","src":"https:\/\/i0.wp.com\/www.24baires.com\/wp-content\/uploads\/2019\/02\/shel-nafta.jpg?resize=350%2C200","width":350,"height":200,"srcset":"https:\/\/i0.wp.com\/www.24baires.com\/wp-content\/uploads\/2019\/02\/shel-nafta.jpg?resize=350%2C200 1x, https:\/\/i0.wp.com\/www.24baires.com\/wp-content\/uploads\/2019\/02\/shel-nafta.jpg?resize=525%2C300 1.5x"},"classes":[]},{"id":98250,"url":"https:\/\/www.24baires.com\/?p=98250","url_meta":{"origin":117069,"position":5},"title":"Ya rige el aumento de hasta un 12% de los combustibles en todo el pa\u00eds","author":"GB","date":"23\/10\/2017","format":false,"excerpt":"Finalmente, como se hab\u00eda adelantado, desde este lunes el incremento en naftas y gasoil de padecer\u00e1 en todo el territorio argentino. C\u00f3mo el gobierno nacional ya lo hab\u00eda adelantado, luego de la elecci\u00f3n donde triunf\u00f3 Cambiemos varias provincias, se aplicar\u00e1 el primer tarifazo de un paquete que adem\u00e1s incluye luz\u2026","rel":"","context":"En \u00abConsumidores\u00bb","block_context":{"text":"Consumidores","link":"https:\/\/www.24baires.com\/?cat=78"},"img":{"alt_text":"","src":"https:\/\/i0.wp.com\/www.24baires.com\/wp-content\/uploads\/2013\/02\/surtidor-nafta.jpg?resize=350%2C200","width":350,"height":200,"srcset":"https:\/\/i0.wp.com\/www.24baires.com\/wp-content\/uploads\/2013\/02\/surtidor-nafta.jpg?resize=350%2C200 1x, https:\/\/i0.wp.com\/www.24baires.com\/wp-content\/uploads\/2013\/02\/surtidor-nafta.jpg?resize=525%2C300 1.5x"},"classes":[]}],"jetpack_sharing_enabled":true,"jetpack_likes_enabled":true,"_links":{"self":[{"href":"https:\/\/www.24baires.com\/index.php?rest_route=\/wp\/v2\/posts\/117069","targetHints":{"allow":["GET"]}}],"collection":[{"href":"https:\/\/www.24baires.com\/index.php?rest_route=\/wp\/v2\/posts"}],"about":[{"href":"https:\/\/www.24baires.com\/index.php?rest_route=\/wp\/v2\/types\/post"}],"author":[{"embeddable":true,"href":"https:\/\/www.24baires.com\/index.php?rest_route=\/wp\/v2\/users\/8"}],"replies":[{"embeddable":true,"href":"https:\/\/www.24baires.com\/index.php?rest_route=%2Fwp%2Fv2%2Fcomments&post=117069"}],"version-history":[{"count":1,"href":"https:\/\/www.24baires.com\/index.php?rest_route=\/wp\/v2\/posts\/117069\/revisions"}],"predecessor-version":[{"id":117070,"href":"https:\/\/www.24baires.com\/index.php?rest_route=\/wp\/v2\/posts\/117069\/revisions\/117070"}],"wp:attachment":[{"href":"https:\/\/www.24baires.com\/index.php?rest_route=%2Fwp%2Fv2%2Fmedia&parent=117069"}],"wp:term":[{"taxonomy":"category","embeddable":true,"href":"https:\/\/www.24baires.com\/index.php?rest_route=%2Fwp%2Fv2%2Fcategories&post=117069"},{"taxonomy":"post_tag","embeddable":true,"href":"https:\/\/www.24baires.com\/index.php?rest_route=%2Fwp%2Fv2%2Ftags&post=117069"}],"curies":[{"name":"wp","href":"https:\/\/api.w.org\/{rel}","templated":true}]}}