{"id":117053,"date":"2021-01-21T20:00:35","date_gmt":"2021-01-21T23:00:35","guid":{"rendered":"http:\/\/www.24baires.com\/?p=117053"},"modified":"2021-01-21T20:00:35","modified_gmt":"2021-01-21T23:00:35","slug":"el-fmi-destaco-la-buena-sintonia-con-el-gobierno","status":"publish","type":"post","link":"https:\/\/www.24baires.com\/?p=117053","title":{"rendered":"El FMI destac\u00f3 la buena sinton\u00eda con el Gobierno"},"content":{"rendered":"<p><img data-recalc-dims=\"1\" loading=\"lazy\" decoding=\"async\" src=\"https:\/\/i0.wp.com\/www.24baires.com\/wp-content\/uploads\/2019\/08\/fmi.jpg?resize=560%2C314\" alt=\"\" width=\"560\" height=\"314\" class=\"aligncenter size-full wp-image-111842\" srcset=\"https:\/\/i0.wp.com\/www.24baires.com\/wp-content\/uploads\/2019\/08\/fmi.jpg?w=560&amp;ssl=1 560w, https:\/\/i0.wp.com\/www.24baires.com\/wp-content\/uploads\/2019\/08\/fmi.jpg?resize=300%2C168&amp;ssl=1 300w\" sizes=\"auto, (max-width: 560px) 100vw, 560px\" \/>La titular del FMI, Kristalina Georgieva celebr\u00f3 en sus redes sociales la conversaci\u00f3n que mantuvo esta ma\u00f1ana con el presidente Alberto Fern\u00e1ndez.<!--more--><\/p>\n<p>La titular del Fondo Monetario Internacional (FMI), la b\u00falgara Kristalina Georgieva, destac\u00f3 este jueves la conversaci\u00f3n que mantuvo con el presidente Alberto Fern\u00e1ndez as\u00ed como el trabajo en conjunto que ese organismo est\u00e1 llevando adelante con el equipo que encabeza el ministro de Econom\u00eda, Mart\u00edn Guzm\u00e1n.<\/p>\n<p>En sus redes sociales Georgieva elogi\u00f3 la \u00abmuy buena conversaci\u00f3n con el presidente de Argentina @alferdez\u00bb. Y abund\u00f3: \u00abDiscutimos las perspectivas de crecimiento global y las acciones para combatir la crisis econ\u00f3mica y de salud\u00bb<\/p>\n<p>\u00abTambi\u00e9n destaqu\u00e9 nuestra gran colaboraci\u00f3n c\/ @Martin_M_Guzman &#038; equipo para mejorar la estabilidad y apoyar un crecimiento fuerte e inclusivo\u00bb, concluy\u00f3 la titular del FMI.<\/p>\n","protected":false},"excerpt":{"rendered":"<p>La titular del FMI, Kristalina Georgieva celebr\u00f3 en sus redes sociales la conversaci\u00f3n que mantuvo esta ma\u00f1ana con el presidente Alberto Fern\u00e1ndez.<\/p>\n","protected":false},"author":4,"featured_media":0,"comment_status":"open","ping_status":"open","sticky":false,"template":"","format":"standard","meta":{"_jetpack_newsletter_access":"","_jetpack_dont_email_post_to_subs":false,"_jetpack_newsletter_tier_id":0,"_jetpack_memberships_contains_paywalled_content":false,"_jetpack_memberships_contains_paid_content":false,"footnotes":""},"categories":[45],"tags":[],"class_list":["post-117053","post","type-post","status-publish","format-standard","hentry","category-economia"],"jetpack_featured_media_url":"","jetpack_shortlink":"https:\/\/wp.me\/p2JWE0-urX","jetpack-related-posts":[{"id":119545,"url":"https:\/\/www.24baires.com\/?p=119545","url_meta":{"origin":117053,"position":0},"title":"La titular del FMI respald\u00f3 el rumbo econ\u00f3mico de Argentina","author":"GB","date":"16\/11\/2022","format":false,"excerpt":"Kristalina Georgieva mantuvo una reuni\u00f3n con Alberto Fern\u00e1ndez en la cumbre del G20. La revisi\u00f3n de sobrecargos y el precio de la guerra en agenda. presidente de la Naci\u00f3n, Alberto Fern\u00e1ndez, cerr\u00f3 su participaci\u00f3n en la cumbre del G20 reuni\u00e9ndose con la titular del Fondo Monetario Internacional (FMI), Kristalina Georgieva.\u2026","rel":"","context":"En \u00abEconom\u00eda\u00bb","block_context":{"text":"Econom\u00eda","link":"https:\/\/www.24baires.com\/?cat=45"},"img":{"alt_text":"","src":"https:\/\/i0.wp.com\/www.24baires.com\/wp-content\/uploads\/2022\/11\/reunion-fmijpg.jpg?resize=350%2C200","width":350,"height":200,"srcset":"https:\/\/i0.wp.com\/www.24baires.com\/wp-content\/uploads\/2022\/11\/reunion-fmijpg.jpg?resize=350%2C200 1x, https:\/\/i0.wp.com\/www.24baires.com\/wp-content\/uploads\/2022\/11\/reunion-fmijpg.jpg?resize=525%2C300 1.5x, https:\/\/i0.wp.com\/www.24baires.com\/wp-content\/uploads\/2022\/11\/reunion-fmijpg.jpg?resize=700%2C400 2x"},"classes":[]},{"id":119132,"url":"https:\/\/www.24baires.com\/?p=119132","url_meta":{"origin":117053,"position":1},"title":"Batakis y Georgieva se reunir\u00e1n en Washington","author":"AF","date":"22\/07\/2022","format":false,"excerpt":"La ministra de Econom\u00eda tambi\u00e9n se reunir\u00e1 con altos funcionarios del Tesoro de los Estados Unidos y con ejecutivos del Banco Mundial. La ministra de Econom\u00eda, Silvina Batakis, ser\u00e1 recibida el lunes pr\u00f3ximo en Washington por la directora Gerente del Fondo Monetario Internacional (FMI), Kristalina Georgieva, adelantaron fuentes oficiales. El\u2026","rel":"","context":"En \u00abEconom\u00eda\u00bb","block_context":{"text":"Econom\u00eda","link":"https:\/\/www.24baires.com\/?cat=45"},"img":{"alt_text":"","src":"https:\/\/i0.wp.com\/www.24baires.com\/wp-content\/uploads\/2016\/04\/fmi.jpg?resize=350%2C200","width":350,"height":200,"srcset":"https:\/\/i0.wp.com\/www.24baires.com\/wp-content\/uploads\/2016\/04\/fmi.jpg?resize=350%2C200 1x, https:\/\/i0.wp.com\/www.24baires.com\/wp-content\/uploads\/2016\/04\/fmi.jpg?resize=525%2C300 1.5x, https:\/\/i0.wp.com\/www.24baires.com\/wp-content\/uploads\/2016\/04\/fmi.jpg?resize=700%2C400 2x"},"classes":[]},{"id":113054,"url":"https:\/\/www.24baires.com\/?p=113054","url_meta":{"origin":117053,"position":2},"title":"Alberto le propuso al FMI pagar la deuda pero \u00absin ajuste\u00bb","author":"AF","date":"19\/11\/2019","format":false,"excerpt":"Kristalina Georgieva hab\u00eda advertido que el nuevo gobierno \"debe ver la manera de vivir dentro de los l\u00edmites presupuestarios\". De cara al inicio de la negociaciones que entablar\u00e1n el gobierno de Alberto Fern\u00e1ndez a partir del pr\u00f3ximo 10 de diciembre y el Fondo Monetario Internacional (FMI), el presidente electo la\u2026","rel":"","context":"En \u00abPol\u00edtica\u00bb","block_context":{"text":"Pol\u00edtica","link":"https:\/\/www.24baires.com\/?cat=51"},"img":{"alt_text":"","src":"https:\/\/i0.wp.com\/www.24baires.com\/wp-content\/uploads\/2019\/10\/alberto-fernandez.jpg?resize=350%2C200","width":350,"height":200,"srcset":"https:\/\/i0.wp.com\/www.24baires.com\/wp-content\/uploads\/2019\/10\/alberto-fernandez.jpg?resize=350%2C200 1x, https:\/\/i0.wp.com\/www.24baires.com\/wp-content\/uploads\/2019\/10\/alberto-fernandez.jpg?resize=525%2C300 1.5x"},"classes":[]},{"id":117347,"url":"https:\/\/www.24baires.com\/?p=117347","url_meta":{"origin":117053,"position":3},"title":"Mart\u00edn Guzm\u00e1n se reuni\u00f3 durante dos horas con Kristalina Georgieva","author":"AF","date":"23\/03\/2021","format":false,"excerpt":"El ministro de Econom\u00eda y la titular del FMI mantuvieron un encuentro en Washington. Argentina y el FMI alcanzaron un \"di\u00e1logo estrecho\" que continuar\u00e1, en el marco de las negociaciones entre el pa\u00eds y el organismo para lograr un nuevo acuerdo, afirm\u00f3 esta tarde la directora Gerente del FMI. Kristalina\u2026","rel":"","context":"En \u00abEconom\u00eda\u00bb","block_context":{"text":"Econom\u00eda","link":"https:\/\/www.24baires.com\/?cat=45"},"img":{"alt_text":"","src":"https:\/\/i0.wp.com\/www.24baires.com\/wp-content\/uploads\/2020\/05\/guzman-1.jpg?resize=350%2C200","width":350,"height":200,"srcset":"https:\/\/i0.wp.com\/www.24baires.com\/wp-content\/uploads\/2020\/05\/guzman-1.jpg?resize=350%2C200 1x, https:\/\/i0.wp.com\/www.24baires.com\/wp-content\/uploads\/2020\/05\/guzman-1.jpg?resize=525%2C300 1.5x"},"classes":[]},{"id":118353,"url":"https:\/\/www.24baires.com\/?p=118353","url_meta":{"origin":117053,"position":4},"title":"Fern\u00e1ndez y Georgieva reconocieron \u00abel problema inesperado del rechazo del Presupuesto\u00bb","author":"AF","date":"17\/12\/2021","format":false,"excerpt":"El Presidente y la titular del Fondo Monetario Internacional mantuvieron una videollamada. \"Muy buena reuni\u00f3n con el presidente @alferdez sobre c\u00f3mo avanzar en nuestro trabajo para sostener la recuperaci\u00f3n de #Argentina y abordar sus desaf\u00edos econ\u00f3micos\", indic\u00f3 la la directora gerente del FMI. El presidente Alberto Fern\u00e1ndez y la titular\u2026","rel":"","context":"En \u00abPol\u00edtica\u00bb","block_context":{"text":"Pol\u00edtica","link":"https:\/\/www.24baires.com\/?cat=51"},"img":{"alt_text":"","src":"https:\/\/i0.wp.com\/www.24baires.com\/wp-content\/uploads\/2021\/12\/61bced3ce21a3_900.jpg?resize=350%2C200","width":350,"height":200,"srcset":"https:\/\/i0.wp.com\/www.24baires.com\/wp-content\/uploads\/2021\/12\/61bced3ce21a3_900.jpg?resize=350%2C200 1x, https:\/\/i0.wp.com\/www.24baires.com\/wp-content\/uploads\/2021\/12\/61bced3ce21a3_900.jpg?resize=525%2C300 1.5x"},"classes":[]},{"id":119137,"url":"https:\/\/www.24baires.com\/?p=119137","url_meta":{"origin":117053,"position":5},"title":"Georgieva calific\u00f3 como \u00abproductiva\u00bb la reuni\u00f3n que tuvo con Batakis","author":"AF","date":"25\/07\/2022","format":false,"excerpt":"As\u00ed lo defini\u00f3 la directora Gerente del Fondo Monetario Internacional (FMI) a trav\u00e9s de su cuenta de Twitter, donde adem\u00e1s destac\u00f3 que coincidieron \"en la importancia de la implementaci\u00f3n decisiva del programa para abordar los desaf\u00edos econ\u00f3micos y sociales de Argentina\". La directora Gerente del Fondo Monetario Internacional (FMI), Kristalina\u2026","rel":"","context":"En \u00abEconom\u00eda\u00bb","block_context":{"text":"Econom\u00eda","link":"https:\/\/www.24baires.com\/?cat=45"},"img":{"alt_text":"","src":"https:\/\/i0.wp.com\/www.24baires.com\/wp-content\/uploads\/2022\/07\/batakis-georgieva.jpg?resize=350%2C200","width":350,"height":200,"srcset":"https:\/\/i0.wp.com\/www.24baires.com\/wp-content\/uploads\/2022\/07\/batakis-georgieva.jpg?resize=350%2C200 1x, https:\/\/i0.wp.com\/www.24baires.com\/wp-content\/uploads\/2022\/07\/batakis-georgieva.jpg?resize=525%2C300 1.5x, https:\/\/i0.wp.com\/www.24baires.com\/wp-content\/uploads\/2022\/07\/batakis-georgieva.jpg?resize=700%2C400 2x"},"classes":[]}],"jetpack_sharing_enabled":true,"jetpack_likes_enabled":true,"_links":{"self":[{"href":"https:\/\/www.24baires.com\/index.php?rest_route=\/wp\/v2\/posts\/117053","targetHints":{"allow":["GET"]}}],"collection":[{"href":"https:\/\/www.24baires.com\/index.php?rest_route=\/wp\/v2\/posts"}],"about":[{"href":"https:\/\/www.24baires.com\/index.php?rest_route=\/wp\/v2\/types\/post"}],"author":[{"embeddable":true,"href":"https:\/\/www.24baires.com\/index.php?rest_route=\/wp\/v2\/users\/4"}],"replies":[{"embeddable":true,"href":"https:\/\/www.24baires.com\/index.php?rest_route=%2Fwp%2Fv2%2Fcomments&post=117053"}],"version-history":[{"count":1,"href":"https:\/\/www.24baires.com\/index.php?rest_route=\/wp\/v2\/posts\/117053\/revisions"}],"predecessor-version":[{"id":117054,"href":"https:\/\/www.24baires.com\/index.php?rest_route=\/wp\/v2\/posts\/117053\/revisions\/117054"}],"wp:attachment":[{"href":"https:\/\/www.24baires.com\/index.php?rest_route=%2Fwp%2Fv2%2Fmedia&parent=117053"}],"wp:term":[{"taxonomy":"category","embeddable":true,"href":"https:\/\/www.24baires.com\/index.php?rest_route=%2Fwp%2Fv2%2Fcategories&post=117053"},{"taxonomy":"post_tag","embeddable":true,"href":"https:\/\/www.24baires.com\/index.php?rest_route=%2Fwp%2Fv2%2Ftags&post=117053"}],"curies":[{"name":"wp","href":"https:\/\/api.w.org\/{rel}","templated":true}]}}