{"id":117000,"date":"2021-01-11T10:04:09","date_gmt":"2021-01-11T13:04:09","guid":{"rendered":"http:\/\/www.24baires.com\/?p=117000"},"modified":"2021-01-11T10:04:09","modified_gmt":"2021-01-11T13:04:09","slug":"el-gobierno-anuncio-la-reapertura-de-las-exportaciones-de-maiz","status":"publish","type":"post","link":"https:\/\/www.24baires.com\/?p=117000","title":{"rendered":"El Gobierno anunci\u00f3 la reapertura de las exportaciones de ma\u00edz"},"content":{"rendered":"<p><img data-recalc-dims=\"1\" loading=\"lazy\" decoding=\"async\" src=\"https:\/\/i0.wp.com\/www.24baires.com\/wp-content\/uploads\/2021\/01\/sobrela-hora-el-ministerio-agricultura-ganaderia-y-pesca-que-conduceluisbasterraanuncio-la-reapertura-parcial-lasexportacionesdemaiz.jpg?resize=300%2C200\" alt=\"\" width=\"300\" height=\"200\" class=\"alignleft size-medium wp-image-117001\" srcset=\"https:\/\/i0.wp.com\/www.24baires.com\/wp-content\/uploads\/2021\/01\/sobrela-hora-el-ministerio-agricultura-ganaderia-y-pesca-que-conduceluisbasterraanuncio-la-reapertura-parcial-lasexportacionesdemaiz.jpg?resize=300%2C200&amp;ssl=1 300w, https:\/\/i0.wp.com\/www.24baires.com\/wp-content\/uploads\/2021\/01\/sobrela-hora-el-ministerio-agricultura-ganaderia-y-pesca-que-conduceluisbasterraanuncio-la-reapertura-parcial-lasexportacionesdemaiz.jpg?w=540&amp;ssl=1 540w\" sizes=\"auto, (max-width: 300px) 100vw, 300px\" \/>El Ministerio de Agricultura anunci\u00f3 que lleg\u00f3 a un acuerdo para garantizar el abastecimiento interno y se permitir\u00e1 la venta al exterior por hasta 30 mil toneladas diarias.<br \/>\n<!--more--><\/p>\n<p>El ministerio de Agricultura, Ganader\u00eda y Pesca que conduce Luis Basterra anunci\u00f3 la reapertura parcial de las exportaciones de ma\u00edz, minutos antes de comenzar el paro por 72 horas que dispuso un sector de la Mesa de Enlace.<\/p>\n<p>Seg\u00fan el ministerio de Agricultura, \u201cla medida se tom\u00f3 luego de intensas negociaciones con los representantes del Consejo Agroindustrial Argentino (CAA), incluidos representantes de Maizar, CIARA CEC, y de las producciones aviar, entre otras\u00bb.<br \/>\nDe esta manera se garantiz\u00f3 el compromiso de los oferentes de abastecer con fluidez el mercado interno hasta el empalme con la campa\u00f1a 20\/21. \u00abCompromiso que fue aceptado por los sectores demandantes de las cadenas productoras de alimentos de consumo\u201d, explic\u00f3 el Gobierno en un comunicado.<\/p>\n<p>Aun se desconoce si el sector de la Mesa de Enlace que laz\u00f3 el paro por 72 horas levantar\u00e1 la medida de fuerza en las pr\u00f3ximas horas.<\/p>\n<p>Seg\u00fan el comunicado oficial, al gobierno de Alberto Fern\u00e1ndez le preocupa el impacto de los precios internacionales del ma\u00edz en el mercado interno por lo que se acord\u00f3 un cronograma de trabajo que comenzar\u00e1 ma\u00f1ana mismo \u00aba los efectos de trabajar propuestas para desacoplar los precios internacionales de los dom\u00e9sticos\u00bb.<\/p>\n<p>Tambi\u00e9n, aclar\u00f3 la cartera que conduce Basterra, resta a\u00fan resolver las condiciones de accesibilidad al ma\u00edz por las distintas cadenas de producci\u00f3n \u00abno s\u00f3lo en t\u00e9rminos de cantidad sino tambi\u00e9n de precios\u00bb, raz\u00f3n por la cual mientras se alcanzan estos consensos las Declaraciones Juradas de Ventas al Exterior de Ma\u00edz 19\/20 no podr\u00e1n superar las 30 mil toneladas diarias.<\/p>\n<p>Quedaron exceptuadas de este tope las especialidades Flint y las org\u00e1nicas NOP.<\/p>\n","protected":false},"excerpt":{"rendered":"<p>El Ministerio de Agricultura anunci\u00f3 que lleg\u00f3 a un acuerdo para garantizar el abastecimiento interno y se permitir\u00e1 la venta al exterior por hasta 30 mil toneladas diarias.<\/p>\n","protected":false},"author":8,"featured_media":0,"comment_status":"open","ping_status":"open","sticky":false,"template":"","format":"standard","meta":{"_jetpack_newsletter_access":"","_jetpack_dont_email_post_to_subs":false,"_jetpack_newsletter_tier_id":0,"_jetpack_memberships_contains_paywalled_content":false,"_jetpack_memberships_contains_paid_content":false,"footnotes":""},"categories":[45],"tags":[],"class_list":["post-117000","post","type-post","status-publish","format-standard","hentry","category-economia"],"jetpack_featured_media_url":"","jetpack_shortlink":"https:\/\/wp.me\/p2JWE0-ur6","jetpack-related-posts":[{"id":44236,"url":"https:\/\/www.24baires.com\/?p=44236","url_meta":{"origin":117000,"position":0},"title":"Intentar\u00e1n mejorar la informaci\u00f3n estad\u00edstica en la cadena del ma\u00edz","author":"AF","date":"19\/04\/2014","format":false,"excerpt":"El Ministerio de Agricultura present\u00f3 un borrador de trabajo sobre el consumo interno de ma\u00edz en la Argentina, que apunta a esclarecer las estad\u00edsticas sobre el cultivo y que la cadena maicera cuente con mejor informaci\u00f3n sobre la evoluci\u00f3n del sector. El subsecretario de Agricultura, Marcelo Yasky, dijo a T\u00e9lam\u2026","rel":"","context":"En \u00abSociedad\u00bb","block_context":{"text":"Sociedad","link":"https:\/\/www.24baires.com\/?cat=1"},"img":{"alt_text":"campo","src":"https:\/\/i0.wp.com\/www.24baires.com\/wp-content\/uploads\/2012\/12\/campo-300x211.jpg?resize=350%2C200","width":350,"height":200},"classes":[]},{"id":62382,"url":"https:\/\/www.24baires.com\/?p=62382","url_meta":{"origin":117000,"position":1},"title":"La cosecha de soja alcanzar\u00e1 un r\u00e9cord de 58 millones de toneladas","author":"AF","date":"27\/02\/2015","format":false,"excerpt":"Lo anunci\u00f3 el Ministerio de Agricultura en referencia a la temporada 2014\/2015. En la anterior, se recolectaron 53,4 millones de toneladas. La cosecha de soja del ciclo 2014-2015 alcanzar\u00e1 un r\u00e9cord de 58 millones de toneladas, por encima de los 53,4 millones recolectados en la anterior, anunci\u00f3 este jueves el\u2026","rel":"","context":"En \u00abEconom\u00eda\u00bb","block_context":{"text":"Econom\u00eda","link":"https:\/\/www.24baires.com\/?cat=45"},"img":{"alt_text":"","src":"","width":0,"height":0},"classes":[]},{"id":118406,"url":"https:\/\/www.24baires.com\/?p=118406","url_meta":{"origin":117000,"position":2},"title":"El Gobierno suspendi\u00f3 exportaciones de carne vacuna","author":"GB","date":"03\/01\/2022","format":false,"excerpt":"Con rechazo de las c\u00e1maras ganaderas, el Gobierno aplaz\u00f3 las exportaciones de reses, medias reses, cuartos y los siete cortes populares de carne vacuna. En el primer d\u00eda h\u00e1bil de 2022, el Gobierno estableci\u00f3 hoy nuevos par\u00e1metros para las exportaciones de carne, despu\u00e9s de las restricciones dispuestas a mediados de\u2026","rel":"","context":"En \u00abEconom\u00eda\u00bb","block_context":{"text":"Econom\u00eda","link":"https:\/\/www.24baires.com\/?cat=45"},"img":{"alt_text":"","src":"https:\/\/i0.wp.com\/www.24baires.com\/wp-content\/uploads\/2021\/05\/carne.jpg?resize=350%2C200","width":350,"height":200,"srcset":"https:\/\/i0.wp.com\/www.24baires.com\/wp-content\/uploads\/2021\/05\/carne.jpg?resize=350%2C200 1x, https:\/\/i0.wp.com\/www.24baires.com\/wp-content\/uploads\/2021\/05\/carne.jpg?resize=525%2C300 1.5x"},"classes":[]},{"id":117596,"url":"https:\/\/www.24baires.com\/?p=117596","url_meta":{"origin":117000,"position":3},"title":"\u00abEl objetivo es ordenar y quiz\u00e1s reabrir exportaciones antes de los 30 d\u00edas\u00bb","author":"AF","date":"19\/05\/2021","format":false,"excerpt":"El ministro de Desarrollo Productivo expres\u00f3 que \"vemos con muy buenos ojos que Argentina exporte m\u00e1s carne vacuna, pero queremos garantizar el abastecimiento en el mercado interno\". El ministro de Desarrollo Productivo, Mat\u00edas Kulfas, reiter\u00f3 este mi\u00e9rcoles que la suspensi\u00f3n de las exportaciones de carne es una medida \"temporaria y\u2026","rel":"","context":"En \u00abLocales\u00bb","block_context":{"text":"Locales","link":"https:\/\/www.24baires.com\/?cat=38"},"img":{"alt_text":"","src":"https:\/\/i0.wp.com\/www.24baires.com\/wp-content\/uploads\/2021\/05\/60a55c3407df3_1004x565.jpg?resize=350%2C200","width":350,"height":200,"srcset":"https:\/\/i0.wp.com\/www.24baires.com\/wp-content\/uploads\/2021\/05\/60a55c3407df3_1004x565.jpg?resize=350%2C200 1x, https:\/\/i0.wp.com\/www.24baires.com\/wp-content\/uploads\/2021\/05\/60a55c3407df3_1004x565.jpg?resize=525%2C300 1.5x"},"classes":[]},{"id":76267,"url":"https:\/\/www.24baires.com\/?p=76267","url_meta":{"origin":117000,"position":4},"title":"La quita de retenciones al trigo y al ma\u00edz se efectivizar\u00e1 en los pr\u00f3ximos d\u00edas","author":"GB","date":"11\/12\/2015","format":false,"excerpt":"El ministro de Agroindustria, Ricardo Buryaile, adelant\u00f3 que la eliminaci\u00f3n de las retenciones que se cobran a las exportaciones de granos y carne \"se resolver\u00e1 en los pr\u00f3ximos d\u00edas\". Fue al encabezar este mediod\u00eda un acto en la sede de la cartera de agricultura en la que puso en funciones\u2026","rel":"","context":"En \u00abEconom\u00eda\u00bb","block_context":{"text":"Econom\u00eda","link":"https:\/\/www.24baires.com\/?cat=45"},"img":{"alt_text":"","src":"","width":0,"height":0},"classes":[]},{"id":1617,"url":"https:\/\/www.24baires.com\/?p=1617","url_meta":{"origin":117000,"position":5},"title":"Nueva baja de la soja","author":"AF","date":"10\/10\/2012","format":false,"excerpt":"La oleaginosa retrocede 0,4 % en Chicago y se ubica a u$s 567,43 la tonelada. Por su parte, el ma\u00edz cede 0,2% a u$s 291,52, mientras que el trigo gana 0,6% a u$s 319,40. Sucede luego de que la soja descendiera en la jornada anterior ante la fortaleza del d\u00f3lar\u2026","rel":"","context":"En \u00abEconom\u00eda\u00bb","block_context":{"text":"Econom\u00eda","link":"https:\/\/www.24baires.com\/?cat=45"},"img":{"alt_text":"","src":"https:\/\/i0.wp.com\/www.24baires.com\/wp-content\/uploads\/2012\/10\/soja.jpg?resize=350%2C200","width":350,"height":200},"classes":[]}],"jetpack_sharing_enabled":true,"jetpack_likes_enabled":true,"_links":{"self":[{"href":"https:\/\/www.24baires.com\/index.php?rest_route=\/wp\/v2\/posts\/117000","targetHints":{"allow":["GET"]}}],"collection":[{"href":"https:\/\/www.24baires.com\/index.php?rest_route=\/wp\/v2\/posts"}],"about":[{"href":"https:\/\/www.24baires.com\/index.php?rest_route=\/wp\/v2\/types\/post"}],"author":[{"embeddable":true,"href":"https:\/\/www.24baires.com\/index.php?rest_route=\/wp\/v2\/users\/8"}],"replies":[{"embeddable":true,"href":"https:\/\/www.24baires.com\/index.php?rest_route=%2Fwp%2Fv2%2Fcomments&post=117000"}],"version-history":[{"count":1,"href":"https:\/\/www.24baires.com\/index.php?rest_route=\/wp\/v2\/posts\/117000\/revisions"}],"predecessor-version":[{"id":117002,"href":"https:\/\/www.24baires.com\/index.php?rest_route=\/wp\/v2\/posts\/117000\/revisions\/117002"}],"wp:attachment":[{"href":"https:\/\/www.24baires.com\/index.php?rest_route=%2Fwp%2Fv2%2Fmedia&parent=117000"}],"wp:term":[{"taxonomy":"category","embeddable":true,"href":"https:\/\/www.24baires.com\/index.php?rest_route=%2Fwp%2Fv2%2Fcategories&post=117000"},{"taxonomy":"post_tag","embeddable":true,"href":"https:\/\/www.24baires.com\/index.php?rest_route=%2Fwp%2Fv2%2Ftags&post=117000"}],"curies":[{"name":"wp","href":"https:\/\/api.w.org\/{rel}","templated":true}]}}