{"id":1170,"date":"2012-10-06T10:05:09","date_gmt":"2012-10-06T13:05:09","guid":{"rendered":"http:\/\/www.24baires.com\/?p=1170"},"modified":"2012-10-06T10:05:09","modified_gmt":"2012-10-06T13:05:09","slug":"tellechea-tras-su-interpelacion-no-hubo-dolo-ni-corrupcion","status":"publish","type":"post","link":"https:\/\/www.24baires.com\/?p=1170","title":{"rendered":"Tellechea tras su interpelaci\u00f3n: \u00abno hubo dolo ni corrupci\u00f3n\u00bb"},"content":{"rendered":"<p><img data-recalc-dims=\"1\" loading=\"lazy\" decoding=\"async\" class=\"alignleft size-medium wp-image-1171\" title=\"tellecheanecochea\" src=\"https:\/\/i0.wp.com\/www.24baires.com\/wp-content\/uploads\/2012\/10\/tellecheanecochea.jpg?resize=300%2C173\" alt=\"\" width=\"300\" height=\"173\" srcset=\"https:\/\/i0.wp.com\/www.24baires.com\/wp-content\/uploads\/2012\/10\/tellecheanecochea.jpg?resize=300%2C173&amp;ssl=1 300w, https:\/\/i0.wp.com\/www.24baires.com\/wp-content\/uploads\/2012\/10\/tellecheanecochea.jpg?w=500&amp;ssl=1 500w\" sizes=\"auto, (max-width: 300px) 100vw, 300px\" \/>El intendente de Necochea, Horacio Tellechea, reconoci\u00f3 los \u201cerrores administrativos\u201d en los que se incurri\u00f3 en el proceso de compra de los equipos hospitalarios, pero enfatiz\u00f3 que \u201cno hubo dolo ni corrupci\u00f3n\u201d, al tiempo ejerci\u00f3 una defensa de lo actuado en el pol\u00e9mico expediente.<!--more--><\/p>\n<p>Lo hizo anoche en la interpelaci\u00f3n a la que fuera sometido por el Concejo Deliberante y a la que concurri\u00f3 acompa\u00f1ado por funcionarios del Departamento Ejecutivo, entre ellos, el director del Hospital Municipal Dr. Emilio Ferreyra, Dr. H\u00e9ctor Martitegui, en el cual se apoy\u00f3 en reiteradas oportunidades el jefe comunal.<\/p>\n<p>Tellechea justific\u00f3 los \u201cyerros\u201d y \u201cequivocaciones\u201d en esta primera licitaci\u00f3n de su gesti\u00f3n por 2.004.730 pesos, al se\u00f1alar que en el inicio de su administraci\u00f3n hab\u00eda \u201cdificultades tremendas\u201d en el \u00e1rea y dijo que el hecho de rendir r\u00e1pidamente el subsidio recibido dar\u00eda la posibilidad de gestionar otro.<\/p>\n<p>Uni\u00f3n Peronista, que fue el que propuso la interpelaci\u00f3n, no se expidi\u00f3 al final de la sesi\u00f3n especial que se extendi\u00f3 por cuatro horas, afirm\u00e1ndose que se evaluar\u00e1n los pasos a seguir, mientras que la Uni\u00f3n C\u00edvica Radical anticip\u00f3 que solicitar\u00e1 una comisi\u00f3n investigadora. Andrea Perestiuk (Unidad Socialista) no se pronunci\u00f3 p\u00fablicamente al cabo de la agitada jornada, la cual cont\u00f3 con la presencia de numerosos adherentes al Frente para la Victoria, quienes colmaron la barra y otros sectores del HCD.<\/p>\n<p>Adem\u00e1s, se cuestion\u00f3 que se omitieron aspectos como garant\u00edas, referencias bancarias y el soporte t\u00e9cnico local, remarcando Tellechea que la compulsa \u201cfue ganada por el que correspond\u00eda\u201d, a la vez que consign\u00f3 que en marzo pasado, cuando se presentaron oficialmente los equipos, se contaba con los elementos.<\/p>\n<p>\u201cSe vieron y no fue un invento, sino una realidad\u201d, dijo el jefe comunal, agregando que \u201cme toca tomar decisiones y salvaguardar la salud de la poblaci\u00f3n\u201d.<\/p>\n","protected":false},"excerpt":{"rendered":"<p>El intendente de Necochea, Horacio Tellechea, reconoci\u00f3 los \u201cerrores administrativos\u201d en los que se incurri\u00f3 en el proceso de compra de los equipos hospitalarios, pero enfatiz\u00f3 que \u201cno hubo dolo ni corrupci\u00f3n\u201d, al tiempo ejerci\u00f3 una defensa de lo actuado en el pol\u00e9mico expediente.<\/p>\n","protected":false},"author":4,"featured_media":0,"comment_status":"open","ping_status":"open","sticky":false,"template":"","format":"standard","meta":{"_jetpack_newsletter_access":"","_jetpack_dont_email_post_to_subs":false,"_jetpack_newsletter_tier_id":0,"_jetpack_memberships_contains_paywalled_content":false,"_jetpack_memberships_contains_paid_content":false,"footnotes":""},"categories":[51],"tags":[],"class_list":["post-1170","post","type-post","status-publish","format-standard","hentry","category-politica"],"jetpack_featured_media_url":"","jetpack_shortlink":"https:\/\/wp.me\/p2JWE0-iS","jetpack-related-posts":[{"id":1065,"url":"https:\/\/www.24baires.com\/?p=1065","url_meta":{"origin":1170,"position":0},"title":"Interpelan al Intendente de Necochea por supuestas irregularidades","author":"AF","date":"05\/10\/2012","format":false,"excerpt":"Sin la confirmaci\u00f3n oficial de la presencia del intendente municipal, Horacio Tellechea, el Concejo Deliberante llevar\u00e1 a cabo hoy viernes a las 19, la sesi\u00f3n especial para desarrollar la interpelaci\u00f3n al jefe comunal por supuestas irregularidades en la compra de aparatolog\u00eda para el Hospital Municipal \"Dr. Emilio Ferreyra\". Es posible\u2026","rel":"","context":"En \u00abPol\u00edtica\u00bb","block_context":{"text":"Pol\u00edtica","link":"https:\/\/www.24baires.com\/?cat=51"},"img":{"alt_text":"","src":"","width":0,"height":0},"classes":[]},{"id":8016,"url":"https:\/\/www.24baires.com\/?p=8016","url_meta":{"origin":1170,"position":1},"title":"Tellechea: \u201cDe la \u00fanica manera que me voy es con las patitas para adelante\u201d","author":"Grupo Sierra","date":"05\/12\/2012","format":false,"excerpt":"El intendente de Necochea, ante la inminente resoluci\u00f3n judicial que podr\u00eda definir su futuro pol\u00edtico \u00a0asegur\u00f3 que \u00a0\"vamos a acatarla\". Dijo que lo que le pas\u00f3 \u201ces por un grupo que quiere destituir un gobierno emergido de la voluntad del pueblo\u201d. \u00a0Al ser consultado por 24baires si llegado el caso\u00a0tuviera\u2026","rel":"","context":"En \u00abMunicipios\u00bb","block_context":{"text":"Municipios","link":"https:\/\/www.24baires.com\/?cat=44"},"img":{"alt_text":"","src":"https:\/\/i0.wp.com\/www.24baires.com\/wp-content\/uploads\/2012\/12\/tellechea-24ba-300x224.jpg?resize=350%2C200","width":350,"height":200},"classes":[]},{"id":2619,"url":"https:\/\/www.24baires.com\/?p=2619","url_meta":{"origin":1170,"position":2},"title":"Tellechea resiste la zancadilla del \u201cMomo\u201d Venegas movilizando al kirchnerismo local","author":"Grupo Sierra","date":"19\/10\/2012","format":false,"excerpt":"NECOCHEA.-La agrupaci\u00f3n kirchnerista \u201cUnidos y Organizados\u201d prepara para esta fin de semana una caravana contra \u201cel golpe institucional\u201d en Necochea. Tras la conformaci\u00f3n de una comisi\u00f3n investigadora en el Concejo Deliberante local, el intendente recibi\u00f3 el apoyo de los gobiernos nacional y provincial. Scioli consider\u00f3 que se trata de \u201cmaniobras\u201d\u2026","rel":"","context":"En \u00abPol\u00edtica\u00bb","block_context":{"text":"Pol\u00edtica","link":"https:\/\/www.24baires.com\/?cat=51"},"img":{"alt_text":"","src":"https:\/\/i0.wp.com\/www.24baires.com\/wp-content\/uploads\/2012\/10\/tellechea-necochea-la.jpg?resize=350%2C200","width":350,"height":200,"srcset":"https:\/\/i0.wp.com\/www.24baires.com\/wp-content\/uploads\/2012\/10\/tellechea-necochea-la.jpg?resize=350%2C200 1x, https:\/\/i0.wp.com\/www.24baires.com\/wp-content\/uploads\/2012\/10\/tellechea-necochea-la.jpg?resize=525%2C300 1.5x"},"classes":[]},{"id":14811,"url":"https:\/\/www.24baires.com\/?p=14811","url_meta":{"origin":1170,"position":3},"title":"Tellechea presentar\u00e1 un escrito para defenderse de su posible destituci\u00f3n","author":"AF","date":"06\/02\/2013","format":false,"excerpt":"NECOCHEA - El intendente municipal, Horacio Tellechea, presentar\u00e1 un escrito a modo de defensa en la sesi\u00f3n especial del viernes pr\u00f3ximo del Concejo Deliberante, en la que tratar\u00e1 su destituci\u00f3n del cargo. Lo har\u00e1 a trav\u00e9s de sus asesores legales, seg\u00fan confirm\u00f3 el jefe comunal. De este modo, Tellechea descart\u00f3\u2026","rel":"","context":"En \u00abPol\u00edtica\u00bb","block_context":{"text":"Pol\u00edtica","link":"https:\/\/www.24baires.com\/?cat=51"},"img":{"alt_text":"","src":"","width":0,"height":0},"classes":[]},{"id":15700,"url":"https:\/\/www.24baires.com\/?p=15700","url_meta":{"origin":1170,"position":4},"title":"Tellechea presenta su apelaci\u00f3n ante la Suprema Corte bonaerense tras su destituci\u00f3n","author":"AF","date":"15\/02\/2013","format":false,"excerpt":"NECOCHEA - El intendente de Necochea, Horacio Tellechea, busca que el m\u00e1ximo tribunal de la Provincia revierta en los pr\u00f3ximos meses la destituci\u00f3n aprobada en el Concejo Deliberante local. \u201cLo que ocurri\u00f3 fue una crisis prefabricada por la oposici\u00f3n, ya que los concejales actuaron como jueces y parte en esto\u201d,\u2026","rel":"","context":"En \u00abMunicipios\u00bb","block_context":{"text":"Municipios","link":"https:\/\/www.24baires.com\/?cat=44"},"img":{"alt_text":"tellechea 24ba","src":"https:\/\/i0.wp.com\/www.24baires.com\/wp-content\/uploads\/2012\/12\/tellechea-24ba.jpg?resize=350%2C200","width":350,"height":200,"srcset":"https:\/\/i0.wp.com\/www.24baires.com\/wp-content\/uploads\/2012\/12\/tellechea-24ba.jpg?resize=350%2C200 1x, https:\/\/i0.wp.com\/www.24baires.com\/wp-content\/uploads\/2012\/12\/tellechea-24ba.jpg?resize=525%2C300 1.5x"},"classes":[]},{"id":31027,"url":"https:\/\/www.24baires.com\/?p=31027","url_meta":{"origin":1170,"position":5},"title":"Inza, intendente de Azul: \u201cQuieren separarme de mi cargo antes de los comicios legislativos\u201d","author":"AF","date":"30\/08\/2013","format":false,"excerpt":"Seg\u00fan afirm\u00f3 el Jefe Comunal, el presidente del HCD, Alejandro Lozano, se ali\u00f3 con los bloques opositores del FAP y UCR para llevar adelante un quiebre de la l\u00ednea institucional y separarlo de su cargo. \u201cEl Gobierno Nacional ya ha denunciado varios intentos de desestabilizaci\u00f3n que apuntan a debilitar al\u2026","rel":"","context":"En \u00abLocales\u00bb","block_context":{"text":"Locales","link":"https:\/\/www.24baires.com\/?cat=38"},"img":{"alt_text":"Inza","src":"https:\/\/i0.wp.com\/www.24baires.com\/wp-content\/uploads\/2012\/11\/Inza1.jpg?resize=350%2C200","width":350,"height":200,"srcset":"https:\/\/i0.wp.com\/www.24baires.com\/wp-content\/uploads\/2012\/11\/Inza1.jpg?resize=350%2C200 1x, https:\/\/i0.wp.com\/www.24baires.com\/wp-content\/uploads\/2012\/11\/Inza1.jpg?resize=525%2C300 1.5x"},"classes":[]}],"jetpack_sharing_enabled":true,"jetpack_likes_enabled":true,"_links":{"self":[{"href":"https:\/\/www.24baires.com\/index.php?rest_route=\/wp\/v2\/posts\/1170","targetHints":{"allow":["GET"]}}],"collection":[{"href":"https:\/\/www.24baires.com\/index.php?rest_route=\/wp\/v2\/posts"}],"about":[{"href":"https:\/\/www.24baires.com\/index.php?rest_route=\/wp\/v2\/types\/post"}],"author":[{"embeddable":true,"href":"https:\/\/www.24baires.com\/index.php?rest_route=\/wp\/v2\/users\/4"}],"replies":[{"embeddable":true,"href":"https:\/\/www.24baires.com\/index.php?rest_route=%2Fwp%2Fv2%2Fcomments&post=1170"}],"version-history":[{"count":0,"href":"https:\/\/www.24baires.com\/index.php?rest_route=\/wp\/v2\/posts\/1170\/revisions"}],"wp:attachment":[{"href":"https:\/\/www.24baires.com\/index.php?rest_route=%2Fwp%2Fv2%2Fmedia&parent=1170"}],"wp:term":[{"taxonomy":"category","embeddable":true,"href":"https:\/\/www.24baires.com\/index.php?rest_route=%2Fwp%2Fv2%2Fcategories&post=1170"},{"taxonomy":"post_tag","embeddable":true,"href":"https:\/\/www.24baires.com\/index.php?rest_route=%2Fwp%2Fv2%2Ftags&post=1170"}],"curies":[{"name":"wp","href":"https:\/\/api.w.org\/{rel}","templated":true}]}}