{"id":116975,"date":"2021-01-05T11:24:18","date_gmt":"2021-01-05T14:24:18","guid":{"rendered":"http:\/\/www.24baires.com\/?p=116975"},"modified":"2021-01-05T10:27:49","modified_gmt":"2021-01-05T13:27:49","slug":"kicillof-se-reune-con-intendentes-de-la-costa","status":"publish","type":"post","link":"https:\/\/www.24baires.com\/?p=116975","title":{"rendered":"Kicillof se re\u00fane con intendentes de la costa"},"content":{"rendered":"<p><img data-recalc-dims=\"1\" loading=\"lazy\" decoding=\"async\" src=\"https:\/\/i0.wp.com\/www.24baires.com\/wp-content\/uploads\/2020\/04\/kicillof.jpeg?resize=560%2C349\" alt=\"\" width=\"560\" height=\"349\" class=\"aligncenter size-full wp-image-114638\" srcset=\"https:\/\/i0.wp.com\/www.24baires.com\/wp-content\/uploads\/2020\/04\/kicillof.jpeg?w=560&amp;ssl=1 560w, https:\/\/i0.wp.com\/www.24baires.com\/wp-content\/uploads\/2020\/04\/kicillof.jpeg?resize=300%2C187&amp;ssl=1 300w\" sizes=\"auto, (max-width: 560px) 100vw, 560px\" \/>El gobernador convoc\u00f3 a los jefes comunales a una cumbre clave para este mediod\u00eda con el fin de analizar nuevas medidas sanitarias ante el aumento de contagios de coronavirus.<br \/>\n<!--more--><\/p>\n<p>Tras el aumento significativo de casos de coronavirus en el pa\u00eds, y puntualmente en la provincia de Buenos Aires, se eval\u00faan nuevas medidas para contener el rebrote. En este marco, el gobernador Axel Kicillof encabezar\u00e1 este martes una reuni\u00f3n con intendentes de la Costa Atl\u00e1ntica.<\/p>\n<p>Se trata de una reuni\u00f3n clave para evaluar la situaci\u00f3n sanitaria de las zonas tur\u00edsticas de la provincia y los mecanismos de control y prevenci\u00f3n implementados, ante el aumento de casos de coronavirus registrados en las \u00faltimas semanas.<\/p>\n<p>Entre las medidas que analiza Axel Kicillof, est\u00e1 el toque de queda sanitario que este mediod\u00eda evaluar\u00e1 con los intendentes en un encuentro que tendr\u00e1 lugar en el Centro Cultural \u00abSan Bernardo\u00bb del Partido de La Costa, seg\u00fan informaron fuentes oficiales. Tras esa reuni\u00f3n, el mandatario brindar\u00e1 una conferencia de prensa en la que brindar\u00e1 detalles sobre la situaci\u00f3n epidemiol\u00f3gica.<\/p>\n<p>Cabe resaltar que los casos positivos de coronavirus en la provincia de Buenos Aires ascendieron a 690.383, tras confirmarse 2.034 nuevos contagios en las \u00faltimas 24 horas, de los cuales un gran porcentaje son j\u00f3venes.<\/p>\n<p>En este sentido, el ministro de Salud de la provincia de Buenos Aires, Daniel Goll\u00e1n, alert\u00f3 sobre la existencia de \u00abun relajamiento fuerte en las conductas de cuidado, especialmente en los sectores juveniles\u00bb, y adelant\u00f3 que \u00abest\u00e1 en consideraci\u00f3n la posibilidad de un toque de queda o restricci\u00f3n por horarios\u00bbuna medida que, sostuvo, \u00abtuvo bastante eficacia\u00bb en Europa.<\/p>\n<p>Asimismo, el viceministro de Salud bonaerense, Nicol\u00e1s Kreplak, afirm\u00f3 que \u00abhay consenso\u00bb para tomar nuevas medidas que frenen la curva de crecimiento de los casos de coronavirus, antes de que aumente la ocupaci\u00f3n de las camas de terapia intensiva.<\/p>\n<p>Sobre las medidas en evaluaci\u00f3n, el funcionario mencion\u00f3 el ajuste en los medios de transporte, horarios en los que no se van a poder realizar actividades ni p\u00fablicas ni privadas o l\u00edmite en la cantidad de personas en distintos lugares.<\/p>\n","protected":false},"excerpt":{"rendered":"<p>El gobernador convoc\u00f3 a los jefes comunales a una cumbre clave para este mediod\u00eda con el fin de analizar nuevas medidas sanitarias ante el aumento de contagios de coronavirus.<\/p>\n","protected":false},"author":8,"featured_media":0,"comment_status":"open","ping_status":"open","sticky":false,"template":"","format":"standard","meta":{"_jetpack_newsletter_access":"","_jetpack_dont_email_post_to_subs":false,"_jetpack_newsletter_tier_id":0,"_jetpack_memberships_contains_paywalled_content":false,"_jetpack_memberships_contains_paid_content":false,"footnotes":""},"categories":[40],"tags":[],"class_list":["post-116975","post","type-post","status-publish","format-standard","hentry","category-provincia"],"jetpack_shortlink":"https:\/\/wp.me\/p2JWE0-uqH","jetpack-related-posts":[{"id":116964,"url":"https:\/\/www.24baires.com\/?p=116964","url_meta":{"origin":116975,"position":0},"title":"El Presidente se reuni\u00f3 con Kicillof y Larreta ante el aumento de casos de covid","author":"AF","date":"30\/12\/2020","format":false,"excerpt":"Este mi\u00e9rcoles, el presidente Alberto Fern\u00e1ndez recibi\u00f3 en Olivos al gobernador bonaerense y al jefe de Gobierno porte\u00f1o por el alza en los positivos de Covid-19. El presidente Alberto Fern\u00e1ndez se reuni\u00f3 este mi\u00e9rcoles por la tarde con el gobernador de la provincia de Buenos Aires, Axel Kicillof, y el\u2026","rel":"","context":"En \u00abLocales\u00bb","block_context":{"text":"Locales","link":"https:\/\/www.24baires.com\/?cat=38"},"img":{"alt_text":"","src":"https:\/\/i0.wp.com\/www.24baires.com\/wp-content\/uploads\/2020\/11\/alberto-fernandez-y-axel-kicillof-arrancan-la-semana-un-acto-conjunto.jpeg?resize=350%2C200","width":350,"height":200,"srcset":"https:\/\/i0.wp.com\/www.24baires.com\/wp-content\/uploads\/2020\/11\/alberto-fernandez-y-axel-kicillof-arrancan-la-semana-un-acto-conjunto.jpeg?resize=350%2C200 1x, https:\/\/i0.wp.com\/www.24baires.com\/wp-content\/uploads\/2020\/11\/alberto-fernandez-y-axel-kicillof-arrancan-la-semana-un-acto-conjunto.jpeg?resize=525%2C300 1.5x"},"classes":[]},{"id":117008,"url":"https:\/\/www.24baires.com\/?p=117008","url_meta":{"origin":116975,"position":1},"title":"Kicillof se re\u00fane con intendentes de la Costa Atl\u00e1ntica para evaluar las restricciones","author":"GB","date":"12\/01\/2021","format":false,"excerpt":"El gobernador de la Provincia y los jefes comunales mantendr\u00e1n un encuentro esta ma\u00f1ana desde las 10 en Santa Clara del Mar. El gobernador de la provincia de Buenos Aires, Axel Kicillof, volver\u00e1 a reunirse con los intendentes de la Costa Atl\u00e1ntica, para evaluar el impacto de las restricciones nocturnas\u2026","rel":"","context":"En \u00abProvincia\u00bb","block_context":{"text":"Provincia","link":"https:\/\/www.24baires.com\/?cat=40"},"img":{"alt_text":"","src":"https:\/\/i0.wp.com\/www.24baires.com\/wp-content\/uploads\/2021\/01\/kicillof-se-reunira-intendentes-la-costa-santaclara-del-mar-300x200.jpg?resize=350%2C200","width":350,"height":200},"classes":[]},{"id":116083,"url":"https:\/\/www.24baires.com\/?p=116083","url_meta":{"origin":116975,"position":2},"title":"Kicillof se reuni\u00f3 con intendentes tras el aumento de casos en el interior bonaerense","author":"AF","date":"26\/08\/2020","format":false,"excerpt":"El gobernador mantuvo un encuentro con los jefes comunales para analizar la situaci\u00f3n epidemiol\u00f3gica en los distritos que no pertenecen al AMBA. Esta semana, el Poder Ejecutivo de la provincia de Buenos Aires afirm\u00f3 que la curva de contagios por coronavirus en el \u00e1rea metropolitana estaba entrando a un \u201camesetamiento\u201d.\u2026","rel":"","context":"En \u00abProvincia\u00bb","block_context":{"text":"Provincia","link":"https:\/\/www.24baires.com\/?cat=40"},"img":{"alt_text":"","src":"https:\/\/i0.wp.com\/www.24baires.com\/wp-content\/uploads\/2020\/08\/kicillof-videoconferencia.jpeg?resize=350%2C200","width":350,"height":200,"srcset":"https:\/\/i0.wp.com\/www.24baires.com\/wp-content\/uploads\/2020\/08\/kicillof-videoconferencia.jpeg?resize=350%2C200 1x, https:\/\/i0.wp.com\/www.24baires.com\/wp-content\/uploads\/2020\/08\/kicillof-videoconferencia.jpeg?resize=525%2C300 1.5x"},"classes":[]},{"id":114684,"url":"https:\/\/www.24baires.com\/?p=114684","url_meta":{"origin":116975,"position":3},"title":"Provincia eval\u00faa \u00abalgunas modificaciones\u00bb para la cuarentena en los 58 municipios sin coronavirus","author":"AF","date":"13\/04\/2020","format":false,"excerpt":"As\u00ed lo inform\u00f3 el Jefe de Gabinete, Carlos Bianco. \"La idea no es flexibilizar la cuarentena sino mantener un aislamiento s\u00f3lido\", asegur\u00f3. El jefe de los ministros de Axel Kicillof, Carlos Bianco, adelant\u00f3 podr\u00edan haber cambios en la cuarentena en determinados distritos de la provincia de Buenos Aires, particularmente en\u2026","rel":"","context":"En \u00abProvincia\u00bb","block_context":{"text":"Provincia","link":"https:\/\/www.24baires.com\/?cat=40"},"img":{"alt_text":"","src":"https:\/\/i0.wp.com\/www.24baires.com\/wp-content\/uploads\/2020\/04\/bianco-kicillof.jpg?resize=350%2C200","width":350,"height":200,"srcset":"https:\/\/i0.wp.com\/www.24baires.com\/wp-content\/uploads\/2020\/04\/bianco-kicillof.jpg?resize=350%2C200 1x, https:\/\/i0.wp.com\/www.24baires.com\/wp-content\/uploads\/2020\/04\/bianco-kicillof.jpg?resize=525%2C300 1.5x"},"classes":[]},{"id":114951,"url":"https:\/\/www.24baires.com\/?p=114951","url_meta":{"origin":116975,"position":4},"title":"Kicillof evalu\u00f3 el impacto de una mayor circulaci\u00f3n social","author":"AF","date":"07\/05\/2020","format":false,"excerpt":"El Gobernador bonaerense analiza ampliar excepciones para industrias y comercios en algunos municipios. El gobernador bonaerense, Axel Kicillof, encabez\u00f3 la reuni\u00f3n con el comit\u00e9 provincial de expertos, con quienes evalu\u00f3 la posibilidad de ampliar las excepciones para industrias y comercios en algunos municipios. El mandatario provincial analiz\u00f3 el impacto epidemiol\u00f3gico\u2026","rel":"","context":"En \u00abProvincia\u00bb","block_context":{"text":"Provincia","link":"https:\/\/www.24baires.com\/?cat=40"},"img":{"alt_text":"","src":"https:\/\/i0.wp.com\/www.24baires.com\/wp-content\/uploads\/2020\/05\/kici.jpg?resize=350%2C200","width":350,"height":200,"srcset":"https:\/\/i0.wp.com\/www.24baires.com\/wp-content\/uploads\/2020\/05\/kici.jpg?resize=350%2C200 1x, https:\/\/i0.wp.com\/www.24baires.com\/wp-content\/uploads\/2020\/05\/kici.jpg?resize=525%2C300 1.5x"},"classes":[]},{"id":116287,"url":"https:\/\/www.24baires.com\/?p=116287","url_meta":{"origin":116975,"position":5},"title":"Kicillof prev\u00e9 \u00abla mejor temporada tur\u00edstica posible\u00bb a pesar de la pandemia","author":"AF","date":"21\/09\/2020","format":false,"excerpt":"El gobernador encabez\u00f3 este lunes el anuncio del Fondo Especial para la Reactivaci\u00f3n Cultural y Tur\u00edstica, donde cont\u00f3 que est\u00e1 trabajando con todos los intendentes para poner en marcha la temporada. Durante el anuncio de un Fondo Especial de 300 millones de pesos para la Reactivaci\u00f3n Cultural y Tur\u00edstica en\u2026","rel":"","context":"En \u00abProvincia\u00bb","block_context":{"text":"Provincia","link":"https:\/\/www.24baires.com\/?cat=40"},"img":{"alt_text":"","src":"https:\/\/i0.wp.com\/www.24baires.com\/wp-content\/uploads\/2020\/07\/gollan-kicillof.jpg?resize=350%2C200","width":350,"height":200,"srcset":"https:\/\/i0.wp.com\/www.24baires.com\/wp-content\/uploads\/2020\/07\/gollan-kicillof.jpg?resize=350%2C200 1x, https:\/\/i0.wp.com\/www.24baires.com\/wp-content\/uploads\/2020\/07\/gollan-kicillof.jpg?resize=525%2C300 1.5x"},"classes":[]}],"jetpack_sharing_enabled":true,"jetpack_likes_enabled":true,"jetpack_featured_media_url":"","_links":{"self":[{"href":"https:\/\/www.24baires.com\/index.php?rest_route=\/wp\/v2\/posts\/116975","targetHints":{"allow":["GET"]}}],"collection":[{"href":"https:\/\/www.24baires.com\/index.php?rest_route=\/wp\/v2\/posts"}],"about":[{"href":"https:\/\/www.24baires.com\/index.php?rest_route=\/wp\/v2\/types\/post"}],"author":[{"embeddable":true,"href":"https:\/\/www.24baires.com\/index.php?rest_route=\/wp\/v2\/users\/8"}],"replies":[{"embeddable":true,"href":"https:\/\/www.24baires.com\/index.php?rest_route=%2Fwp%2Fv2%2Fcomments&post=116975"}],"version-history":[{"count":1,"href":"https:\/\/www.24baires.com\/index.php?rest_route=\/wp\/v2\/posts\/116975\/revisions"}],"predecessor-version":[{"id":116976,"href":"https:\/\/www.24baires.com\/index.php?rest_route=\/wp\/v2\/posts\/116975\/revisions\/116976"}],"wp:attachment":[{"href":"https:\/\/www.24baires.com\/index.php?rest_route=%2Fwp%2Fv2%2Fmedia&parent=116975"}],"wp:term":[{"taxonomy":"category","embeddable":true,"href":"https:\/\/www.24baires.com\/index.php?rest_route=%2Fwp%2Fv2%2Fcategories&post=116975"},{"taxonomy":"post_tag","embeddable":true,"href":"https:\/\/www.24baires.com\/index.php?rest_route=%2Fwp%2Fv2%2Ftags&post=116975"}],"curies":[{"name":"wp","href":"https:\/\/api.w.org\/{rel}","templated":true}]}}