{"id":116891,"date":"2020-12-15T15:52:23","date_gmt":"2020-12-15T18:52:23","guid":{"rendered":"http:\/\/www.24baires.com\/?p=116891"},"modified":"2020-12-15T17:54:03","modified_gmt":"2020-12-15T20:54:03","slug":"la-inflacion-de-noviembre-fue-de-32-y-acumula-309","status":"publish","type":"post","link":"https:\/\/www.24baires.com\/?p=116891","title":{"rendered":"La inflaci\u00f3n de noviembre fue de 3,2% y acumula 30,9%"},"content":{"rendered":"<p><img data-recalc-dims=\"1\" loading=\"lazy\" decoding=\"async\" src=\"https:\/\/i0.wp.com\/www.24baires.com\/wp-content\/uploads\/2020\/05\/supermercado.jpg?resize=560%2C313\" alt=\"\" width=\"560\" height=\"313\" class=\"aligncenter size-full wp-image-115054\" srcset=\"https:\/\/i0.wp.com\/www.24baires.com\/wp-content\/uploads\/2020\/05\/supermercado.jpg?w=560&amp;ssl=1 560w, https:\/\/i0.wp.com\/www.24baires.com\/wp-content\/uploads\/2020\/05\/supermercado.jpg?resize=300%2C168&amp;ssl=1 300w\" sizes=\"auto, (max-width: 560px) 100vw, 560px\" \/>La inflaci\u00f3n de noviembre lleg\u00f3 al 3,2% y acumul\u00f3 en un a\u00f1o un alza del 35,8%, inform\u00f3 esta tarde el INDEC. Seg\u00fan la informaci\u00f3n oficial, entre enero y noviembre, el \u00cdndice de Precios al Consumidor (IPC) registr\u00f3 un incremento del 30,9%.<!--more--><\/p>\n<p>La suba de precios de noviembre fue inferior al 3,8% de octubre -el dato m\u00e1s alto de 2020- y al 3,3% de marzo, pero super\u00f3 al resto de los meses.<\/p>\n","protected":false},"excerpt":{"rendered":"<p>La inflaci\u00f3n de noviembre lleg\u00f3 al 3,2% y acumul\u00f3 en un a\u00f1o un alza del 35,8%, inform\u00f3 esta tarde el INDEC. Seg\u00fan la informaci\u00f3n oficial, entre enero y noviembre, el \u00cdndice de Precios al Consumidor (IPC) registr\u00f3 un incremento del 30,9%.<\/p>\n","protected":false},"author":4,"featured_media":0,"comment_status":"open","ping_status":"open","sticky":false,"template":"","format":"standard","meta":{"_jetpack_newsletter_access":"","_jetpack_dont_email_post_to_subs":false,"_jetpack_newsletter_tier_id":0,"_jetpack_memberships_contains_paywalled_content":false,"_jetpack_memberships_contains_paid_content":false,"footnotes":""},"categories":[45],"tags":[],"class_list":["post-116891","post","type-post","status-publish","format-standard","hentry","category-economia"],"jetpack_featured_media_url":"","jetpack_shortlink":"https:\/\/wp.me\/p2JWE0-upl","jetpack-related-posts":[{"id":105919,"url":"https:\/\/www.24baires.com\/?p=105919","url_meta":{"origin":116891,"position":0},"title":"La inflaci\u00f3n de noviembre fue del 3,2% y alcanza el 43,9% anual","author":"AF","date":"13\/12\/2018","format":false,"excerpt":"En los 12 meses el avance de precios lleg\u00f3 al 48,5% muy por encima del nivel en el que avanzaron los salarios y jubilaciones. El impacto de la profunda recesi\u00f3n en que se encuentra la econom\u00eda argentina ya se siente en la inflaci\u00f3n que, aunque se mantiene todav\u00eda alta, comenz\u00f3\u2026","rel":"","context":"En \u00abEconom\u00eda\u00bb","block_context":{"text":"Econom\u00eda","link":"https:\/\/www.24baires.com\/?cat=45"},"img":{"alt_text":"","src":"https:\/\/i0.wp.com\/www.24baires.com\/wp-content\/uploads\/2017\/07\/fila-supermercado.jpg?resize=350%2C200","width":350,"height":200,"srcset":"https:\/\/i0.wp.com\/www.24baires.com\/wp-content\/uploads\/2017\/07\/fila-supermercado.jpg?resize=350%2C200 1x, https:\/\/i0.wp.com\/www.24baires.com\/wp-content\/uploads\/2017\/07\/fila-supermercado.jpg?resize=525%2C300 1.5x"},"classes":[]},{"id":106632,"url":"https:\/\/www.24baires.com\/?p=106632","url_meta":{"origin":116891,"position":1},"title":"En 11 meses los salarios perdieron 17 puntos contra la inflaci\u00f3n","author":"AF","date":"31\/01\/2019","format":false,"excerpt":"El \u00edndice de salarios aument\u00f3 2,9% en noviembre del a\u00f1o pasado respecto del mes previo y acumul\u00f3 una suba de 26,6% en los \u00faltimos once meses, inform\u00f3 el INDEC. Mientras la inflaci\u00f3n en los primeros 11 meses de 2018 acumul\u00f3 un 43,9 por ciento, los salarios aumentaron en el mismo\u2026","rel":"","context":"En \u00abEconom\u00eda\u00bb","block_context":{"text":"Econom\u00eda","link":"https:\/\/www.24baires.com\/?cat=45"},"img":{"alt_text":"","src":"https:\/\/i0.wp.com\/www.24baires.com\/wp-content\/uploads\/2014\/04\/supermercado-chino.jpg?resize=350%2C200","width":350,"height":200,"srcset":"https:\/\/i0.wp.com\/www.24baires.com\/wp-content\/uploads\/2014\/04\/supermercado-chino.jpg?resize=350%2C200 1x, https:\/\/i0.wp.com\/www.24baires.com\/wp-content\/uploads\/2014\/04\/supermercado-chino.jpg?resize=525%2C300 1.5x"},"classes":[]},{"id":90686,"url":"https:\/\/www.24baires.com\/?p=90686","url_meta":{"origin":116891,"position":2},"title":"El consumo de carne vacuna cay\u00f3 6,7% con respecto al a\u00f1o pasado","author":"GB","date":"12\/12\/2016","format":false,"excerpt":"El consumo de carne vacuna por habitante por a\u00f1o en Argentina alcanz\u00f3 los 55,2 kilogramos en el per\u00edodo enero-noviembre, lo que implica una ca\u00edda del 6,7 por ciento anual. El consumo de carne vacuna por habitante por a\u00f1o en Argentina alcanz\u00f3 los 55,2 kilogramos en el per\u00edodo enero-noviembre, lo que\u2026","rel":"","context":"En \u00abEconom\u00eda\u00bb","block_context":{"text":"Econom\u00eda","link":"https:\/\/www.24baires.com\/?cat=45"},"img":{"alt_text":"","src":"https:\/\/i0.wp.com\/www.24baires.com\/wp-content\/uploads\/2016\/02\/carnicer%C3%ADa.jpg?resize=350%2C200","width":350,"height":200,"srcset":"https:\/\/i0.wp.com\/www.24baires.com\/wp-content\/uploads\/2016\/02\/carnicer%C3%ADa.jpg?resize=350%2C200 1x, https:\/\/i0.wp.com\/www.24baires.com\/wp-content\/uploads\/2016\/02\/carnicer%C3%ADa.jpg?resize=525%2C300 1.5x"},"classes":[]},{"id":117873,"url":"https:\/\/www.24baires.com\/?p=117873","url_meta":{"origin":116891,"position":3},"title":"La inflaci\u00f3n de junio fue del 3,2%, seg\u00fan el Indec","author":"GB","date":"16\/07\/2021","format":false,"excerpt":"Con esta informaci\u00f3n, en el primer semestre lleg\u00f3 a 25,3%. El incremento interanual super\u00f3 el 50% por primera vez desde febrero de 2020 La inflaci\u00f3n de junio fue del 3,2% seg\u00fan el INDEC. De esta manera, en el primer semestre de 2021 los precios aumentaron 25,3% mientras que el incremento\u2026","rel":"","context":"En \u00abEconom\u00eda\u00bb","block_context":{"text":"Econom\u00eda","link":"https:\/\/www.24baires.com\/?cat=45"},"img":{"alt_text":"","src":"https:\/\/i0.wp.com\/www.24baires.com\/wp-content\/uploads\/2020\/05\/supermercado.jpg?resize=350%2C200","width":350,"height":200,"srcset":"https:\/\/i0.wp.com\/www.24baires.com\/wp-content\/uploads\/2020\/05\/supermercado.jpg?resize=350%2C200 1x, https:\/\/i0.wp.com\/www.24baires.com\/wp-content\/uploads\/2020\/05\/supermercado.jpg?resize=525%2C300 1.5x"},"classes":[]},{"id":113395,"url":"https:\/\/www.24baires.com\/?p=113395","url_meta":{"origin":116891,"position":4},"title":"La inflaci\u00f3n de noviembre fue del 4,3% seg\u00fan el INDEC","author":"AF","date":"12\/12\/2019","format":false,"excerpt":"En lo que va del a\u00f1o, el aumento de precios avanz\u00f3 48,3 por ciento. La comparaci\u00f3n interanual lleg\u00f3 al 52,1 por ciento. Los precios al consumidor (IPC) subieron 4,3% en noviembre de 2019 respecto de octubre pasado, lo que suma un 52,1% interanual (al mismo mes pero de 2018), informaron\u2026","rel":"","context":"En \u00abEconom\u00eda\u00bb","block_context":{"text":"Econom\u00eda","link":"https:\/\/www.24baires.com\/?cat=45"},"img":{"alt_text":"","src":"https:\/\/i0.wp.com\/www.24baires.com\/wp-content\/uploads\/2018\/08\/supermercado.jpg?resize=350%2C200","width":350,"height":200,"srcset":"https:\/\/i0.wp.com\/www.24baires.com\/wp-content\/uploads\/2018\/08\/supermercado.jpg?resize=350%2C200 1x, https:\/\/i0.wp.com\/www.24baires.com\/wp-content\/uploads\/2018\/08\/supermercado.jpg?resize=525%2C300 1.5x"},"classes":[]},{"id":42804,"url":"https:\/\/www.24baires.com\/?p=42804","url_meta":{"origin":116891,"position":5},"title":"Docentes bonaerenses ratificaron el paro","author":"GB","date":"26\/03\/2014","format":false,"excerpt":"Los docentes bonaerenses rechazaron este mi\u00e9rcoles la nueva propuesta del gobierno provincial de reabrir la paritaria despu\u00e9s de agosto para evaluar un posible ajuste del aumento, de acuerdo a la evoluci\u00f3n de los precios. Los maestros consideraron insuficiente esa alternativa porque no se modific\u00f3 la oferta original, que consta en\u2026","rel":"","context":"En \u00abPol\u00edtica\u00bb","block_context":{"text":"Pol\u00edtica","link":"https:\/\/www.24baires.com\/?cat=51"},"img":{"alt_text":"paritarias","src":"https:\/\/i0.wp.com\/www.24baires.com\/wp-content\/uploads\/2014\/03\/paritarias.jpg?resize=350%2C200","width":350,"height":200,"srcset":"https:\/\/i0.wp.com\/www.24baires.com\/wp-content\/uploads\/2014\/03\/paritarias.jpg?resize=350%2C200 1x, https:\/\/i0.wp.com\/www.24baires.com\/wp-content\/uploads\/2014\/03\/paritarias.jpg?resize=525%2C300 1.5x"},"classes":[]}],"jetpack_sharing_enabled":true,"jetpack_likes_enabled":true,"_links":{"self":[{"href":"https:\/\/www.24baires.com\/index.php?rest_route=\/wp\/v2\/posts\/116891","targetHints":{"allow":["GET"]}}],"collection":[{"href":"https:\/\/www.24baires.com\/index.php?rest_route=\/wp\/v2\/posts"}],"about":[{"href":"https:\/\/www.24baires.com\/index.php?rest_route=\/wp\/v2\/types\/post"}],"author":[{"embeddable":true,"href":"https:\/\/www.24baires.com\/index.php?rest_route=\/wp\/v2\/users\/4"}],"replies":[{"embeddable":true,"href":"https:\/\/www.24baires.com\/index.php?rest_route=%2Fwp%2Fv2%2Fcomments&post=116891"}],"version-history":[{"count":1,"href":"https:\/\/www.24baires.com\/index.php?rest_route=\/wp\/v2\/posts\/116891\/revisions"}],"predecessor-version":[{"id":116892,"href":"https:\/\/www.24baires.com\/index.php?rest_route=\/wp\/v2\/posts\/116891\/revisions\/116892"}],"wp:attachment":[{"href":"https:\/\/www.24baires.com\/index.php?rest_route=%2Fwp%2Fv2%2Fmedia&parent=116891"}],"wp:term":[{"taxonomy":"category","embeddable":true,"href":"https:\/\/www.24baires.com\/index.php?rest_route=%2Fwp%2Fv2%2Fcategories&post=116891"},{"taxonomy":"post_tag","embeddable":true,"href":"https:\/\/www.24baires.com\/index.php?rest_route=%2Fwp%2Fv2%2Ftags&post=116891"}],"curies":[{"name":"wp","href":"https:\/\/api.w.org\/{rel}","templated":true}]}}