{"id":116877,"date":"2020-12-14T11:00:46","date_gmt":"2020-12-14T14:00:46","guid":{"rendered":"http:\/\/www.24baires.com\/?p=116877"},"modified":"2020-12-14T10:05:23","modified_gmt":"2020-12-14T13:05:23","slug":"extienden-a-sectores-criticos-el-beneficio-de-salario-complementario-al-pago-de-diciembre","status":"publish","type":"post","link":"https:\/\/www.24baires.com\/?p=116877","title":{"rendered":"Extienden a sectores cr\u00edticos el beneficio de Salario Complementario al pago de diciembre"},"content":{"rendered":"<p><img data-recalc-dims=\"1\" loading=\"lazy\" decoding=\"async\" src=\"https:\/\/i0.wp.com\/www.24baires.com\/wp-content\/uploads\/2016\/05\/pymes.jpg?resize=560%2C307\" alt=\"\" width=\"560\" height=\"307\" class=\"aligncenter size-full wp-image-82345\" srcset=\"https:\/\/i0.wp.com\/www.24baires.com\/wp-content\/uploads\/2016\/05\/pymes.jpg?w=560&amp;ssl=1 560w, https:\/\/i0.wp.com\/www.24baires.com\/wp-content\/uploads\/2016\/05\/pymes.jpg?resize=300%2C164&amp;ssl=1 300w\" sizes=\"auto, (max-width: 560px) 100vw, 560px\" \/>La medida se da tras la aceptaci\u00f3n de las recomendaciones del Comit\u00e9 de Evaluaci\u00f3n y Monitoreo del Programa de Asistencia de Emergencia al Trabajo y la Producci\u00f3n (ATP).<!--more--><\/p>\n<p>La administraci\u00f3n de Alberto Fern\u00e1ndez extendi\u00f3 a diciembre el beneficio del Salario Complementario, la postergaci\u00f3n y reducci\u00f3n del pago de las contribuciones patronales y los cr\u00e9ditos a tasa subsidiada, a los pagos que se devenguen durante diciembre.<\/p>\n<p>A trav\u00e9s de la Decisi\u00f3n Administrativa 2181\/2020, publicada hoy en el Bolet\u00edn Oficial, el Ejecutivo dispuso que \u00abse extiendan los beneficios del Programa ATP relativos al Salario Complementario, a la postergaci\u00f3n y reducci\u00f3n del pago de las contribuciones patronales con destino al Sistema Integrado Previsional Argentino (SIPA) y al Cr\u00e9dito a Tasa Subsidiada, respecto de los salarios y contribuciones que se devenguen durante el mes de diciembre de 2020\u00bb.<\/p>\n<p>La medida se da tras la aceptaci\u00f3n de las recomendaciones del Comit\u00e9 de Evaluaci\u00f3n y Monitoreo del Programa de Asistencia de Emergencia al Trabajo y la Producci\u00f3n (ATP).<\/p>\n<p>La normativa, tambi\u00e9n propone que \u00abreciban el beneficio del Salario Complementario aquellas empresas que desarrollen alguna de las actividades incluidas en la n\u00f3mina de las afectadas en forma cr\u00edtica\u00bb por la pandemia del coronavirus.<\/p>\n<p>Asimismo, remarca que \u00abel salario neto resulta equivalente al 83% de la Remuneraci\u00f3n Bruta devengada en el mes de noviembre de 2020, exteriorizada en la declaraci\u00f3n jurada de aportes y contribuciones con destino a la seguridad social, correspondiente a dicho per\u00edodo\u00bb.<\/p>\n<p>Entre otros puntos, el documento establece que \u00abel Salario Complementario a asignar como beneficio debe resultar equivalente al 50% del salario neto\u00bb, y agreg\u00f3 que \u00abel resultado as\u00ed obtenido no podr\u00e1 ser inferior a la suma equivalente al salario m\u00ednimo vital y m\u00f3vil ($ 20.588) ni superior a la suma equivalente a 1,3 SMVM ($ 26.764,4).<\/p>\n<p>Adem\u00e1s, puntualiz\u00f3 que \u00abla suma del Salario Complementario no podr\u00e1 arrojar como resultado que el trabajador obtenga un beneficio, por el concepto en trato, superior a su salario neto correspondiente a noviembre de 2020\u00bb. <\/p>\n","protected":false},"excerpt":{"rendered":"<p>La medida se da tras la aceptaci\u00f3n de las recomendaciones del Comit\u00e9 de Evaluaci\u00f3n y Monitoreo del Programa de Asistencia de Emergencia al Trabajo y la Producci\u00f3n (ATP).<\/p>\n","protected":false},"author":8,"featured_media":0,"comment_status":"open","ping_status":"open","sticky":false,"template":"","format":"standard","meta":{"_jetpack_newsletter_access":"","_jetpack_dont_email_post_to_subs":false,"_jetpack_newsletter_tier_id":0,"_jetpack_memberships_contains_paywalled_content":false,"_jetpack_memberships_contains_paid_content":false,"footnotes":""},"categories":[45],"tags":[],"class_list":["post-116877","post","type-post","status-publish","format-standard","hentry","category-economia"],"jetpack_featured_media_url":"","jetpack_shortlink":"https:\/\/wp.me\/p2JWE0-up7","jetpack-related-posts":[{"id":117166,"url":"https:\/\/www.24baires.com\/?p=117166","url_meta":{"origin":116877,"position":0},"title":"Detectan irregularidades en beneficiarios del ATP y se recuperar\u00e1n los fondos","author":"AF","date":"10\/02\/2021","format":false,"excerpt":"Para acceder al ATP las empresas no deb\u00edan operar en el mercado de capitales, repartir dividendos ni realizar erogaciones a para\u00edsos fiscales. El Gobierno detect\u00f3 irregularidades en beneficiarios del Programa de Asistencia de Emergencia al Trabajo y a la Producci\u00f3n (ATP) que no cumplieron con las condiciones establecidas para su\u2026","rel":"","context":"En \u00abSociedad\u00bb","block_context":{"text":"Sociedad","link":"https:\/\/www.24baires.com\/?cat=1"},"img":{"alt_text":"","src":"https:\/\/i0.wp.com\/www.24baires.com\/wp-content\/uploads\/2018\/11\/industria.jpg?resize=350%2C200","width":350,"height":200,"srcset":"https:\/\/i0.wp.com\/www.24baires.com\/wp-content\/uploads\/2018\/11\/industria.jpg?resize=350%2C200 1x, https:\/\/i0.wp.com\/www.24baires.com\/wp-content\/uploads\/2018\/11\/industria.jpg?resize=525%2C300 1.5x"},"classes":[]},{"id":116020,"url":"https:\/\/www.24baires.com\/?p=116020","url_meta":{"origin":116877,"position":1},"title":"Casi el 80% de las firmas anotadas en el ATP accedieron a la cobertura","author":"GB","date":"21\/08\/2020","format":false,"excerpt":"El 77% de las empresas que se anotaron para la cuarta ronda del programa de Asistencia al Trabajo y la Producci\u00f3n (ATP) accedieron al desembolso del salario complementario o al cr\u00e9dito subsidiado para el pago de salarios, comunic\u00f3 la Jefatura de Gabinete de Ministros de la Naci\u00f3n. En total, fueron\u2026","rel":"","context":"En \u00abPol\u00edtica\u00bb","block_context":{"text":"Pol\u00edtica","link":"https:\/\/www.24baires.com\/?cat=51"},"img":{"alt_text":"","src":"https:\/\/i0.wp.com\/www.24baires.com\/wp-content\/uploads\/2020\/04\/alberto-pyme.jpg?resize=350%2C200","width":350,"height":200,"srcset":"https:\/\/i0.wp.com\/www.24baires.com\/wp-content\/uploads\/2020\/04\/alberto-pyme.jpg?resize=350%2C200 1x, https:\/\/i0.wp.com\/www.24baires.com\/wp-content\/uploads\/2020\/04\/alberto-pyme.jpg?resize=525%2C300 1.5x"},"classes":[]},{"id":115938,"url":"https:\/\/www.24baires.com\/?p=115938","url_meta":{"origin":116877,"position":2},"title":"La asistencia para el pago de salarios llegar\u00e1 a 7 de cada 10 empresas solicitantes","author":"GB","date":"13\/08\/2020","format":false,"excerpt":"As\u00ed lo confirmaron fuentes oficiales luego de un nuevo encuentro del gabinete econ\u00f3mico, en la que se analiz\u00f3 la marcha del programa y la ampliaci\u00f3n de los criterios de ingreso. Santiago Cafiero, encabez\u00f3 una nueva reuni\u00f3n del gabinete econ\u00f3mico en la que se confirm\u00f3 que el ATP 4 llegar\u00e1 al\u2026","rel":"","context":"En \u00abPol\u00edtica\u00bb","block_context":{"text":"Pol\u00edtica","link":"https:\/\/www.24baires.com\/?cat=51"},"img":{"alt_text":"","src":"","width":0,"height":0},"classes":[]},{"id":114768,"url":"https:\/\/www.24baires.com\/?p=114768","url_meta":{"origin":116877,"position":3},"title":"El Gobierno destina el 3% del PBI para enfrentar la pandemia","author":"AF","date":"20\/04\/2020","format":false,"excerpt":"Los ministros de Producci\u00f3n y de Trabajo anunciaron la ampliaci\u00f3n de pol\u00edticas de ayuda para empresas, monotributistas y aut\u00f3nomos. A trav\u00e9s de una conferencia de prensa, el titular de Desarrollo Productivo, Mat\u00edas Kulfas, y su par de Trabajo, Claudio Moroni, presentaron las nuevas medidas en el marco del programa de\u2026","rel":"","context":"En \u00abSociedad\u00bb","block_context":{"text":"Sociedad","link":"https:\/\/www.24baires.com\/?cat=1"},"img":{"alt_text":"","src":"https:\/\/i0.wp.com\/www.24baires.com\/wp-content\/uploads\/2020\/04\/kulfas-moroni.jpg?resize=350%2C200","width":350,"height":200,"srcset":"https:\/\/i0.wp.com\/www.24baires.com\/wp-content\/uploads\/2020\/04\/kulfas-moroni.jpg?resize=350%2C200 1x, https:\/\/i0.wp.com\/www.24baires.com\/wp-content\/uploads\/2020\/04\/kulfas-moroni.jpg?resize=525%2C300 1.5x"},"classes":[]},{"id":114692,"url":"https:\/\/www.24baires.com\/?p=114692","url_meta":{"origin":116877,"position":4},"title":"El gobierno recibi\u00f3 a representantes de cl\u00ednicas privadas y analiza medidas","author":"GB","date":"14\/04\/2020","format":false,"excerpt":"El objetivo es incluirlas en el Programa de Asistencia al Trabajo y la Producci\u00f3n (ATP) de la AFIP. El jefe de Gabinete de Ministros de la Naci\u00f3n, Santiago Cafiero, encabez\u00f3 una reuni\u00f3n en el Sal\u00f3n Eva Per\u00f3n de la Casa Rosada junto al colectivo Uni\u00f3n Argentina de Salud, que nuclea\u2026","rel":"","context":"En \u00abPol\u00edtica\u00bb","block_context":{"text":"Pol\u00edtica","link":"https:\/\/www.24baires.com\/?cat=51"},"img":{"alt_text":"","src":"https:\/\/i0.wp.com\/www.24baires.com\/wp-content\/uploads\/2020\/04\/reunion-gob.jpg?resize=350%2C200","width":350,"height":200,"srcset":"https:\/\/i0.wp.com\/www.24baires.com\/wp-content\/uploads\/2020\/04\/reunion-gob.jpg?resize=350%2C200 1x, https:\/\/i0.wp.com\/www.24baires.com\/wp-content\/uploads\/2020\/04\/reunion-gob.jpg?resize=525%2C300 1.5x"},"classes":[]},{"id":114758,"url":"https:\/\/www.24baires.com\/?p=114758","url_meta":{"origin":116877,"position":5},"title":"El gobierno amplia la asistencia econ\u00f3mica para llegar a Pymes y sectores medios","author":"GB","date":"20\/04\/2020","format":false,"excerpt":"Se habilitar\u00e1n cr\u00e9ditos a \"Tasa Cero\" para aut\u00f3nomos y monotributistas y se crear\u00e1 un \"complementario\" para el sector privado El presidente Alberto Fen\u00e1ndez firm\u00f3 un decreto que amplia la asistencia econ\u00f3mica dele Estado Nacional, para abarcar Pymes, aut\u00f3nomos y monotributistas, que hab\u00edan quedado afuera de los programas de ayuda impelmentados\u2026","rel":"","context":"En \u00abEconom\u00eda\u00bb","block_context":{"text":"Econom\u00eda","link":"https:\/\/www.24baires.com\/?cat=45"},"img":{"alt_text":"","src":"","width":0,"height":0},"classes":[]}],"jetpack_sharing_enabled":true,"jetpack_likes_enabled":true,"_links":{"self":[{"href":"https:\/\/www.24baires.com\/index.php?rest_route=\/wp\/v2\/posts\/116877","targetHints":{"allow":["GET"]}}],"collection":[{"href":"https:\/\/www.24baires.com\/index.php?rest_route=\/wp\/v2\/posts"}],"about":[{"href":"https:\/\/www.24baires.com\/index.php?rest_route=\/wp\/v2\/types\/post"}],"author":[{"embeddable":true,"href":"https:\/\/www.24baires.com\/index.php?rest_route=\/wp\/v2\/users\/8"}],"replies":[{"embeddable":true,"href":"https:\/\/www.24baires.com\/index.php?rest_route=%2Fwp%2Fv2%2Fcomments&post=116877"}],"version-history":[{"count":1,"href":"https:\/\/www.24baires.com\/index.php?rest_route=\/wp\/v2\/posts\/116877\/revisions"}],"predecessor-version":[{"id":116878,"href":"https:\/\/www.24baires.com\/index.php?rest_route=\/wp\/v2\/posts\/116877\/revisions\/116878"}],"wp:attachment":[{"href":"https:\/\/www.24baires.com\/index.php?rest_route=%2Fwp%2Fv2%2Fmedia&parent=116877"}],"wp:term":[{"taxonomy":"category","embeddable":true,"href":"https:\/\/www.24baires.com\/index.php?rest_route=%2Fwp%2Fv2%2Fcategories&post=116877"},{"taxonomy":"post_tag","embeddable":true,"href":"https:\/\/www.24baires.com\/index.php?rest_route=%2Fwp%2Fv2%2Ftags&post=116877"}],"curies":[{"name":"wp","href":"https:\/\/api.w.org\/{rel}","templated":true}]}}