{"id":11683,"date":"2013-01-09T21:27:15","date_gmt":"2013-01-10T00:27:15","guid":{"rendered":"http:\/\/www.24baires.com\/?p=11683"},"modified":"2013-01-09T21:27:21","modified_gmt":"2013-01-10T00:27:21","slug":"sigue-el-paro-de-empleados-de-peajes-en-la-autopista-buenos-aires-la-plata","status":"publish","type":"post","link":"https:\/\/www.24baires.com\/?p=11683","title":{"rendered":"Sigue el paro de empleados de peajes en la Autopista Buenos Aires-La Plata"},"content":{"rendered":"<p><a href=\"http:\/\/www.24baires.com\/sociedad\/11683-sigue-el-paro-de-empleados-de-peajes-en-la-autopista-buenos-aires-la-plata\/attachment\/peaje-au-la-plata-bs-as\/\" rel=\"attachment wp-att-11684\"><img data-recalc-dims=\"1\" loading=\"lazy\" decoding=\"async\" class=\"alignleft size-medium wp-image-11684\" alt=\"peaje au la plata bs as\" src=\"https:\/\/i0.wp.com\/www.24baires.com\/wp-content\/uploads\/2013\/01\/peaje-au-la-plata-bs-as.jpg?resize=300%2C180\" width=\"300\" height=\"180\" srcset=\"https:\/\/i0.wp.com\/www.24baires.com\/wp-content\/uploads\/2013\/01\/peaje-au-la-plata-bs-as.jpg?resize=300%2C180&amp;ssl=1 300w, https:\/\/i0.wp.com\/www.24baires.com\/wp-content\/uploads\/2013\/01\/peaje-au-la-plata-bs-as.jpg?w=500&amp;ssl=1 500w\" sizes=\"auto, (max-width: 300px) 100vw, 300px\" \/><\/a>Trabajadores nucleados en el Sindicato que conduce <strong>Facundo Moyano<\/strong> ratificaron el paro por tiempo indeterminado en rechazo del incumplimiento del pago de los haberes de diciembre. Hoy liberaron desde las 6 de hoy las barreras de los peajes de Berazategui y Dock Sud.<!--more--><\/p>\n<p>Los empleados que cumplen tareas en la Autopista Buenos Aires\u2013La Plata, agrupados en el Sindicato \u00danico de Trabajadores de Peajes y Afines (SUTPA), ratificaron hoy el paro por tiempo indeterminado en rechazo del incumplimiento del pago de los haberes de diciembre.<\/p>\n<p>El personal mantiene desde esta ma\u00f1ana las barreras levantadas ante \u00abel incumplimiento de la empresa Coviares\u00bb, concesionaria de la Autopista, indic\u00f3 el titular del gremio, Facundo Moyano.<\/p>\n<p>Esa v\u00eda de comunicaci\u00f3n terrestre fue transferida con acuerdo parlamentario a la \u00f3rbita provincial hacia fines de diciembre.<\/p>\n<p>En ese momento, los trabajadores hab\u00edan se\u00f1alado su satisfacci\u00f3n por el traspaso, aunque advirtieron \u00ablas precarias condiciones laborales a las que eran sometidos por parte de Coviares S.A.\u00bb.<\/p>\n<p>Sebasti\u00e1n Monteleone, delegado del sector del Centro de Atenci\u00f3n de Emergencias (CAE) sostuvo en su momento que el personal hace m\u00e1s de siete meses que percibe los salarios de forma desdoblada, trabaja \u00aben condiciones inhumanas\u00bb y no se paga a la obra social.<\/p>\n<p>\u00abA pesar del traspaso aprobado y el incremento del costo del peaje nada se modific\u00f3, por lo que el personal aplica acciones de protesta, como la apertura de las barreras en los puestos de peaje, donde los carriles se redujeron a tres hasta las 17\u00bb, dijo.<\/p>\n<p>Un comunicado de prensa del gremio sostuvo que \u00abla \u00fanica preocupaci\u00f3n de la administraci\u00f3n provincial fue concederle a la empresa el aumento de tarifa\u00bb, y subray\u00f3 que ese incremento signific\u00f3 \u00abuna carga para los usuarios y no se tradujo en el pago en tiempo y forma de los haberes de los trabajadores\u00bb.<\/p>\n<p>Los empleados liberaron desde las 6 de hoy las barreras de los peajes de la Autopista Buenos-Aires La Plata en las localidades de Berazategui y Dock Sud y, aunque los automovilistas avanzaban sin pagar, se ocasionaban en esos lugares algunas demoras.<\/p>\n<p>&nbsp;<\/p>\n<p>&nbsp;<\/p>\n<p>&nbsp;<\/p>\n<p>&nbsp;<\/p>\n<p>&nbsp;<\/p>\n<p>&nbsp;<\/p>\n<p>&nbsp;<\/p>\n","protected":false},"excerpt":{"rendered":"<p>Trabajadores nucleados en el Sindicato que conduce Facundo Moyano ratificaron el paro por tiempo indeterminado en rechazo del incumplimiento del pago de los haberes de diciembre. Hoy liberaron desde las 6 de hoy las barreras de los peajes de Berazategui y Dock Sud.<\/p>\n","protected":false},"author":11,"featured_media":0,"comment_status":"open","ping_status":"open","sticky":false,"template":"","format":"standard","meta":{"_jetpack_newsletter_access":"","_jetpack_dont_email_post_to_subs":false,"_jetpack_newsletter_tier_id":0,"_jetpack_memberships_contains_paywalled_content":false,"_jetpack_memberships_contains_paid_content":false,"footnotes":""},"categories":[1],"tags":[],"class_list":["post-11683","post","type-post","status-publish","format-standard","hentry","category-sociedad"],"jetpack_featured_media_url":"","jetpack_shortlink":"https:\/\/wp.me\/p2JWE0-32r","jetpack-related-posts":[{"id":12197,"url":"https:\/\/www.24baires.com\/?p=12197","url_meta":{"origin":11683,"position":0},"title":"Ya lleva una semana el paro de empleados de peajes de la AU La Plata &#8211; Buenos Aires","author":"Grupo Sierra","date":"14\/01\/2013","format":false,"excerpt":"Desde el gremio que conduce Facundo Moyano, SUTPA, ratificaron que continuar\u00e1n con la medida de fuerza por tiempo indeterminado. Los trabajadores reclaman el pago de sueldos del mes de diciembre a Coviares. No cobran a los veh\u00edculos que pasan por los puestos de la Autopista La Plata - Buenos Aires\u2026","rel":"","context":"En \u00abSociedad\u00bb","block_context":{"text":"Sociedad","link":"https:\/\/www.24baires.com\/?cat=1"},"img":{"alt_text":"","src":"","width":0,"height":0},"classes":[]},{"id":11763,"url":"https:\/\/www.24baires.com\/?p=11763","url_meta":{"origin":11683,"position":1},"title":"Arl\u00eda: \u00abdesde hace a\u00f1os, Coviares nos boludea a todos: usuarios, trabajadores y Estado\u00bb","author":"AF","date":"10\/01\/2013","format":false,"excerpt":"El ministro de Infraestructura bonaerense responsabiliz\u00f3 a la empresa por el paro que los trabajadores de peaje realizan desde el martes en Hudson y Dock Sud. \"Me voy a encargar de que cumplan con sus obligaciones o rescindirles el contrato\u201d, advirti\u00f3 el funcionario. Al cumplirse la tercera jornada de paro\u2026","rel":"","context":"En \u00abSociedad\u00bb","block_context":{"text":"Sociedad","link":"https:\/\/www.24baires.com\/?cat=1"},"img":{"alt_text":"","src":"","width":0,"height":0},"classes":[]},{"id":45475,"url":"https:\/\/www.24baires.com\/?p=45475","url_meta":{"origin":11683,"position":2},"title":"Fuerte rechazo al aumento en la Autopista La Plata &#8211; Buenos Aires","author":"Grupo Sierra","date":"07\/05\/2014","format":false,"excerpt":"La ONG defensora de usuarios viales emiti\u00f3 un comunicado donde expres\u00f3 \"su en\u00e9rgico rechazo a este nuevo aumento de peaje, y lamenta como en otras oportunidades, la actitud antidemocr\u00e1tica, autoritaria e irresponsable del Gobierno de la Provincia de Buenos Aires que ni siquiera convoc\u00f3 a una audiencia p\u00fablica donde los\u2026","rel":"","context":"En \u00abSociedad\u00bb","block_context":{"text":"Sociedad","link":"https:\/\/www.24baires.com\/?cat=1"},"img":{"alt_text":"autopista_bs_as_la_plata","src":"https:\/\/i0.wp.com\/www.24baires.com\/wp-content\/uploads\/2012\/12\/autopista_bs_as_la_plata.jpg?resize=350%2C200","width":350,"height":200,"srcset":"https:\/\/i0.wp.com\/www.24baires.com\/wp-content\/uploads\/2012\/12\/autopista_bs_as_la_plata.jpg?resize=350%2C200 1x, https:\/\/i0.wp.com\/www.24baires.com\/wp-content\/uploads\/2012\/12\/autopista_bs_as_la_plata.jpg?resize=525%2C300 1.5x"},"classes":[]},{"id":32053,"url":"https:\/\/www.24baires.com\/?p=32053","url_meta":{"origin":11683,"position":3},"title":"Levantaron las barreras de los peajes en la Autopista La Plata Buenos Aires","author":"AF","date":"18\/09\/2013","format":false,"excerpt":"Los usuarios de la Autopista La Plata Buenos Aires no est\u00e1n pagando peaje este mi\u00e9rcoles por una protesta que llevan adelante los empleados de las cabinas, que le reclaman una indeminizaci\u00f3n a la empresa que este a\u00f1o dej\u00f3 la concesi\u00f3n de la autov\u00eda. Los trabajadores liberaron los peajes esta ma\u00f1ana,\u2026","rel":"","context":"En \u00abSociedad\u00bb","block_context":{"text":"Sociedad","link":"https:\/\/www.24baires.com\/?cat=1"},"img":{"alt_text":"","src":"","width":0,"height":0},"classes":[]},{"id":28877,"url":"https:\/\/www.24baires.com\/?p=28877","url_meta":{"origin":11683,"position":4},"title":"Arl\u00eda consider\u00f3 \u00abdesafortunada\u00bb la huelga de peajes de Facundo Moyano","author":"AF","date":"24\/07\/2013","format":false,"excerpt":"El ministro de Infraestructura se mostr\u00f3 sorprendido por la medida de fuerza en medio de \u201clos di\u00e1logos permanentes\u201d que se mantienen con los trabajadores del sector. Reiter\u00f3 que no habr\u00e1 despidos y que la Provincia se har\u00e1 cargo del medio aguinaldo, sueldos atrasados y todas las deudas de la ex\u2026","rel":"","context":"En \u00abSociedad\u00bb","block_context":{"text":"Sociedad","link":"https:\/\/www.24baires.com\/?cat=1"},"img":{"alt_text":"","src":"","width":0,"height":0},"classes":[]},{"id":107749,"url":"https:\/\/www.24baires.com\/?p=107749","url_meta":{"origin":11683,"position":5},"title":"A partir del martes, suben 33% las tarifas de peaje de la Autopista Buenos Aires La Plata","author":"GB","date":"22\/04\/2019","format":false,"excerpt":"La categor\u00eda auto pasar\u00e1 a pagar $33. En hora pico, en tanto, el precio ser\u00e1 de $42 El Gobierno bonaerense autoriz\u00f3 un incremento del 33% promedio en las tarifas de peaje de la Autopista Buenos Aires La Plata y el Corredor del Atl\u00e1ntico. Las nuevas tarifas estar\u00e1n vigentes a partir\u2026","rel":"","context":"En \u00abEconom\u00eda\u00bb","block_context":{"text":"Econom\u00eda","link":"https:\/\/www.24baires.com\/?cat=45"},"img":{"alt_text":"","src":"https:\/\/i0.wp.com\/www.24baires.com\/wp-content\/uploads\/2013\/12\/peajes.jpg?resize=350%2C200","width":350,"height":200},"classes":[]}],"jetpack_sharing_enabled":true,"jetpack_likes_enabled":true,"_links":{"self":[{"href":"https:\/\/www.24baires.com\/index.php?rest_route=\/wp\/v2\/posts\/11683","targetHints":{"allow":["GET"]}}],"collection":[{"href":"https:\/\/www.24baires.com\/index.php?rest_route=\/wp\/v2\/posts"}],"about":[{"href":"https:\/\/www.24baires.com\/index.php?rest_route=\/wp\/v2\/types\/post"}],"author":[{"embeddable":true,"href":"https:\/\/www.24baires.com\/index.php?rest_route=\/wp\/v2\/users\/11"}],"replies":[{"embeddable":true,"href":"https:\/\/www.24baires.com\/index.php?rest_route=%2Fwp%2Fv2%2Fcomments&post=11683"}],"version-history":[{"count":4,"href":"https:\/\/www.24baires.com\/index.php?rest_route=\/wp\/v2\/posts\/11683\/revisions"}],"predecessor-version":[{"id":11689,"href":"https:\/\/www.24baires.com\/index.php?rest_route=\/wp\/v2\/posts\/11683\/revisions\/11689"}],"wp:attachment":[{"href":"https:\/\/www.24baires.com\/index.php?rest_route=%2Fwp%2Fv2%2Fmedia&parent=11683"}],"wp:term":[{"taxonomy":"category","embeddable":true,"href":"https:\/\/www.24baires.com\/index.php?rest_route=%2Fwp%2Fv2%2Fcategories&post=11683"},{"taxonomy":"post_tag","embeddable":true,"href":"https:\/\/www.24baires.com\/index.php?rest_route=%2Fwp%2Fv2%2Ftags&post=11683"}],"curies":[{"name":"wp","href":"https:\/\/api.w.org\/{rel}","templated":true}]}}