{"id":116686,"date":"2020-11-12T18:34:48","date_gmt":"2020-11-12T21:34:48","guid":{"rendered":"http:\/\/www.24baires.com\/?p=116686"},"modified":"2020-11-12T18:34:48","modified_gmt":"2020-11-12T21:34:48","slug":"la-inflacion-de-octubre-fue-de-38-y-es-la-mas-alta-de-todo-2020","status":"publish","type":"post","link":"https:\/\/www.24baires.com\/?p=116686","title":{"rendered":"La inflaci\u00f3n de octubre fue de 3,8% y es la m\u00e1s alta de todo 2020"},"content":{"rendered":"<p><img data-recalc-dims=\"1\" loading=\"lazy\" decoding=\"async\" src=\"https:\/\/i0.wp.com\/www.24baires.com\/wp-content\/uploads\/2020\/04\/supermercado.jpg?resize=560%2C373\" alt=\"\" width=\"560\" height=\"373\" class=\"aligncenter size-full wp-image-114714\" srcset=\"https:\/\/i0.wp.com\/www.24baires.com\/wp-content\/uploads\/2020\/04\/supermercado.jpg?w=560&amp;ssl=1 560w, https:\/\/i0.wp.com\/www.24baires.com\/wp-content\/uploads\/2020\/04\/supermercado.jpg?resize=300%2C200&amp;ssl=1 300w\" sizes=\"auto, (max-width: 560px) 100vw, 560px\" \/>El Indec inform\u00f3 una suba general de precios superior a lo que hab\u00edan estimado las consultoras, que la m\u00e1s alta proyectaba 3,5%. El IPC de marzo hab\u00eda sido 3,3%<!--more--><\/p>\n<p>El \u00edndice de precios al consumidor (IPC) subi\u00f3 3,8% durante octubre en comparaci\u00f3n con septiembre y fue del 37,2% a nivel interanual, de acuerdo con los datos que public\u00f3 este jueves el Instituto Nacional de Estad\u00edstica y Censos (INDEC).<\/p>\n<p>\u00abAunque la divisi\u00f3n Prendas de vestir y calzado fue la que mostr\u00f3 un mayor incremento en el mes (6,2%), la divisi\u00f3n Alimentos y bebidas no alcoh\u00f3licas (4,8%) registr\u00f3 la mayor incidencia en todas las regiones. Se destacaron en este \u00faltimo caso las subas en Verduras, tub\u00e9rculos y legumbres; Frutas; y Aceites, grasas y manteca\u00bb, indic\u00f3 el INDEC en su reporte de octubre.<\/p>\n<p>A su vez, la inflaci\u00f3n interanual medida por el INDEC fue de 37,2%, muy por debajo del 50,5% registrado en octubre de 2019. El IPC registr\u00f3 un aument\u00f3 del 3,8% durante el mes pasado, en comparaci\u00f3n con el registro de septiembre (2,8%).<\/p>\n<p>\u00abLas divisiones Equipamiento y mantenimiento del hogar y Transporte mostraron en octubre alzas de 4,5% y 4,2% respectivamente. En el primer caso incidieron las subas en electrodom\u00e9sticos, y bienes y servicios para la conservaci\u00f3n del hogar, mientras que en el segundo caso se destacaron las alzas en la adquisici\u00f3n de veh\u00edculos y combustibles\u00bb, indic\u00f3 el INDEC en un espacio destacado de su informe mensual.<\/p>\n","protected":false},"excerpt":{"rendered":"<p>El Indec inform\u00f3 una suba general de precios superior a lo que hab\u00edan estimado las consultoras, que la m\u00e1s alta proyectaba 3,5%. El IPC de marzo hab\u00eda sido 3,3%<\/p>\n","protected":false},"author":4,"featured_media":0,"comment_status":"open","ping_status":"open","sticky":false,"template":"","format":"standard","meta":{"_jetpack_newsletter_access":"","_jetpack_dont_email_post_to_subs":false,"_jetpack_newsletter_tier_id":0,"_jetpack_memberships_contains_paywalled_content":false,"_jetpack_memberships_contains_paid_content":false,"footnotes":""},"categories":[45],"tags":[],"class_list":["post-116686","post","type-post","status-publish","format-standard","hentry","category-economia"],"jetpack_featured_media_url":"","jetpack_shortlink":"https:\/\/wp.me\/p2JWE0-um2","jetpack-related-posts":[{"id":92944,"url":"https:\/\/www.24baires.com\/?p=92944","url_meta":{"origin":116686,"position":0},"title":"La inflaci\u00f3n en febrero fue de 2,5%","author":"GB","date":"09\/03\/2017","format":false,"excerpt":"En sinton\u00eda con las mediciones privadas y la de las centrales obreras, el INDEC dio a conocer el el \u00cdndice de Precios al Consumidor (IPC). En lo que va del a\u00f1o es de 3,8%. Los rubros que m\u00e1s impactaron fueron educaci\u00f3n, que aument\u00f3 4%; y transporte y comunicaciones, que tuvieron\u2026","rel":"","context":"En \u00abEconom\u00eda\u00bb","block_context":{"text":"Econom\u00eda","link":"https:\/\/www.24baires.com\/?cat=45"},"img":{"alt_text":"","src":"https:\/\/i0.wp.com\/www.24baires.com\/wp-content\/uploads\/2016\/05\/supermercado-vac%C3%ADo-300x178.jpg?resize=350%2C200","width":350,"height":200},"classes":[]},{"id":120096,"url":"https:\/\/www.24baires.com\/?p=120096","url_meta":{"origin":116686,"position":1},"title":"La inflaci\u00f3n de abril fue del 8,4% y acumula un 108,8% interanual","author":"AF","date":"12\/05\/2023","format":false,"excerpt":"Los datos brindados por el Instituto Nacional de Estad\u00edstica y Censos indican que la inflaci\u00f3n acumula un aumento del 32% en el primer cuatrimestre del a\u00f1o. El \u00cdndice de Precios al Consumidor (IPC-Costo de Vida) subi\u00f3 8,4% en abril, impulsado por los rubros Alimentos y Bebidas, junto con Indumentaria y\u2026","rel":"","context":"En \u00abEconom\u00eda\u00bb","block_context":{"text":"Econom\u00eda","link":"https:\/\/www.24baires.com\/?cat=45"},"img":{"alt_text":"","src":"https:\/\/i0.wp.com\/www.24baires.com\/wp-content\/uploads\/2023\/03\/inflacion-aceite-precios-super-gondolas-consumo.jpg?resize=350%2C200","width":350,"height":200,"srcset":"https:\/\/i0.wp.com\/www.24baires.com\/wp-content\/uploads\/2023\/03\/inflacion-aceite-precios-super-gondolas-consumo.jpg?resize=350%2C200 1x, https:\/\/i0.wp.com\/www.24baires.com\/wp-content\/uploads\/2023\/03\/inflacion-aceite-precios-super-gondolas-consumo.jpg?resize=525%2C300 1.5x, https:\/\/i0.wp.com\/www.24baires.com\/wp-content\/uploads\/2023\/03\/inflacion-aceite-precios-super-gondolas-consumo.jpg?resize=700%2C400 2x"},"classes":[]},{"id":117179,"url":"https:\/\/www.24baires.com\/?p=117179","url_meta":{"origin":116686,"position":2},"title":"El \u00cdndice de Precios al Consumidor subi\u00f3 4% en enero","author":"AF","date":"11\/02\/2021","format":false,"excerpt":"El Instituto Nacional de Estad\u00edstica y Censos (Indec) inform\u00f3 que el rubro Alimentos y Bebidas subi\u00f3 4,8%, Comunicaci\u00f3n 15% y Restaurantes y Hoteles 5,4%. El \u00cdndice de Precios al Consumidor (IPC-Costo de Vida) aument\u00f3 4% durante enero, debido a las subas del 15,1% en el sector de comunicaciones, del 5,4%\u2026","rel":"","context":"En \u00abEconom\u00eda\u00bb","block_context":{"text":"Econom\u00eda","link":"https:\/\/www.24baires.com\/?cat=45"},"img":{"alt_text":"","src":"https:\/\/i0.wp.com\/www.24baires.com\/wp-content\/uploads\/2018\/08\/supermercado.jpg?resize=350%2C200","width":350,"height":200,"srcset":"https:\/\/i0.wp.com\/www.24baires.com\/wp-content\/uploads\/2018\/08\/supermercado.jpg?resize=350%2C200 1x, https:\/\/i0.wp.com\/www.24baires.com\/wp-content\/uploads\/2018\/08\/supermercado.jpg?resize=525%2C300 1.5x"},"classes":[]},{"id":89704,"url":"https:\/\/www.24baires.com\/?p=89704","url_meta":{"origin":116686,"position":3},"title":"Seg\u00fan el Indec, la inflaci\u00f3n trep\u00f3 al 2.4% en octubre","author":"GB","date":"10\/11\/2016","format":false,"excerpt":"La suba de las tarifas de gas hizo acelerar el alza del \u00edndice de precios, seg\u00fan el Instituto Nacional de Censos y Estad\u00edsticas. La inflaci\u00f3n de octubre se aceler\u00f3 al 2,4%, seg\u00fan inform\u00f3 el Instituto Nacional de Estad\u00edstica y Censos (INDEC). La suba de precios denominada \"n\u00facleo\" creci\u00f3 a 1,8%,\u2026","rel":"","context":"En \u00abEconom\u00eda\u00bb","block_context":{"text":"Econom\u00eda","link":"https:\/\/www.24baires.com\/?cat=45"},"img":{"alt_text":"indec","src":"https:\/\/i0.wp.com\/www.24baires.com\/wp-content\/uploads\/2013\/02\/indec-300x225.jpg?resize=350%2C200","width":350,"height":200},"classes":[]},{"id":116891,"url":"https:\/\/www.24baires.com\/?p=116891","url_meta":{"origin":116686,"position":4},"title":"La inflaci\u00f3n de noviembre fue de 3,2% y acumula 30,9%","author":"AF","date":"15\/12\/2020","format":false,"excerpt":"La inflaci\u00f3n de noviembre lleg\u00f3 al 3,2% y acumul\u00f3 en un a\u00f1o un alza del 35,8%, inform\u00f3 esta tarde el INDEC. Seg\u00fan la informaci\u00f3n oficial, entre enero y noviembre, el \u00cdndice de Precios al Consumidor (IPC) registr\u00f3 un incremento del 30,9%. La suba de precios de noviembre fue inferior al\u2026","rel":"","context":"En \u00abEconom\u00eda\u00bb","block_context":{"text":"Econom\u00eda","link":"https:\/\/www.24baires.com\/?cat=45"},"img":{"alt_text":"","src":"https:\/\/i0.wp.com\/www.24baires.com\/wp-content\/uploads\/2020\/05\/supermercado.jpg?resize=350%2C200","width":350,"height":200,"srcset":"https:\/\/i0.wp.com\/www.24baires.com\/wp-content\/uploads\/2020\/05\/supermercado.jpg?resize=350%2C200 1x, https:\/\/i0.wp.com\/www.24baires.com\/wp-content\/uploads\/2020\/05\/supermercado.jpg?resize=525%2C300 1.5x"},"classes":[]},{"id":107215,"url":"https:\/\/www.24baires.com\/?p=107215","url_meta":{"origin":116686,"position":5},"title":"La inflaci\u00f3n de febrero fue de 3,8% y en dos meses acumula 6,8%","author":"AF","date":"14\/03\/2019","format":false,"excerpt":"Los tarifazos en la luz, agua, el aumento de las naftas y la disparada de los precios de los alimentos impactaron fuerte en el IPC del segundo mes del a\u00f1o, seg\u00fan la medici\u00f3n del INDEC. El \u00cdndice de Precios al Consumidor aument\u00f3 3,8% durante febrero, impulsado por la suba de\u2026","rel":"","context":"En \u00abEconom\u00eda\u00bb","block_context":{"text":"Econom\u00eda","link":"https:\/\/www.24baires.com\/?cat=45"},"img":{"alt_text":"","src":"https:\/\/i0.wp.com\/www.24baires.com\/wp-content\/uploads\/2018\/08\/supermercado.jpg?resize=350%2C200","width":350,"height":200,"srcset":"https:\/\/i0.wp.com\/www.24baires.com\/wp-content\/uploads\/2018\/08\/supermercado.jpg?resize=350%2C200 1x, https:\/\/i0.wp.com\/www.24baires.com\/wp-content\/uploads\/2018\/08\/supermercado.jpg?resize=525%2C300 1.5x"},"classes":[]}],"jetpack_sharing_enabled":true,"jetpack_likes_enabled":true,"_links":{"self":[{"href":"https:\/\/www.24baires.com\/index.php?rest_route=\/wp\/v2\/posts\/116686","targetHints":{"allow":["GET"]}}],"collection":[{"href":"https:\/\/www.24baires.com\/index.php?rest_route=\/wp\/v2\/posts"}],"about":[{"href":"https:\/\/www.24baires.com\/index.php?rest_route=\/wp\/v2\/types\/post"}],"author":[{"embeddable":true,"href":"https:\/\/www.24baires.com\/index.php?rest_route=\/wp\/v2\/users\/4"}],"replies":[{"embeddable":true,"href":"https:\/\/www.24baires.com\/index.php?rest_route=%2Fwp%2Fv2%2Fcomments&post=116686"}],"version-history":[{"count":1,"href":"https:\/\/www.24baires.com\/index.php?rest_route=\/wp\/v2\/posts\/116686\/revisions"}],"predecessor-version":[{"id":116687,"href":"https:\/\/www.24baires.com\/index.php?rest_route=\/wp\/v2\/posts\/116686\/revisions\/116687"}],"wp:attachment":[{"href":"https:\/\/www.24baires.com\/index.php?rest_route=%2Fwp%2Fv2%2Fmedia&parent=116686"}],"wp:term":[{"taxonomy":"category","embeddable":true,"href":"https:\/\/www.24baires.com\/index.php?rest_route=%2Fwp%2Fv2%2Fcategories&post=116686"},{"taxonomy":"post_tag","embeddable":true,"href":"https:\/\/www.24baires.com\/index.php?rest_route=%2Fwp%2Fv2%2Ftags&post=116686"}],"curies":[{"name":"wp","href":"https:\/\/api.w.org\/{rel}","templated":true}]}}