{"id":116635,"date":"2020-11-06T17:02:57","date_gmt":"2020-11-06T20:02:57","guid":{"rendered":"http:\/\/www.24baires.com\/?p=116635"},"modified":"2020-11-06T18:06:20","modified_gmt":"2020-11-06T21:06:20","slug":"llega-al-pais-una-mision-del-fmi-para-iniciar-negociaciones-formales","status":"publish","type":"post","link":"https:\/\/www.24baires.com\/?p=116635","title":{"rendered":"Llega al pa\u00eds una misi\u00f3n del FMI para iniciar negociaciones formales"},"content":{"rendered":"<p><img data-recalc-dims=\"1\" loading=\"lazy\" decoding=\"async\" src=\"https:\/\/i0.wp.com\/www.24baires.com\/wp-content\/uploads\/2015\/04\/fmi.jpg?resize=560%2C479\" alt=\"\" width=\"560\" height=\"479\" class=\"aligncenter size-full wp-image-65141\" srcset=\"https:\/\/i0.wp.com\/www.24baires.com\/wp-content\/uploads\/2015\/04\/fmi.jpg?w=560&amp;ssl=1 560w, https:\/\/i0.wp.com\/www.24baires.com\/wp-content\/uploads\/2015\/04\/fmi.jpg?resize=300%2C257&amp;ssl=1 300w\" sizes=\"auto, (max-width: 560px) 100vw, 560px\" \/>Estar\u00e1 encabezada por los funcionarios Julie Kozack y Luis Cubeddu. En esta oportunidad la misi\u00f3n se centrar\u00e1 en la agenda fiscal, monetaria y estructural de las autoridades para el mediano plazo con el objetivo de anclar la estabilidad macroecon\u00f3mica y sentar las bases para un crecimiento inclusivo y sostenible.<!--more--><\/p>\n<p>Una misi\u00f3n del Fondo Monetario Internacional (FMI), encabezada por los funcionarios Julie Kozack y Luis Cubeddu, arribar\u00e1 al pa\u00eds el martes 10 de noviembre para \u00abiniciar negociaciones formales con las autoridades argentinas sobre un nuevo programa para apoyar el plan econ\u00f3mico del gobierno\u00bb, inform\u00f3 el organismo multilateral.<\/p>\n<p>As\u00ed lo indic\u00f3 un vocero del FMI a los medios, en un contacto en el que precis\u00f3 que en esta oportunidad el di\u00e1logo se centrar\u00e1 en la agenda fiscal, monetaria y estructural de las autoridades para el mediano plazo con el objetivo de anclar la estabilidad macroecon\u00f3mica y sentar las bases para un crecimiento inclusivo y sostenible.<\/p>\n<p>\u00abNo hay fechas establecidas para finalizar las negociaciones\u00bb, indic\u00f3 la misma fuente del FMI respecto a la extensi\u00f3n de la misi\u00f3n, que se reunir\u00e1 con autoridades nacionales, especialistas y dirigentes pol\u00edticos, entre otros.<\/p>\n<p>La fuente subray\u00f3 que el objetivo del organismo \u00absigue siendo apoyar al pueblo argentino a superar los complejos desaf\u00edos socioecon\u00f3micos que enfrenta el pa\u00eds y sentar las bases para una econom\u00eda m\u00e1s estable y un futuro m\u00e1s pr\u00f3spero\u00bb.<\/p>\n<p>Kozack y Cubeddu -al frente de la delegaci\u00f3n del FMI- ya visitaron la Argentina a principios de octubre \u00faltimo. En aquella oportunidad, la misi\u00f3n concluy\u00f3 que \u00abel personal t\u00e9cnico acogi\u00f3 con satisfacci\u00f3n el compromiso de las autoridades con las pol\u00edticas para asegurar una consolidaci\u00f3n fiscal favorable al crecimiento y al mismo tiempo proteger a los m\u00e1s vulnerables\u00bb.<\/p>\n<p>Se trat\u00f3 de una primera visita exploratoria de la situaci\u00f3n econ\u00f3mica y social en la Argentina atravesada al igual que el resto del mundo por la pandemia de coronavirus, tras el pedido del Gobierno de renegociar un programa de financiamiento con el organismo por la deuda de US$ 43.900 millones generada entre los a\u00f1os 2018 y 2019.<\/p>\n<p>En esa oportunidad, tras haber completado casi una semana en el pa\u00eds, la delegaci\u00f3n constat\u00f3 que la Argentina enfrenta \u201ccomplejas dificultades econ\u00f3micas y sociales, en el contexto de una crisis de salud sin precedentes\u201d a causa de la pandemia de coronavirus.<\/p>\n<p>Los delegados advirtieron tambi\u00e9n que la \u201cprofunda recesi\u00f3n\u201d provoc\u00f3 elevados niveles de pobreza y desempleo, \u201ccuyos efectos se ven agravados por importantes presiones en el mercado cambiario\u201d, seg\u00fan un comunicado emitido por el organismo a modo de balance de la visita.<\/p>\n<p>Los funcionarios del FMI obtuvieron \u00abuna comprensi\u00f3n m\u00e1s profunda de los planes pol\u00edticos de las autoridades para estabilizar la econom\u00eda y ponerla en una senda de crecimiento m\u00e1s sostenible e inclusivo\u00bb, agreg\u00f3 el parte de prensa.<\/p>\n<p>D\u00edas despu\u00e9s, al dar a conocer el reporte semestral de perspectivas Econ\u00f3micas, WEO, presentado durante la Asamblea Anual del FMI y el Banco Mundial, realizada a mediados de octubre, el organismo proyect\u00f3 que la econom\u00eda argentina cerrar\u00e1 2020 con una ca\u00edda de 11,8%, mientras que para 2021 estiman una recuperaci\u00f3n de 4,9%.<\/p>\n<p>La delegaci\u00f3n del FMI que visit\u00f3 el pa\u00eds en octubre fue encabezada por Kozack, subdirectora del Departamento del Hemisferio Occidental, y Cubbedu, jefe de la Misi\u00f3n para la Argentina, .<\/p>\n<p>Los directivos del Fondo se reunieron con el ministro de Econom\u00eda, Mart\u00edn Guzm\u00e1n; el presidente del Banco Central, Miguel \u00c1ngel Pesce; el secretario de Asuntos Estrat\u00e9gicos de la Presidencia, Gustavo B\u00e9liz; el ministro de Desarrollo Social, Daniel Arroyo; el titular de la cartera de Desarrollo Productivo, Mat\u00edas Kulfas; y la vicejefa de Gabinete, Cec\u00edlia Todesca; entre otros funcionarios.<\/p>\n<p>Durante su estad\u00eda en el pa\u00eds, los enviados del FMI analizaron las cuentas p\u00fablicas, las demandas del sector privado y el da\u00f1ado entramado social tras varios a\u00f1os de ca\u00edda de la actividad econ\u00f3mica y el efecto de la actual pandemia; y escucharon a dirigentes la oposici\u00f3n, a representantes del sector privado, de los sindicatos y a economistas, entre otros actores de la sociedad civil.<\/p>\n<p>\u201cArgentina enfrenta complejas dificultades econ\u00f3micas y sociales, en el contexto de una crisis de salud sin precedentes. La profunda recesi\u00f3n ha provocado un aumento de los ya elevados niveles de pobreza y desempleo, cuyos efectos se ven agravados por importantes presiones en el mercado cambiario\u00bb, concluyeron los delegados en la visita al pa\u00eds.<\/p>\n<p>\u00abEstos son desaf\u00edos excepcionalmente dif\u00edciles sin soluciones f\u00e1ciles. Un conjunto completo de pol\u00edticas podr\u00eda respaldar el restablecimiento de la confianza, pero deber\u00e1 calibrarse con mucho cuidado para promover la recuperaci\u00f3n y asegurar la estabilidad macroecon\u00f3mica\u201d, se explayaron Kozack y Cubbedu en su reporte p\u00fablico, una vez concluida la misi\u00f3n.<\/p>\n","protected":false},"excerpt":{"rendered":"<p>Estar\u00e1 encabezada por los funcionarios Julie Kozack y Luis Cubeddu. En esta oportunidad la misi\u00f3n se centrar\u00e1 en la agenda fiscal, monetaria y estructural de las autoridades para el mediano plazo con el objetivo de anclar la estabilidad macroecon\u00f3mica y sentar las bases para un crecimiento inclusivo y sostenible.<\/p>\n","protected":false},"author":4,"featured_media":0,"comment_status":"open","ping_status":"open","sticky":false,"template":"","format":"standard","meta":{"_jetpack_newsletter_access":"","_jetpack_dont_email_post_to_subs":false,"_jetpack_newsletter_tier_id":0,"_jetpack_memberships_contains_paywalled_content":false,"_jetpack_memberships_contains_paid_content":false,"footnotes":""},"categories":[45],"tags":[],"class_list":["post-116635","post","type-post","status-publish","format-standard","hentry","category-economia"],"jetpack_featured_media_url":"","jetpack_shortlink":"https:\/\/wp.me\/p2JWE0-uld","jetpack-related-posts":[{"id":106958,"url":"https:\/\/www.24baires.com\/?p=106958","url_meta":{"origin":116635,"position":0},"title":"Finaliz\u00f3 la misi\u00f3n del FMI que vino a supervisar las pol\u00edticas de austeridad","author":"AF","date":"22\/02\/2019","format":false,"excerpt":"Roberto Cardarelli, el enviado del organismo, puso fin a su tarea en el pa\u00eds tras una reuni\u00f3n con el ministro de Hacienda, Nicol\u00e1s Dujovne. Los t\u00e9cnicos del Fondo Monetario Internacional usar\u00e1n los datos recopilados en la Argentina para efectuar una nueva revisi\u00f3n del acuerdo. La misi\u00f3n del Fondo Monetario Internacional\u2026","rel":"","context":"En \u00abPol\u00edtica\u00bb","block_context":{"text":"Pol\u00edtica","link":"https:\/\/www.24baires.com\/?cat=51"},"img":{"alt_text":"","src":"https:\/\/i0.wp.com\/www.24baires.com\/wp-content\/uploads\/2018\/10\/lagarde-macri.jpg?resize=350%2C200","width":350,"height":200,"srcset":"https:\/\/i0.wp.com\/www.24baires.com\/wp-content\/uploads\/2018\/10\/lagarde-macri.jpg?resize=350%2C200 1x, https:\/\/i0.wp.com\/www.24baires.com\/wp-content\/uploads\/2018\/10\/lagarde-macri.jpg?resize=525%2C300 1.5x"},"classes":[]},{"id":95121,"url":"https:\/\/www.24baires.com\/?p=95121","url_meta":{"origin":116635,"position":1},"title":"El FMI prepara la revisi\u00f3n anual de las cuentas p\u00fablicas","author":"AF","date":"11\/06\/2017","format":false,"excerpt":"Una misi\u00f3n del Fondo Monetario Internacional (FMI) encabezada por su economista jefe para la Argentina, Roberto Cardarelli, se reunir\u00e1 este lunes con el ministro de Energ\u00eda, Juan Jos\u00e9 Aranguren, y el martes con Nicol\u00e1s Dujovne y Luis Caputo, ministros de Hacienda y de Finanzas, respectivamente. \u201cSe trata de una visita\u2026","rel":"","context":"En \u00abEconom\u00eda\u00bb","block_context":{"text":"Econom\u00eda","link":"https:\/\/www.24baires.com\/?cat=45"},"img":{"alt_text":"","src":"https:\/\/i0.wp.com\/www.24baires.com\/wp-content\/uploads\/2015\/04\/fmi.jpg?resize=350%2C200","width":350,"height":200,"srcset":"https:\/\/i0.wp.com\/www.24baires.com\/wp-content\/uploads\/2015\/04\/fmi.jpg?resize=350%2C200 1x, https:\/\/i0.wp.com\/www.24baires.com\/wp-content\/uploads\/2015\/04\/fmi.jpg?resize=525%2C300 1.5x"},"classes":[]},{"id":112003,"url":"https:\/\/www.24baires.com\/?p=112003","url_meta":{"origin":116635,"position":2},"title":"Lacunza viaja a Washington a rescatar el acuerdo con el FMI","author":"AF","date":"09\/09\/2019","format":false,"excerpt":"Pese a que el gobierno afirma que cumpli\u00f3 con las metas fiscales y monetarias para recibir el giro, en el FMI existen resistencias para concretarlo. El funcionario se reunir\u00e1 con miembros del Fondo para convencerlos. Ser\u00e1 clave la posici\u00f3n de Estados Unidos. El ministro de Hacienda, Hern\u00e1n Lacunza, viajar\u00e1 al\u2026","rel":"","context":"En \u00abEconom\u00eda\u00bb","block_context":{"text":"Econom\u00eda","link":"https:\/\/www.24baires.com\/?cat=45"},"img":{"alt_text":"","src":"https:\/\/i0.wp.com\/www.24baires.com\/wp-content\/uploads\/2019\/08\/Lacunza.jpg?resize=350%2C200","width":350,"height":200,"srcset":"https:\/\/i0.wp.com\/www.24baires.com\/wp-content\/uploads\/2019\/08\/Lacunza.jpg?resize=350%2C200 1x, https:\/\/i0.wp.com\/www.24baires.com\/wp-content\/uploads\/2019\/08\/Lacunza.jpg?resize=525%2C300 1.5x"},"classes":[]},{"id":108024,"url":"https:\/\/www.24baires.com\/?p=108024","url_meta":{"origin":116635,"position":3},"title":"Macri y Vidal visitan talleres ferroviarios en Tolosa","author":"GB","date":"08\/05\/2019","format":false,"excerpt":"El presidente junto a la gobernadora de la provincia de Buenos Aires nuevamente comparten una actividad oficial. Este mi\u00e9rcoles el presidente, Mauricio Macri, junto a la gobernadora bonaerense, Mar\u00eda Eugenia Vidal, compartir\u00e1n otra vez una actividad oficial. En esta ocasi\u00f3n, ambos recorrer\u00e1n el nuevo taller de mantenimiento de la l\u00ednea\u2026","rel":"","context":"En \u00abPol\u00edtica\u00bb","block_context":{"text":"Pol\u00edtica","link":"https:\/\/www.24baires.com\/?cat=51"},"img":{"alt_text":"","src":"https:\/\/i0.wp.com\/www.24baires.com\/wp-content\/uploads\/2018\/09\/vidal-y-macri.jpg?resize=350%2C200","width":350,"height":200,"srcset":"https:\/\/i0.wp.com\/www.24baires.com\/wp-content\/uploads\/2018\/09\/vidal-y-macri.jpg?resize=350%2C200 1x, https:\/\/i0.wp.com\/www.24baires.com\/wp-content\/uploads\/2018\/09\/vidal-y-macri.jpg?resize=525%2C300 1.5x"},"classes":[]},{"id":87622,"url":"https:\/\/www.24baires.com\/?p=87622","url_meta":{"origin":116635,"position":4},"title":"Despu\u00e9s de 10 a\u00f1os vuelven los controles del FMI","author":"AF","date":"16\/09\/2016","format":false,"excerpt":"Una misi\u00f3n del Fondo Monetario Internacional (FMI) arribar\u00e1 al pa\u00eds el lunes pr\u00f3ximo para auditar las cuentas nacionales y las proyecciones del Producto Bruto Interno y dialogar tambi\u00e9n con economistas del sector privado, tal cual lo establece el reglamento del organismo al cual adhiere Argentina, luego de diez a\u00f1os. Seg\u00fan\u2026","rel":"","context":"En \u00abEconom\u00eda\u00bb","block_context":{"text":"Econom\u00eda","link":"https:\/\/www.24baires.com\/?cat=45"},"img":{"alt_text":"fmi","src":"https:\/\/i0.wp.com\/www.24baires.com\/wp-content\/uploads\/2016\/04\/fmi.jpg?resize=350%2C200","width":350,"height":200,"srcset":"https:\/\/i0.wp.com\/www.24baires.com\/wp-content\/uploads\/2016\/04\/fmi.jpg?resize=350%2C200 1x, https:\/\/i0.wp.com\/www.24baires.com\/wp-content\/uploads\/2016\/04\/fmi.jpg?resize=525%2C300 1.5x"},"classes":[]},{"id":119137,"url":"https:\/\/www.24baires.com\/?p=119137","url_meta":{"origin":116635,"position":5},"title":"Georgieva calific\u00f3 como \u00abproductiva\u00bb la reuni\u00f3n que tuvo con Batakis","author":"AF","date":"25\/07\/2022","format":false,"excerpt":"As\u00ed lo defini\u00f3 la directora Gerente del Fondo Monetario Internacional (FMI) a trav\u00e9s de su cuenta de Twitter, donde adem\u00e1s destac\u00f3 que coincidieron \"en la importancia de la implementaci\u00f3n decisiva del programa para abordar los desaf\u00edos econ\u00f3micos y sociales de Argentina\". La directora Gerente del Fondo Monetario Internacional (FMI), Kristalina\u2026","rel":"","context":"En \u00abEconom\u00eda\u00bb","block_context":{"text":"Econom\u00eda","link":"https:\/\/www.24baires.com\/?cat=45"},"img":{"alt_text":"","src":"https:\/\/i0.wp.com\/www.24baires.com\/wp-content\/uploads\/2022\/07\/batakis-georgieva.jpg?resize=350%2C200","width":350,"height":200,"srcset":"https:\/\/i0.wp.com\/www.24baires.com\/wp-content\/uploads\/2022\/07\/batakis-georgieva.jpg?resize=350%2C200 1x, https:\/\/i0.wp.com\/www.24baires.com\/wp-content\/uploads\/2022\/07\/batakis-georgieva.jpg?resize=525%2C300 1.5x, https:\/\/i0.wp.com\/www.24baires.com\/wp-content\/uploads\/2022\/07\/batakis-georgieva.jpg?resize=700%2C400 2x"},"classes":[]}],"jetpack_sharing_enabled":true,"jetpack_likes_enabled":true,"_links":{"self":[{"href":"https:\/\/www.24baires.com\/index.php?rest_route=\/wp\/v2\/posts\/116635","targetHints":{"allow":["GET"]}}],"collection":[{"href":"https:\/\/www.24baires.com\/index.php?rest_route=\/wp\/v2\/posts"}],"about":[{"href":"https:\/\/www.24baires.com\/index.php?rest_route=\/wp\/v2\/types\/post"}],"author":[{"embeddable":true,"href":"https:\/\/www.24baires.com\/index.php?rest_route=\/wp\/v2\/users\/4"}],"replies":[{"embeddable":true,"href":"https:\/\/www.24baires.com\/index.php?rest_route=%2Fwp%2Fv2%2Fcomments&post=116635"}],"version-history":[{"count":1,"href":"https:\/\/www.24baires.com\/index.php?rest_route=\/wp\/v2\/posts\/116635\/revisions"}],"predecessor-version":[{"id":116636,"href":"https:\/\/www.24baires.com\/index.php?rest_route=\/wp\/v2\/posts\/116635\/revisions\/116636"}],"wp:attachment":[{"href":"https:\/\/www.24baires.com\/index.php?rest_route=%2Fwp%2Fv2%2Fmedia&parent=116635"}],"wp:term":[{"taxonomy":"category","embeddable":true,"href":"https:\/\/www.24baires.com\/index.php?rest_route=%2Fwp%2Fv2%2Fcategories&post=116635"},{"taxonomy":"post_tag","embeddable":true,"href":"https:\/\/www.24baires.com\/index.php?rest_route=%2Fwp%2Fv2%2Ftags&post=116635"}],"curies":[{"name":"wp","href":"https:\/\/api.w.org\/{rel}","templated":true}]}}