{"id":116627,"date":"2020-11-05T19:33:11","date_gmt":"2020-11-05T22:33:11","guid":{"rendered":"http:\/\/www.24baires.com\/?p=116627"},"modified":"2020-11-05T19:33:11","modified_gmt":"2020-11-05T22:33:11","slug":"la-actividad-industrial-subio-34-en-septiembre-despues-de-ocho-meses-de-caida","status":"publish","type":"post","link":"https:\/\/www.24baires.com\/?p=116627","title":{"rendered":"La actividad industrial subi\u00f3 3,4% en septiembre despu\u00e9s de ocho meses de ca\u00edda"},"content":{"rendered":"<p><img data-recalc-dims=\"1\" loading=\"lazy\" decoding=\"async\" src=\"https:\/\/i0.wp.com\/www.24baires.com\/wp-content\/uploads\/2018\/05\/industriales.jpg?resize=560%2C373\" alt=\"\" width=\"560\" height=\"373\" class=\"aligncenter size-full wp-image-102252\" srcset=\"https:\/\/i0.wp.com\/www.24baires.com\/wp-content\/uploads\/2018\/05\/industriales.jpg?w=560&amp;ssl=1 560w, https:\/\/i0.wp.com\/www.24baires.com\/wp-content\/uploads\/2018\/05\/industriales.jpg?resize=300%2C200&amp;ssl=1 300w\" sizes=\"auto, (max-width: 560px) 100vw, 560px\" \/>El incremento se verific\u00f3 en relaci\u00f3n con el mismo per\u00edodo del a\u00f1o pasado, seg\u00fan inform\u00f3 el Instituto Nacional de Estad\u00edstica y Censo (Indec).<!--more--><\/p>\n<p>La actividad industrial subi\u00f3 durante septiembre 3,4% en relaci\u00f3n a igual lapso del a\u00f1o pasado y quebr\u00f3 as\u00ed una racha de ocho meses consecutivos en baja en el cotejo interanual, inform\u00f3 hoy el Instituto Nacional de Estad\u00edstica y Censos (Indec).<\/p>\n<p>Adem\u00e1s, la actividad industrial de septiembre se ubic\u00f3 4,3% por encima de la de agosto. De esta manera, el indicador recort\u00f3 la ca\u00edda anual a 10,8%, inform\u00f3 el organismo.<\/p>\n<p>El Indec tambi\u00e9n dio cuenta de que la actividad de la construcci\u00f3n baj\u00f3 en septiembre 3,9% en relaci\u00f3n al mismo mes del a\u00f1o pasado.<\/p>\n<p>Sin embargo, la actividad de la construcci\u00f3n aument\u00f3 3,9% en relaci\u00f3n a agosto y recort\u00f3 la p\u00e9rdida acumulada en el a\u00f1o al 28,6%.<\/p>\n<p>\u201cEn septiembre, diez de las diecis\u00e9is divisiones de la industria manufacturera presentaron subas interanuales\u201d, destac\u00f3 el Indec en su informe.<\/p>\n<p>Sector por sector<\/p>\n<p>En orden a su incidencia en el nivel general, la actividad fabril registr\u00f3 incrementos en los sectores \u201cSustancias y productos qu\u00edmicos\u201d, 15,2%; \u201cAlimentos y bebidas\u201d, 6,1%; \u201cMaquinaria y equipo\u201d, 21,2%; y \u201cMuebles y colchones, y otras industrias manufactureras\u201d, 18%.<\/p>\n<p>Tambi\u00e9n cerraron en alza septiembre los rubros dedicados a las producci\u00f3n de \u201cMadera, papel, edici\u00f3n e impresi\u00f3n\u201d, 6,8%; \u201cVeh\u00edculos automotores, carrocer\u00edas, remolques y autopartes\u201d, 9,6%; \u201cOtros equipos, aparatos e instrumentos\u201d, 9,8%; \u201cProductos minerales no met\u00e1licos\u201d, 5,2%; \u201cCaucho y pl\u00e1stico\u201d, 6,1% y \u201cTabaco\u201d, 7,8%.<\/p>\n<p>Por el contrario, mostraron ca\u00eddas los rubros \u201cIndustrias met\u00e1licas b\u00e1sicas\u201d, 15,8%; \u201cPrendas de vestir, cuero y calzado\u201d, 21,3%; \u201cRefinaci\u00f3n del petr\u00f3leo, coque y combustible nuclear\u201d, 19,6%; \u201cTextiles\u201d, 19,2%; %; \u201cProductos de metal\u201d, 5,4% y \u201cOtro equipo de transporte\u201d, 31,7%.<\/p>\n<p>A tono con los n\u00fameros informados por el Indec, ayer el secretario de la Peque\u00f1a y Mediana Empresa y los Emprendedores, Guillermo Merediz, afirm\u00f3 que el sector industrial ya super\u00f3 los niveles de producci\u00f3n de la prepandemia, al tiempo que rechaz\u00f3 que se registre un \u00e9xodo masivo de empresas.<\/p>\n<p>En el plano cualitativo, la encuesta del Indec \u00ab\u00cdndice de producci\u00f3n industrial manufacturero reflej\u00f3 que la percepci\u00f3n de los empresarios sobre el sector sigue siendo negativa al menos hasta diciembre pr\u00f3ximo.<\/p>\n<p>El 35,4% de los empresarios entrevistados dijo que la demanda interna continuar\u00e1 en baja hasta fin de a\u00f1o, contra un 26,4% que proyect\u00f3 una suba.<\/p>\n<p>En lo que respecta a las exportaciones, el 34,1% de los entrevistados consider\u00f3 que seguir\u00e1n en baja, frente a un 20,5% que prev\u00e9 una mejora en los env\u00edos al exterior.<\/p>\n<p>En cuanto al sector de la construcci\u00f3n la demanda de insumos durante septiembre, con relaci\u00f3n a igual mes del a\u00f1o anterior, mostr\u00f3 bajas en los insumos vinculados a las grandes obras o a los comienzos de la actividad, como los descensos del 48,9% en hormig\u00f3n elaborado; 32,1% en el resto de los insumos (incluye grifer\u00eda, tubos de acero sin costura y vidrio para construcci\u00f3n); 31,1% en yeso; 25,0% en mosaicos gran\u00edticos y calc\u00e1reos; 22,7% en asfalto; 7,1% en hierro redondo y aceros para la construcci\u00f3n y 0,8% en art\u00edculos sanitarios de cer\u00e1mica.<\/p>\n<p>Mientras tanto, se observaron subas de 24,3% en ladrillos huecos; 17,2% en placas de yeso; 14,8% en pinturas para construcci\u00f3n; 14,6% en cales; 10,5% en cemento portland y 7,1% en pisos y revestimientos cer\u00e1micos, m\u00e1s vinculados a la terminaci\u00f3n de obras o las refacciones.<\/p>\n","protected":false},"excerpt":{"rendered":"<p>El incremento se verific\u00f3 en relaci\u00f3n con el mismo per\u00edodo del a\u00f1o pasado, seg\u00fan inform\u00f3 el Instituto Nacional de Estad\u00edstica y Censo (Indec).<\/p>\n","protected":false},"author":4,"featured_media":0,"comment_status":"open","ping_status":"open","sticky":false,"template":"","format":"standard","meta":{"_jetpack_newsletter_access":"","_jetpack_dont_email_post_to_subs":false,"_jetpack_newsletter_tier_id":0,"_jetpack_memberships_contains_paywalled_content":false,"_jetpack_memberships_contains_paid_content":false,"footnotes":""},"categories":[45],"tags":[],"class_list":["post-116627","post","type-post","status-publish","format-standard","hentry","category-economia"],"jetpack_featured_media_url":"","jetpack_shortlink":"https:\/\/wp.me\/p2JWE0-ul5","jetpack-related-posts":[{"id":90209,"url":"https:\/\/www.24baires.com\/?p=90209","url_meta":{"origin":116627,"position":0},"title":"Seg\u00fan el Indec, la actividad econ\u00f3mica de septiembre cay\u00f3 3.7%","author":"GB","date":"24\/11\/2016","format":false,"excerpt":"Seg\u00fan inform\u00f3 el Instituto Nacional de Estad\u00edsticas y Censos, el nuevo desplome se debi\u00f3 a la ca\u00edda de la producci\u00f3n industrial y el menor consumo. La actividad econ\u00f3mica en su conjunto retrocedi\u00f3 durante septiembre el 3,7% en relaci\u00f3n a igual mes del a\u00f1o pasado, por la ca\u00edda de la producci\u00f3n\u2026","rel":"","context":"En \u00abEconom\u00eda\u00bb","block_context":{"text":"Econom\u00eda","link":"https:\/\/www.24baires.com\/?cat=45"},"img":{"alt_text":"indec","src":"https:\/\/i0.wp.com\/www.24baires.com\/wp-content\/uploads\/2013\/02\/indec-300x225.jpg?resize=350%2C200","width":350,"height":200},"classes":[]},{"id":117537,"url":"https:\/\/www.24baires.com\/?p=117537","url_meta":{"origin":116627,"position":1},"title":"La actividad industrial subi\u00f3 32,8% en marzo y la construcci\u00f3n 97,6%","author":"AF","date":"06\/05\/2021","format":false,"excerpt":"As\u00ed, la actividad fabril cerr\u00f3 el primer trimestre del a\u00f1o con un aumento del 12,4% y la construcci\u00f3n del 42,4%, inform\u00f3 el organismo. La actividad industrial creci\u00f3 durante marzo 32,8% en relaci\u00f3n a igual mes del a\u00f1o pasado, y la construcci\u00f3n registr\u00f3 un avance del 97,6% en similar per\u00edodo, inform\u00f3\u2026","rel":"","context":"En \u00abEconom\u00eda\u00bb","block_context":{"text":"Econom\u00eda","link":"https:\/\/www.24baires.com\/?cat=45"},"img":{"alt_text":"","src":"https:\/\/i0.wp.com\/www.24baires.com\/wp-content\/uploads\/2015\/09\/industria.jpg?resize=350%2C200","width":350,"height":200,"srcset":"https:\/\/i0.wp.com\/www.24baires.com\/wp-content\/uploads\/2015\/09\/industria.jpg?resize=350%2C200 1x, https:\/\/i0.wp.com\/www.24baires.com\/wp-content\/uploads\/2015\/09\/industria.jpg?resize=525%2C300 1.5x"},"classes":[]},{"id":105300,"url":"https:\/\/www.24baires.com\/?p=105300","url_meta":{"origin":116627,"position":2},"title":"Durante septiembre, la actividad industrial cay\u00f3 un 11,5%","author":"AF","date":"06\/11\/2018","format":false,"excerpt":"La actividad industrial se desplom\u00f3 en septiembre con una baja del 11,5% respecto a igual mes del a\u00f1o 2017, seg\u00fan detall\u00f3 hoy el Instituto Nacional de Estad\u00edstica y Censos (Indec) a trav\u00e9s de un informe t\u00e9cnico. Por la crisis econ\u00f3mica y una menor demanda interna en la mayor\u00eda de los\u2026","rel":"","context":"En \u00abEconom\u00eda\u00bb","block_context":{"text":"Econom\u00eda","link":"https:\/\/www.24baires.com\/?cat=45"},"img":{"alt_text":"","src":"https:\/\/i0.wp.com\/www.24baires.com\/wp-content\/uploads\/2018\/05\/industriales.jpg?resize=350%2C200","width":350,"height":200,"srcset":"https:\/\/i0.wp.com\/www.24baires.com\/wp-content\/uploads\/2018\/05\/industriales.jpg?resize=350%2C200 1x, https:\/\/i0.wp.com\/www.24baires.com\/wp-content\/uploads\/2018\/05\/industriales.jpg?resize=525%2C300 1.5x"},"classes":[]},{"id":119422,"url":"https:\/\/www.24baires.com\/?p=119422","url_meta":{"origin":116627,"position":3},"title":"La actividad industrial creci\u00f3 7,6% durante agosto y la construcci\u00f3n, 7,3%","author":"AF","date":"06\/10\/2022","format":false,"excerpt":"El dato del Instituto Nacional de Estad\u00edstica y Censos corresponde a la comparaci\u00f3n de los indicadores en relaci\u00f3n a igual mes de 2021. La actividad industrial creci\u00f3 7,6% durante agosto en relaci\u00f3n a igual mes de 2021, y registr\u00f3 un alza de 0,4% en comparaci\u00f3n con julio pasado, inform\u00f3 el\u2026","rel":"","context":"En \u00abEconom\u00eda\u00bb","block_context":{"text":"Econom\u00eda","link":"https:\/\/www.24baires.com\/?cat=45"},"img":{"alt_text":"","src":"https:\/\/i0.wp.com\/www.24baires.com\/wp-content\/uploads\/2013\/02\/indec.jpg?resize=350%2C200","width":350,"height":200,"srcset":"https:\/\/i0.wp.com\/www.24baires.com\/wp-content\/uploads\/2013\/02\/indec.jpg?resize=350%2C200 1x, https:\/\/i0.wp.com\/www.24baires.com\/wp-content\/uploads\/2013\/02\/indec.jpg?resize=525%2C300 1.5x, https:\/\/i0.wp.com\/www.24baires.com\/wp-content\/uploads\/2013\/02\/indec.jpg?resize=700%2C400 2x"},"classes":[]},{"id":22227,"url":"https:\/\/www.24baires.com\/?p=22227","url_meta":{"origin":116627,"position":4},"title":"La construcci\u00f3n creci\u00f3 un 3,4 por ciento","author":"Grupo Sierra","date":"29\/04\/2013","format":false,"excerpt":"Seg\u00fan inform\u00f3 hoy el INDEC, el nivel de actividad de la construcci\u00f3n registr\u00f3 en marzo una mejora de 3,4 por ciento en relaci\u00f3n al mismo per\u00edodo de 2012. Para marzo, la construcci\u00f3n reun\u00eda 411.125 puestos de trabajo, un 6,3 por ciento menos que en enero-marzo del 2012, y 0,5 por\u2026","rel":"","context":"En \u00abEconom\u00eda\u00bb","block_context":{"text":"Econom\u00eda","link":"https:\/\/www.24baires.com\/?cat=45"},"img":{"alt_text":"","src":"","width":0,"height":0},"classes":[]},{"id":90999,"url":"https:\/\/www.24baires.com\/?p=90999","url_meta":{"origin":116627,"position":5},"title":"El PBI volvi\u00f3 a caer en el tercer trimestre seg\u00fan inform\u00f3 el INDEC","author":"GB","date":"22\/12\/2016","format":false,"excerpt":"En la comparaci\u00f3n interanual con el mismo periodo del a\u00f1o anterior, el producto bruto interno presenta una ca\u00edda del 3,8%. La industria y la construcci\u00f3n son las actividades m\u00e1s perjudicadas. Lejos de los augurios del Gobierno nacional, el segundo semestre sigue mostrando un fuerte declive de la econom\u00eda y el\u2026","rel":"","context":"En \u00abEconom\u00eda\u00bb","block_context":{"text":"Econom\u00eda","link":"https:\/\/www.24baires.com\/?cat=45"},"img":{"alt_text":"","src":"https:\/\/i0.wp.com\/www.24baires.com\/wp-content\/uploads\/2016\/07\/industria.jpg?resize=350%2C200","width":350,"height":200},"classes":[]}],"jetpack_sharing_enabled":true,"jetpack_likes_enabled":true,"_links":{"self":[{"href":"https:\/\/www.24baires.com\/index.php?rest_route=\/wp\/v2\/posts\/116627","targetHints":{"allow":["GET"]}}],"collection":[{"href":"https:\/\/www.24baires.com\/index.php?rest_route=\/wp\/v2\/posts"}],"about":[{"href":"https:\/\/www.24baires.com\/index.php?rest_route=\/wp\/v2\/types\/post"}],"author":[{"embeddable":true,"href":"https:\/\/www.24baires.com\/index.php?rest_route=\/wp\/v2\/users\/4"}],"replies":[{"embeddable":true,"href":"https:\/\/www.24baires.com\/index.php?rest_route=%2Fwp%2Fv2%2Fcomments&post=116627"}],"version-history":[{"count":1,"href":"https:\/\/www.24baires.com\/index.php?rest_route=\/wp\/v2\/posts\/116627\/revisions"}],"predecessor-version":[{"id":116628,"href":"https:\/\/www.24baires.com\/index.php?rest_route=\/wp\/v2\/posts\/116627\/revisions\/116628"}],"wp:attachment":[{"href":"https:\/\/www.24baires.com\/index.php?rest_route=%2Fwp%2Fv2%2Fmedia&parent=116627"}],"wp:term":[{"taxonomy":"category","embeddable":true,"href":"https:\/\/www.24baires.com\/index.php?rest_route=%2Fwp%2Fv2%2Fcategories&post=116627"},{"taxonomy":"post_tag","embeddable":true,"href":"https:\/\/www.24baires.com\/index.php?rest_route=%2Fwp%2Fv2%2Ftags&post=116627"}],"curies":[{"name":"wp","href":"https:\/\/api.w.org\/{rel}","templated":true}]}}