{"id":116503,"date":"2020-10-20T12:16:43","date_gmt":"2020-10-20T15:16:43","guid":{"rendered":"http:\/\/www.24baires.com\/?p=116503"},"modified":"2020-10-20T12:16:43","modified_gmt":"2020-10-20T15:16:43","slug":"el-gobierno-oficializo-el-aumento-del-salario-minimo-vital-y-movil","status":"publish","type":"post","link":"https:\/\/www.24baires.com\/?p=116503","title":{"rendered":"El Gobierno oficializ\u00f3 el aumento del salario m\u00ednimo vital y m\u00f3vil"},"content":{"rendered":"<p><img data-recalc-dims=\"1\" loading=\"lazy\" decoding=\"async\" src=\"https:\/\/i0.wp.com\/www.24baires.com\/wp-content\/uploads\/2020\/10\/0037498969.jpg?resize=300%2C225\" alt=\"\" width=\"300\" height=\"225\" class=\"alignleft size-medium wp-image-116466\" srcset=\"https:\/\/i0.wp.com\/www.24baires.com\/wp-content\/uploads\/2020\/10\/0037498969.jpg?resize=300%2C225&amp;ssl=1 300w, https:\/\/i0.wp.com\/www.24baires.com\/wp-content\/uploads\/2020\/10\/0037498969.jpg?w=540&amp;ssl=1 540w\" sizes=\"auto, (max-width: 300px) 100vw, 300px\" \/>La \u00f3rbita nacional oficializ\u00f3 el incremento en tres tramos del salario m\u00ednimo, vital y m\u00f3vil, que en marzo del a\u00f1o que viene quedar\u00e1 fijado en 21.600 pesos.<!--more--><\/p>\n<p>El Gobierno nacional oficializ\u00f3 este martes el aumento en tres tramos del salario m\u00ednimo, vital y m\u00f3vil, que en marzo del a\u00f1o que viene quedar\u00e1 fijado en 21.600 pesos.<\/p>\n<p>Mediante la Resoluci\u00f3n 4-2020 del Ministerio de Trabajo, Empleo y Seguridad Social, firmada por su titular, Claudio Moroni, y publicada en el Bolet\u00edn Oficial, se estableci\u00f3 as\u00ed el incremento que alcanza a todos los empleados que se encuentren bajo el r\u00e9gimen de la ley de Contrato de Trabajo.<\/p>\n<p>Seg\u00fan el cronograma oficializado, a partir del primero de este mes, el sueldo m\u00ednimo, vital y m\u00f3vil ser\u00e1 de $18.900 para aquellos que cumplan una jornada laboral completa, y de $94,50 para los jornaleros; y desde el 1 de diciembre, esas sumas pasar\u00e1n a ser de 20.587,50 y 102,94 pesos, respectivamente.<\/p>\n<p>Finalmente, la suba se completar\u00e1 a partir del primero de marzo del 2021, cuando el salario m\u00ednimo por mes para los trabajadores de tiempo completo se fijar\u00e1 en $21.600, y el de los jornalizados, en 108 pesos por hora.<\/p>\n<p>Adem\u00e1s, el Ejecutivo confirm\u00f3 una actualizaci\u00f3n de los montos m\u00ednimo y m\u00e1ximo de las prestaciones por desempleo, los cuales desde este lunes son de 6.000 y 10.000 pesos, respectivamente.<\/p>\n<p>La propuesta de estos aumentos fue analizada la semana pasada por el sector empresarial, dos de las centrales obreras y el Ministerio de Trabajo durante la reuni\u00f3n del Consejo Nacional del Empleo, la Productividad y el Salario M\u00ednimo, Vital y M\u00f3vil, presidido por Moroni, que deliber\u00f3 de manera virtual ante la pandemia del coronavirus en el pa\u00eds.<\/p>\n<p>En los considerandos de la resoluci\u00f3n publicada hoy en el Bolet\u00edn Oficial, el Gobierno hizo referencia a esa reuni\u00f3n, realizada el mi\u00e9rcoles pasado, y de la que participaron representantes \u201ctanto del sector empleador como del sector trabajador\u201d.<\/p>\n","protected":false},"excerpt":{"rendered":"<p>La \u00f3rbita nacional oficializ\u00f3 el incremento en tres tramos del salario m\u00ednimo, vital y m\u00f3vil, que en marzo del a\u00f1o que viene quedar\u00e1 fijado en 21.600 pesos.<\/p>\n","protected":false},"author":8,"featured_media":0,"comment_status":"open","ping_status":"open","sticky":false,"template":"","format":"standard","meta":{"_jetpack_newsletter_access":"","_jetpack_dont_email_post_to_subs":false,"_jetpack_newsletter_tier_id":0,"_jetpack_memberships_contains_paywalled_content":false,"_jetpack_memberships_contains_paid_content":false,"footnotes":""},"categories":[45],"tags":[],"class_list":["post-116503","post","type-post","status-publish","format-standard","hentry","category-economia"],"jetpack_featured_media_url":"","jetpack_shortlink":"https:\/\/wp.me\/p2JWE0-uj5","jetpack-related-posts":[{"id":52909,"url":"https:\/\/www.24baires.com\/?p=52909","url_meta":{"origin":116503,"position":0},"title":"Oficializaron el nuevo salario m\u00ednimo y el Observatorio del Empleo","author":"AF","date":"02\/09\/2014","format":false,"excerpt":"El nuevo salario m\u00ednimo fue fijado en 4.400 pesos desde el 1\u00b0 de setiembre y en 4.716 pesos a partir de enero de 2015. El Observatorio del Empleo tendr\u00e1 por objetivo analizar la evoluci\u00f3n del empleo en todo el territorio nacional. La suba del piso de las remuneraciones que deber\u00e1n\u2026","rel":"","context":"En \u00abEconom\u00eda\u00bb","block_context":{"text":"Econom\u00eda","link":"https:\/\/www.24baires.com\/?cat=45"},"img":{"alt_text":"cristina salario","src":"https:\/\/i0.wp.com\/www.24baires.com\/wp-content\/uploads\/2014\/09\/cristina-salario.jpg?resize=350%2C200","width":350,"height":200,"srcset":"https:\/\/i0.wp.com\/www.24baires.com\/wp-content\/uploads\/2014\/09\/cristina-salario.jpg?resize=350%2C200 1x, https:\/\/i0.wp.com\/www.24baires.com\/wp-content\/uploads\/2014\/09\/cristina-salario.jpg?resize=525%2C300 1.5x"},"classes":[]},{"id":121921,"url":"https:\/\/www.24baires.com\/?p=121921","url_meta":{"origin":116503,"position":1},"title":"Las dos CTA rechazaron el salario m\u00ednimo y denunciaron un \u00abcomplot\u00bb empresarial","author":"GB","date":"27\/12\/2024","format":false,"excerpt":"La CTA de los Trabajadores y la CTA Aut\u00f3noma repudiaron en conjunto el Salario M\u00ednimo, Vital y M\u00f3vil anunciado por el gobierno de Javier Milei, sin el acuerdo de las centrales obreras. Luego que el Gobierno nacional fijara este jueves el Salario M\u00ednimo, Vital y M\u00f3vil en menos de $280.000,\u2026","rel":"","context":"En \u00abPol\u00edtica\u00bb","block_context":{"text":"Pol\u00edtica","link":"https:\/\/www.24baires.com\/?cat=51"},"img":{"alt_text":"","src":"https:\/\/i0.wp.com\/www.24baires.com\/wp-content\/uploads\/2024\/12\/salario-minimo.webp?resize=350%2C200","width":350,"height":200,"srcset":"https:\/\/i0.wp.com\/www.24baires.com\/wp-content\/uploads\/2024\/12\/salario-minimo.webp?resize=350%2C200 1x, https:\/\/i0.wp.com\/www.24baires.com\/wp-content\/uploads\/2024\/12\/salario-minimo.webp?resize=525%2C300 1.5x, https:\/\/i0.wp.com\/www.24baires.com\/wp-content\/uploads\/2024\/12\/salario-minimo.webp?resize=700%2C400 2x"},"classes":[]},{"id":114500,"url":"https:\/\/www.24baires.com\/?p=114500","url_meta":{"origin":116503,"position":2},"title":"Proh\u00edben el corte de servicios por falta de pago","author":"GB","date":"25\/03\/2020","format":false,"excerpt":"La disposici\u00f3n qued\u00f3 oficializada este mi\u00e9rcoles en el Bolet\u00edn Oficial y abarca a las empresas de electricidad, gas por redes, agua corriente, telefon\u00eda fija y m\u00f3vil, internet y TV por cable. Con su publicaci\u00f3n en el Bolet\u00edn Oficial, qued\u00f3 oficializada este mi\u00e9rcoles la prohibici\u00f3n de cortes de servicios en casos\u2026","rel":"","context":"En \u00abPol\u00edtica\u00bb","block_context":{"text":"Pol\u00edtica","link":"https:\/\/www.24baires.com\/?cat=51"},"img":{"alt_text":"","src":"https:\/\/i0.wp.com\/www.24baires.com\/wp-content\/uploads\/2016\/04\/luz-agua-gas.jpg?resize=350%2C200","width":350,"height":200,"srcset":"https:\/\/i0.wp.com\/www.24baires.com\/wp-content\/uploads\/2016\/04\/luz-agua-gas.jpg?resize=350%2C200 1x, https:\/\/i0.wp.com\/www.24baires.com\/wp-content\/uploads\/2016\/04\/luz-agua-gas.jpg?resize=525%2C300 1.5x"},"classes":[]},{"id":120319,"url":"https:\/\/www.24baires.com\/?p=120319","url_meta":{"origin":116503,"position":3},"title":"Aumentan los montos del programa Potenciar Trabajo","author":"AF","date":"31\/07\/2023","format":false,"excerpt":"El Consejo del Empleo, la Productividad y el Salario M\u00ednimo, Vital y M\u00f3vil hab\u00eda acordado el 13 de julio \u00faltimo un aumento del 34% en tres tramos, que lleg\u00f3 a 105.500 pesos este mes, alcanzar\u00e1 los 112.500 en agosto y los 118.000 en septiembre. De esta manera, para agosto, los\u2026","rel":"","context":"En \u00abSociedad\u00bb","block_context":{"text":"Sociedad","link":"https:\/\/www.24baires.com\/?cat=1"},"img":{"alt_text":"","src":"https:\/\/i0.wp.com\/www.24baires.com\/wp-content\/uploads\/2023\/07\/WhatsApp-Image-2023-07-31-at-19.49.08.jpeg?resize=350%2C200","width":350,"height":200,"srcset":"https:\/\/i0.wp.com\/www.24baires.com\/wp-content\/uploads\/2023\/07\/WhatsApp-Image-2023-07-31-at-19.49.08.jpeg?resize=350%2C200 1x, https:\/\/i0.wp.com\/www.24baires.com\/wp-content\/uploads\/2023\/07\/WhatsApp-Image-2023-07-31-at-19.49.08.jpeg?resize=525%2C300 1.5x, https:\/\/i0.wp.com\/www.24baires.com\/wp-content\/uploads\/2023\/07\/WhatsApp-Image-2023-07-31-at-19.49.08.jpeg?resize=700%2C400 2x"},"classes":[]},{"id":116471,"url":"https:\/\/www.24baires.com\/?p=116471","url_meta":{"origin":116503,"position":4},"title":"Se acord\u00f3 un aumento de 28% para salario m\u00ednimo, vital y m\u00f3vil","author":"AF","date":"14\/10\/2020","format":false,"excerpt":"Los ajustes ser\u00e1n de 12% en octubre, 10% en diciembre y 6% en marzo. La CGT pidi\u00f3 que se vuelva a reunir el plenario en abril 2021, luego del \u00faltimo aumento programado. El Consejo del Empleo, la Productividad y el Salario M\u00ednimo, Vital y M\u00f3vil fij\u00f3 un aumento de 28%\u2026","rel":"","context":"En \u00abSociedad\u00bb","block_context":{"text":"Sociedad","link":"https:\/\/www.24baires.com\/?cat=1"},"img":{"alt_text":"","src":"https:\/\/i0.wp.com\/www.24baires.com\/wp-content\/uploads\/2018\/11\/industria.jpg?resize=350%2C200","width":350,"height":200,"srcset":"https:\/\/i0.wp.com\/www.24baires.com\/wp-content\/uploads\/2018\/11\/industria.jpg?resize=350%2C200 1x, https:\/\/i0.wp.com\/www.24baires.com\/wp-content\/uploads\/2018\/11\/industria.jpg?resize=525%2C300 1.5x"},"classes":[]},{"id":118031,"url":"https:\/\/www.24baires.com\/?p=118031","url_meta":{"origin":116503,"position":5},"title":"Oficializan el salario m\u00ednimo en 33 mil pesos","author":"GB","date":"22\/09\/2021","format":false,"excerpt":"El salario m\u00ednimo, vital y m\u00f3vil aumentar\u00e1 9% en septiembre, 4% en octubre y 3% en febrero. El salario m\u00ednimo, vital y m\u00f3vil pasar\u00e1 de $29.160 a $33 mil tras la reuni\u00f3n del Gobierno con sindicalistas y c\u00e1maras empresarias. Con las subas escalonadas, el salario m\u00ednimo de $31.104 a partir\u2026","rel":"","context":"En \u00abPol\u00edtica\u00bb","block_context":{"text":"Pol\u00edtica","link":"https:\/\/www.24baires.com\/?cat=51"},"img":{"alt_text":"","src":"https:\/\/i0.wp.com\/www.24baires.com\/wp-content\/uploads\/2021\/09\/614a768fcb848_1004x565.jpg?resize=350%2C200","width":350,"height":200,"srcset":"https:\/\/i0.wp.com\/www.24baires.com\/wp-content\/uploads\/2021\/09\/614a768fcb848_1004x565.jpg?resize=350%2C200 1x, https:\/\/i0.wp.com\/www.24baires.com\/wp-content\/uploads\/2021\/09\/614a768fcb848_1004x565.jpg?resize=525%2C300 1.5x"},"classes":[]}],"jetpack_sharing_enabled":true,"jetpack_likes_enabled":true,"_links":{"self":[{"href":"https:\/\/www.24baires.com\/index.php?rest_route=\/wp\/v2\/posts\/116503","targetHints":{"allow":["GET"]}}],"collection":[{"href":"https:\/\/www.24baires.com\/index.php?rest_route=\/wp\/v2\/posts"}],"about":[{"href":"https:\/\/www.24baires.com\/index.php?rest_route=\/wp\/v2\/types\/post"}],"author":[{"embeddable":true,"href":"https:\/\/www.24baires.com\/index.php?rest_route=\/wp\/v2\/users\/8"}],"replies":[{"embeddable":true,"href":"https:\/\/www.24baires.com\/index.php?rest_route=%2Fwp%2Fv2%2Fcomments&post=116503"}],"version-history":[{"count":1,"href":"https:\/\/www.24baires.com\/index.php?rest_route=\/wp\/v2\/posts\/116503\/revisions"}],"predecessor-version":[{"id":116504,"href":"https:\/\/www.24baires.com\/index.php?rest_route=\/wp\/v2\/posts\/116503\/revisions\/116504"}],"wp:attachment":[{"href":"https:\/\/www.24baires.com\/index.php?rest_route=%2Fwp%2Fv2%2Fmedia&parent=116503"}],"wp:term":[{"taxonomy":"category","embeddable":true,"href":"https:\/\/www.24baires.com\/index.php?rest_route=%2Fwp%2Fv2%2Fcategories&post=116503"},{"taxonomy":"post_tag","embeddable":true,"href":"https:\/\/www.24baires.com\/index.php?rest_route=%2Fwp%2Fv2%2Ftags&post=116503"}],"curies":[{"name":"wp","href":"https:\/\/api.w.org\/{rel}","templated":true}]}}