{"id":116484,"date":"2020-10-16T17:22:08","date_gmt":"2020-10-16T20:22:08","guid":{"rendered":"http:\/\/www.24baires.com\/?p=116484"},"modified":"2020-10-16T17:22:08","modified_gmt":"2020-10-16T20:22:08","slug":"guzman-ratifico-que-la-inflacion-cerrara-con-una-sustancial-baja-respecto-a-2019","status":"publish","type":"post","link":"https:\/\/www.24baires.com\/?p=116484","title":{"rendered":"Guzm\u00e1n ratific\u00f3 que la inflaci\u00f3n cerrar\u00e1 con una sustancial baja respecto a 2019"},"content":{"rendered":"<p><img data-recalc-dims=\"1\" loading=\"lazy\" decoding=\"async\" src=\"https:\/\/i0.wp.com\/www.24baires.com\/wp-content\/uploads\/2020\/05\/guzman-1.jpg?resize=560%2C313\" alt=\"\" width=\"560\" height=\"313\" class=\"aligncenter size-full wp-image-115099\" srcset=\"https:\/\/i0.wp.com\/www.24baires.com\/wp-content\/uploads\/2020\/05\/guzman-1.jpg?w=560&amp;ssl=1 560w, https:\/\/i0.wp.com\/www.24baires.com\/wp-content\/uploads\/2020\/05\/guzman-1.jpg?resize=300%2C168&amp;ssl=1 300w\" sizes=\"auto, (max-width: 560px) 100vw, 560px\" \/>El ministro de Econom\u00eda particip\u00f3 del 56\u00b0 coloquio del Instituto para el Desarrollo Empresarial de la Argentina (IDEA), donde afirm\u00f3 que la inflaci\u00f3n anual \u201cser\u00e1 inferior a 40%, en un nivel de 20 puntos menos que la del a\u00f1o anterior\u00bb.<!--more--><\/p>\n<p>El ministro de Econom\u00eda, Mart\u00edn Guzm\u00e1n, ratific\u00f3 que el corriente a\u00f1o cerrar\u00e1 con una sustancial baja de la inflaci\u00f3n respecto a 2019, de alrededor de 20 puntos porcentual respecto al 53,8% del per\u00edodo previo, y adelant\u00f3 que en el cambiario se implementar\u00e1 \u00abun cambio de direcci\u00f3n\u00bb en cuanto a la pol\u00edtica de controles de capital para el d\u00f3lar contado con liquidaci\u00f3n (CCL).<\/p>\n<p>\u00abLa inflaci\u00f3n viene m\u00e1s baja del 40% anual y esperamos una ca\u00edda de 20 puntos respecto al 2019\u00bb, remarc\u00f3 Guzm\u00e1n este mediod\u00eda durante su presentaci\u00f3n en la jornada de cierre del 56to. Congreso de IDEA.<\/p>\n<p>El pron\u00f3stico del ministro conduce a que el \u00edndice de precios de este a\u00f1o rondar\u00e1 el 34%, tras conocerse este mi\u00e9rcoles la inflaci\u00f3n de setiembre (2,8%), que anualizada es del 36,6% y en el acumulado anual marca un registro del 22,3%.<\/p>\n<p>Situaci\u00f3n cambiaria<\/p>\n<p>Guzm\u00e1n aclar\u00f3 que los valores del d\u00f3lar ilegal y del contado con liquidaci\u00f3n \u00abtienen incidencia en las expectativas, pero no representan la realidad argentina\u00bb.<\/p>\n<p>\u00abEste es no es un pa\u00eds de ingresos bajos, sino de ingresos medios. Hoy estamos en el orden de los 4.500 d\u00f3lares por habitantes y es un pa\u00eds de ingresos m\u00e1s altos. Se han generado expectativas que explican la brecha, pero no representan la realidad\u00bb, sostuvo el titular del Palacio de Hacienda.<\/p>\n<p>En este sentido, se\u00f1al\u00f3 que \u00abcon el tipo de cambio oficial estamos comprometidos en hacer que evolucione de la mano de los precios. El d\u00f3lar oficial representa la realidad argentina en el frente comercial\u00bb.<\/p>\n<p>\u00abEn el frente cambiario alternativo habr\u00e1 un cambio de direcci\u00f3n en cuanto a la pol\u00edtica de controles de capital para el contado con liquidaci\u00f3n (CCL)\u00bb, asegur\u00f3 Guzm\u00e1n.<\/p>\n<p>En referencia a la evoluci\u00f3n de este tipo de cambio, a\u00f1adi\u00f3 que le interesa \u00abun mercado de transacciones financieras de pesos contra d\u00f3lares. Por tratarse de un mercado chiquito y muy vol\u00e1til, vamos a facilitar esas operatorias\u00bb.<\/p>\n","protected":false},"excerpt":{"rendered":"<p>El ministro de Econom\u00eda particip\u00f3 del 56\u00b0 coloquio del Instituto para el Desarrollo Empresarial de la Argentina (IDEA), donde afirm\u00f3 que la inflaci\u00f3n anual \u201cser\u00e1 inferior a 40%, en un nivel de 20 puntos menos que la del a\u00f1o anterior\u00bb.<\/p>\n","protected":false},"author":4,"featured_media":0,"comment_status":"open","ping_status":"open","sticky":false,"template":"","format":"standard","meta":{"_jetpack_newsletter_access":"","_jetpack_dont_email_post_to_subs":false,"_jetpack_newsletter_tier_id":0,"_jetpack_memberships_contains_paywalled_content":false,"_jetpack_memberships_contains_paid_content":false,"footnotes":""},"categories":[45],"tags":[],"class_list":["post-116484","post","type-post","status-publish","format-standard","hentry","category-economia"],"jetpack_featured_media_url":"","jetpack_shortlink":"https:\/\/wp.me\/p2JWE0-uiM","jetpack-related-posts":[{"id":117229,"url":"https:\/\/www.24baires.com\/?p=117229","url_meta":{"origin":116484,"position":0},"title":"Guzm\u00e1n: \u00abNo hay que pasarse de largo con la emisi\u00f3n monetaria\u00bb","author":"GB","date":"24\/02\/2021","format":false,"excerpt":"El ministro de Econom\u00eda, Mart\u00edn Guzm\u00e1n, habl\u00f3 sobre la situaci\u00f3n del pa\u00eds en torno a la pol\u00edtica fiscal y emisi\u00f3n monetaria. El ministro de Econom\u00eda, Mart\u00edn Guzm\u00e1n, habl\u00f3 en el marco de la gira que realiza junto con el presidente, Alberto Fern\u00e1ndez, por M\u00e9xico frente a un grupo de empresarios.\u2026","rel":"","context":"En \u00abEconom\u00eda\u00bb","block_context":{"text":"Econom\u00eda","link":"https:\/\/www.24baires.com\/?cat=45"},"img":{"alt_text":"","src":"https:\/\/i0.wp.com\/www.24baires.com\/wp-content\/uploads\/2021\/02\/guzman-hablo-la-emision-monetaria-y-las-tareas-bajar-los-precios-300x200.jpg?resize=350%2C200","width":350,"height":200},"classes":[]},{"id":116244,"url":"https:\/\/www.24baires.com\/?p=116244","url_meta":{"origin":116484,"position":1},"title":"Guzman present\u00f3 el presupuesto 2021","author":"GB","date":"16\/09\/2020","format":false,"excerpt":"El proyecto prev\u00e9 para esta a\u00f1o una ca\u00edda del PBI del 13,6% que se recuperar\u00eda a partir del a\u00f1o que viene con un crecimiento de mas de 5 puntos. Adem\u00e1s incluye por primera vez una perspectiva de g\u00e9nero El ministro de Econom\u00eda, Mart\u00edn Guzmanm present\u00f3 el proyecto de Presupuesto 2021,\u2026","rel":"","context":"En \u00abEconom\u00eda\u00bb","block_context":{"text":"Econom\u00eda","link":"https:\/\/www.24baires.com\/?cat=45"},"img":{"alt_text":"","src":"https:\/\/i0.wp.com\/www.24baires.com\/wp-content\/uploads\/2020\/05\/guzman-1.jpg?resize=350%2C200","width":350,"height":200,"srcset":"https:\/\/i0.wp.com\/www.24baires.com\/wp-content\/uploads\/2020\/05\/guzman-1.jpg?resize=350%2C200 1x, https:\/\/i0.wp.com\/www.24baires.com\/wp-content\/uploads\/2020\/05\/guzman-1.jpg?resize=525%2C300 1.5x"},"classes":[]},{"id":118744,"url":"https:\/\/www.24baires.com\/?p=118744","url_meta":{"origin":116484,"position":2},"title":"Guzm\u00e1n admiti\u00f3 que la inflaci\u00f3n de marzo estar\u00e1 por encima del 6%","author":"GB","date":"13\/04\/2022","format":false,"excerpt":"El ministro alert\u00f3 por fen\u00f3menos internos pero tambi\u00e9n por procesos externos que impulsan la suba de precios. Aseguro que \u201cel mundo\u201d vive una crisis de inflaci\u00f3n in\u00e9dita El ministro de Econom\u00eda Mart\u00edn Guzm\u00e1n reconoci\u00f3 que la inflaci\u00f3n del mes de marzo, que se conocer\u00e1 en las pr\u00f3ximas horas, ser\u00e1 la\u2026","rel":"","context":"En \u00abEconom\u00eda\u00bb","block_context":{"text":"Econom\u00eda","link":"https:\/\/www.24baires.com\/?cat=45"},"img":{"alt_text":"","src":"https:\/\/i0.wp.com\/www.24baires.com\/wp-content\/uploads\/2021\/11\/guzman.jpg?resize=350%2C200","width":350,"height":200,"srcset":"https:\/\/i0.wp.com\/www.24baires.com\/wp-content\/uploads\/2021\/11\/guzman.jpg?resize=350%2C200 1x, https:\/\/i0.wp.com\/www.24baires.com\/wp-content\/uploads\/2021\/11\/guzman.jpg?resize=525%2C300 1.5x, https:\/\/i0.wp.com\/www.24baires.com\/wp-content\/uploads\/2021\/11\/guzman.jpg?resize=700%2C400 2x"},"classes":[]},{"id":119056,"url":"https:\/\/www.24baires.com\/?p=119056","url_meta":{"origin":116484,"position":3},"title":"\u00abSeguramente habr\u00e1 algunas modificaciones\u00bb en las revisiones del acuerdo con el FMI","author":"AF","date":"05\/07\/2022","format":false,"excerpt":"La flamante ministra de Econom\u00eda afirm\u00f3 que se debe \"trabajar de manera conjunta\" para cumplir con el acuerdo. \"Viendo las metas de cada revisi\u00f3n, seguramente habr\u00e1 algunas modificaciones\", remarc\u00f3. La flamante ministra de Econom\u00eda, Silvina Batakis, que \"seguramente habr\u00e1 algunas modificaciones\" en las pr\u00f3ximas revisiones del acuerdo con el Fondo\u2026","rel":"","context":"En \u00abEconom\u00eda\u00bb","block_context":{"text":"Econom\u00eda","link":"https:\/\/www.24baires.com\/?cat=45"},"img":{"alt_text":"","src":"https:\/\/i0.wp.com\/www.24baires.com\/wp-content\/uploads\/2022\/07\/62c35d28a345d_900.jpg?resize=350%2C200","width":350,"height":200,"srcset":"https:\/\/i0.wp.com\/www.24baires.com\/wp-content\/uploads\/2022\/07\/62c35d28a345d_900.jpg?resize=350%2C200 1x, https:\/\/i0.wp.com\/www.24baires.com\/wp-content\/uploads\/2022\/07\/62c35d28a345d_900.jpg?resize=525%2C300 1.5x, https:\/\/i0.wp.com\/www.24baires.com\/wp-content\/uploads\/2022\/07\/62c35d28a345d_900.jpg?resize=700%2C400 2x"},"classes":[]},{"id":103155,"url":"https:\/\/www.24baires.com\/?p=103155","url_meta":{"origin":116484,"position":4},"title":"Las expectativas de inflaci\u00f3n para 2018 suben por arriba del 30%","author":"GB","date":"04\/07\/2018","format":false,"excerpt":"El mercado aument\u00f3 a 2,9% las expectativas en comparaci\u00f3n con el sondeo de mayo. Para 2019 se prev\u00e9 que sea del 20,2%, seg\u00fan el Relevamiento del BCRA Tras la disparada del d\u00f3lar -50% desde comienzo de a\u00f1o-, el Relevamiento de Expectativas de Mercado (REM) que elabora el Banco Central arroj\u00f3\u2026","rel":"","context":"En \u00abEconom\u00eda\u00bb","block_context":{"text":"Econom\u00eda","link":"https:\/\/www.24baires.com\/?cat=45"},"img":{"alt_text":"","src":"https:\/\/i0.wp.com\/www.24baires.com\/wp-content\/uploads\/2016\/12\/supermercado.jpg?resize=350%2C200","width":350,"height":200,"srcset":"https:\/\/i0.wp.com\/www.24baires.com\/wp-content\/uploads\/2016\/12\/supermercado.jpg?resize=350%2C200 1x, https:\/\/i0.wp.com\/www.24baires.com\/wp-content\/uploads\/2016\/12\/supermercado.jpg?resize=525%2C300 1.5x"},"classes":[]},{"id":116456,"url":"https:\/\/www.24baires.com\/?p=116456","url_meta":{"origin":116484,"position":5},"title":"El FMI dijo que Argentina caer\u00e1 este a\u00f1o y repuntar\u00e1 en 2021","author":"AF","date":"13\/10\/2020","format":false,"excerpt":"El FMI prev\u00e9 que la econom\u00eda argentina caer\u00e1 este a\u00f1o 11,8% y repuntar\u00e1 4,9% en 2021. El Fondo Monetario Internacional (FMI) vaticin\u00f3 hoy que la econom\u00eda argentina caer\u00e1 este a\u00f1o un 11,8% y repuntar\u00e1 el 4,9% durante 2021. As\u00ed lo indic\u00f3 en el Informe de Perspectivas Econ\u00f3micas (WEO, por sus\u2026","rel":"","context":"En \u00abEconom\u00eda\u00bb","block_context":{"text":"Econom\u00eda","link":"https:\/\/www.24baires.com\/?cat=45"},"img":{"alt_text":"","src":"https:\/\/i0.wp.com\/www.24baires.com\/wp-content\/uploads\/2019\/08\/fmi.jpg?resize=350%2C200","width":350,"height":200,"srcset":"https:\/\/i0.wp.com\/www.24baires.com\/wp-content\/uploads\/2019\/08\/fmi.jpg?resize=350%2C200 1x, https:\/\/i0.wp.com\/www.24baires.com\/wp-content\/uploads\/2019\/08\/fmi.jpg?resize=525%2C300 1.5x"},"classes":[]}],"jetpack_sharing_enabled":true,"jetpack_likes_enabled":true,"_links":{"self":[{"href":"https:\/\/www.24baires.com\/index.php?rest_route=\/wp\/v2\/posts\/116484","targetHints":{"allow":["GET"]}}],"collection":[{"href":"https:\/\/www.24baires.com\/index.php?rest_route=\/wp\/v2\/posts"}],"about":[{"href":"https:\/\/www.24baires.com\/index.php?rest_route=\/wp\/v2\/types\/post"}],"author":[{"embeddable":true,"href":"https:\/\/www.24baires.com\/index.php?rest_route=\/wp\/v2\/users\/4"}],"replies":[{"embeddable":true,"href":"https:\/\/www.24baires.com\/index.php?rest_route=%2Fwp%2Fv2%2Fcomments&post=116484"}],"version-history":[{"count":1,"href":"https:\/\/www.24baires.com\/index.php?rest_route=\/wp\/v2\/posts\/116484\/revisions"}],"predecessor-version":[{"id":116485,"href":"https:\/\/www.24baires.com\/index.php?rest_route=\/wp\/v2\/posts\/116484\/revisions\/116485"}],"wp:attachment":[{"href":"https:\/\/www.24baires.com\/index.php?rest_route=%2Fwp%2Fv2%2Fmedia&parent=116484"}],"wp:term":[{"taxonomy":"category","embeddable":true,"href":"https:\/\/www.24baires.com\/index.php?rest_route=%2Fwp%2Fv2%2Fcategories&post=116484"},{"taxonomy":"post_tag","embeddable":true,"href":"https:\/\/www.24baires.com\/index.php?rest_route=%2Fwp%2Fv2%2Ftags&post=116484"}],"curies":[{"name":"wp","href":"https:\/\/api.w.org\/{rel}","templated":true}]}}