{"id":11647,"date":"2013-01-09T17:37:41","date_gmt":"2013-01-09T20:37:41","guid":{"rendered":"http:\/\/www.24baires.com\/?p=11647"},"modified":"2013-01-09T17:37:41","modified_gmt":"2013-01-09T20:37:41","slug":"el-45-de-los-adultos-bonaerenses-tiene-sobrepeso","status":"publish","type":"post","link":"https:\/\/www.24baires.com\/?p=11647","title":{"rendered":"El 45% de los adultos bonaerenses tiene sobrepeso"},"content":{"rendered":"<p>El 45 por ciento de los adultos tiene sobrepeso, el 41 por ciento es sedentario y el 23 por ciento fuma. Los datos corresponden a un sondeo sobre 26.470 personas encuestadas en las carpas sanitarias que el ministerio de Salud de la Provincia instal\u00f3 en siete municipios bonaerenses durante el a\u00f1o 2012.<!--more--><\/p>\n<p>Esos tres factores de riesgo disminuyen la resistencia y la fuerza, enlentecen el sistema circulatorio, obstruyen las arterias y todo esto retrasa la llegada de ox\u00edgeno a los m\u00fasculos y tejidos. En consecuencia, \u201cel riesgo de sufrir un accidente cerebro vascular (ACV), un infarto u otro problema cardiovascular aumenta peligrosamente\u201d, explic\u00f3 ayer el ministro de Salud de la Provincia, Alejandro Collia, en la apertura de las carpa sanitaria instalada en la plaza Espa\u00f1a de Mar del Plata.<\/p>\n<p>Durante el \u00faltimo a\u00f1o, la cartera sanitaria mont\u00f3 estas carpas para hacer prevenci\u00f3n, controles de salud y ofrecer asesoramiento en los municipios de Florencio Varela, Vicente L\u00f3pez, San Fernando, Pilar y Moreno, adem\u00e1s de Mar del Playa y Santa Teresita en la costa. A los m\u00e1s de 26.000 concurrentes se les hicieron preguntas sobre sus h\u00e1bitos, se los pes\u00f3, midi\u00f3, se les tom\u00f3 la presi\u00f3n arterial y el nivel de glucemia en sangre.<\/p>\n<p>\u201cDurante este verano nuestras carpas estar\u00e1n en la Plaza Espa\u00f1a de Mar del Plata y en la de los Artesanos en Miramar, con personal de salud especialmente capacitado para ofrecer consejer\u00eda e informaci\u00f3n gr\u00e1fica\u201d, explic\u00f3 el director provincial de Atenci\u00f3n Primaria, Luis Crovetto, e invit\u00f3 a los turistas a acercarse.<\/p>\n<p>Los deport\u00f3logos calculan que si se invierte 1 d\u00f3lar en la promoci\u00f3n de la actividad f\u00edsica regular, al cabo de tres a\u00f1os se ahorran 3 d\u00f3lares por persona que empieza a moverse. De lo contrario, se gastan en f\u00e1rmacos, internaciones y ausentismo laboral.<\/p>\n<p>&nbsp;<\/p>\n<p>&nbsp;<\/p>\n<p>&nbsp;<\/p>\n<p>&nbsp;<\/p>\n<p>&nbsp;<\/p>\n<p>&nbsp;<\/p>\n<p>&nbsp;<\/p>\n<p>&nbsp;<\/p>\n<p>&nbsp;<\/p>\n<p>&nbsp;<\/p>\n<p>&nbsp;<\/p>\n<p>&nbsp;<\/p>\n<p>&nbsp;<\/p>\n<p>&nbsp;<\/p>\n<p>&nbsp;<\/p>\n<p>&nbsp;<\/p>\n<p>&nbsp;<\/p>\n<p>&nbsp;<\/p>\n<p>&nbsp;<\/p>\n","protected":false},"excerpt":{"rendered":"<p>El 45 por ciento de los adultos tiene sobrepeso, el 41 por ciento es sedentario y el 23 por ciento fuma. Los datos corresponden a un sondeo sobre 26.470 personas encuestadas en las carpas sanitarias que el ministerio de Salud de la Provincia instal\u00f3 en siete municipios bonaerenses durante el a\u00f1o 2012.<\/p>\n","protected":false},"author":4,"featured_media":0,"comment_status":"open","ping_status":"open","sticky":false,"template":"","format":"standard","meta":{"_jetpack_newsletter_access":"","_jetpack_dont_email_post_to_subs":false,"_jetpack_newsletter_tier_id":0,"_jetpack_memberships_contains_paywalled_content":false,"_jetpack_memberships_contains_paid_content":false,"footnotes":""},"categories":[1],"tags":[],"class_list":["post-11647","post","type-post","status-publish","format-standard","hentry","category-sociedad"],"jetpack_featured_media_url":"","jetpack_shortlink":"https:\/\/wp.me\/p2JWE0-31R","jetpack-related-posts":[{"id":102997,"url":"https:\/\/www.24baires.com\/?p=102997","url_meta":{"origin":11647,"position":0},"title":"Los m\u00e9dicos instalar\u00e1n el viernes una carpa sanitaria frente al Congreso","author":"GB","date":"26\/06\/2018","format":false,"excerpt":"Ser\u00e1 en el marco de un nuevo paro de 24 horas que impulsar\u00e1 Cicop para reclamar \"salarios dignos\" y mejores condiciones de trabajo. Los m\u00e9dicos y profesionales de la salud nucleados en Cicop instalar\u00e1n el viernes una carpa sanitaria frente al Congreso nacional. Ser\u00e1 en el marco de un nuevo\u2026","rel":"","context":"En \u00abProvincia\u00bb","block_context":{"text":"Provincia","link":"https:\/\/www.24baires.com\/?cat=40"},"img":{"alt_text":"","src":"https:\/\/i0.wp.com\/www.24baires.com\/wp-content\/uploads\/2014\/11\/cicop-paro.jpg?resize=350%2C200","width":350,"height":200,"srcset":"https:\/\/i0.wp.com\/www.24baires.com\/wp-content\/uploads\/2014\/11\/cicop-paro.jpg?resize=350%2C200 1x, https:\/\/i0.wp.com\/www.24baires.com\/wp-content\/uploads\/2014\/11\/cicop-paro.jpg?resize=525%2C300 1.5x"},"classes":[]},{"id":36455,"url":"https:\/\/www.24baires.com\/?p=36455","url_meta":{"origin":11647,"position":1},"title":"Este verano, la Provincia realizar\u00e1 campa\u00f1as enfocadas en prevenci\u00f3n","author":"AF","date":"09\/12\/2013","format":false,"excerpt":"Con 16 ambulancias apostadas en puntos estrat\u00e9gicos de las rutas a la Costa, 10 hospitales m\u00f3viles en distritos tur\u00edsticos y casi 200 profesionales para controles de alcoholemia, fortalecimiento de las guardias y asistencia en caso de adicciones, el ministerio de Salud pondr\u00e1 en marcha la Campa\u00f1a de Verano 2013-2014. A\u2026","rel":"","context":"En \u00abProvincia\u00bb","block_context":{"text":"Provincia","link":"https:\/\/www.24baires.com\/?cat=40"},"img":{"alt_text":"","src":"","width":0,"height":0},"classes":[]},{"id":95856,"url":"https:\/\/www.24baires.com\/?p=95856","url_meta":{"origin":11647,"position":2},"title":"M\u00e9dicos bonaerenses instalan una \u00abcarpa sanitaria\u00bb en el Obelisco","author":"AF","date":"13\/07\/2017","format":false,"excerpt":"Los m\u00e9dicos bonaerenses nucleados en Cicop instalar\u00e1n este jueves en el marco de un paro una \u201ccarpa sanitaria\u201d en las inmediaciones del Obelisco, en la ciudad de Buenos Aires, para reclamar por una nueva convocatoria a paritarias. Desde el gremio desearon \u201cno tener ning\u00fan problema\u201d en la protesta. En un\u2026","rel":"","context":"En \u00abSociedad\u00bb","block_context":{"text":"Sociedad","link":"https:\/\/www.24baires.com\/?cat=1"},"img":{"alt_text":"","src":"https:\/\/i0.wp.com\/www.24baires.com\/wp-content\/uploads\/2016\/12\/cicop.jpg?resize=350%2C200","width":350,"height":200,"srcset":"https:\/\/i0.wp.com\/www.24baires.com\/wp-content\/uploads\/2016\/12\/cicop.jpg?resize=350%2C200 1x, https:\/\/i0.wp.com\/www.24baires.com\/wp-content\/uploads\/2016\/12\/cicop.jpg?resize=525%2C300 1.5x"},"classes":[]},{"id":115594,"url":"https:\/\/www.24baires.com\/?p=115594","url_meta":{"origin":11647,"position":3},"title":"Provincia confirm\u00f3 el cese del brote de sarampi\u00f3n","author":"GB","date":"10\/07\/2020","format":false,"excerpt":"El territorio bonaerense ya cumpli\u00f3 m\u00e1s de 12 semanas sin casos tras el brote que se origin\u00f3 durante la gesti\u00f3n de Mar\u00eda Eugenia Vidal. El Gobierno de la provincia de Buenos Aires anunci\u00f3 este viernes el cese del brote sarampi\u00f3n que hab\u00eda estallado particularmente en el Conurbano durante la gesti\u00f3n\u2026","rel":"","context":"En \u00abProvincia\u00bb","block_context":{"text":"Provincia","link":"https:\/\/www.24baires.com\/?cat=40"},"img":{"alt_text":"","src":"https:\/\/i0.wp.com\/www.24baires.com\/wp-content\/uploads\/2020\/07\/vacuna.jpg?resize=350%2C200","width":350,"height":200,"srcset":"https:\/\/i0.wp.com\/www.24baires.com\/wp-content\/uploads\/2020\/07\/vacuna.jpg?resize=350%2C200 1x, https:\/\/i0.wp.com\/www.24baires.com\/wp-content\/uploads\/2020\/07\/vacuna.jpg?resize=525%2C300 1.5x"},"classes":[]},{"id":93722,"url":"https:\/\/www.24baires.com\/?p=93722","url_meta":{"origin":11647,"position":4},"title":"Los m\u00e9dicos bonaerenses tambi\u00e9n planean instalar una carpa de protesta","author":"GB","date":"10\/04\/2017","format":false,"excerpt":"Tras la represi\u00f3n a los docentes que intentaban armar una carpa en el marco de su reclamo paritario, profesionales de la salud nucleados en CICOP anunciaron que instalar\u00e1n su propia carpa para \u201cen defensa de la Salud P\u00fablica\u201d. Podr\u00eda ser en Congreso o en el Obelisco. Mientras escala el conflicto\u2026","rel":"","context":"En \u00abProvincia\u00bb","block_context":{"text":"Provincia","link":"https:\/\/www.24baires.com\/?cat=40"},"img":{"alt_text":"","src":"https:\/\/i0.wp.com\/www.24baires.com\/wp-content\/uploads\/2017\/04\/carpa-cicop.jpg?resize=350%2C200","width":350,"height":200,"srcset":"https:\/\/i0.wp.com\/www.24baires.com\/wp-content\/uploads\/2017\/04\/carpa-cicop.jpg?resize=350%2C200 1x, https:\/\/i0.wp.com\/www.24baires.com\/wp-content\/uploads\/2017\/04\/carpa-cicop.jpg?resize=525%2C300 1.5x"},"classes":[]},{"id":56930,"url":"https:\/\/www.24baires.com\/?p=56930","url_meta":{"origin":11647,"position":5},"title":"Durante la temporada habr\u00e1 hospitales m\u00f3viles, carpas sanitarias y helic\u00f3pteros en la costa","author":"GB","date":"11\/11\/2014","format":false,"excerpt":"La pr\u00f3xima temporada de verano, el Ministerio de Salud bonaerense dispondr\u00e1 de 12 ambulancias equipadas con cardiodesfibriladores, 7 hospitales m\u00f3viles y 2 helic\u00f3pteros que recorrer\u00e1n la costa atl\u00e1ntica. De acuerdo a datos del Operativo de Servicio de Atenci\u00f3n al Turista (SAT), este a\u00f1o la Provincia contar\u00e1 adem\u00e1s con 5 carpas\u2026","rel":"","context":"En \u00abProvincia\u00bb","block_context":{"text":"Provincia","link":"https:\/\/www.24baires.com\/?cat=40"},"img":{"alt_text":"","src":"","width":0,"height":0},"classes":[]}],"jetpack_sharing_enabled":true,"jetpack_likes_enabled":true,"_links":{"self":[{"href":"https:\/\/www.24baires.com\/index.php?rest_route=\/wp\/v2\/posts\/11647","targetHints":{"allow":["GET"]}}],"collection":[{"href":"https:\/\/www.24baires.com\/index.php?rest_route=\/wp\/v2\/posts"}],"about":[{"href":"https:\/\/www.24baires.com\/index.php?rest_route=\/wp\/v2\/types\/post"}],"author":[{"embeddable":true,"href":"https:\/\/www.24baires.com\/index.php?rest_route=\/wp\/v2\/users\/4"}],"replies":[{"embeddable":true,"href":"https:\/\/www.24baires.com\/index.php?rest_route=%2Fwp%2Fv2%2Fcomments&post=11647"}],"version-history":[{"count":2,"href":"https:\/\/www.24baires.com\/index.php?rest_route=\/wp\/v2\/posts\/11647\/revisions"}],"predecessor-version":[{"id":11649,"href":"https:\/\/www.24baires.com\/index.php?rest_route=\/wp\/v2\/posts\/11647\/revisions\/11649"}],"wp:attachment":[{"href":"https:\/\/www.24baires.com\/index.php?rest_route=%2Fwp%2Fv2%2Fmedia&parent=11647"}],"wp:term":[{"taxonomy":"category","embeddable":true,"href":"https:\/\/www.24baires.com\/index.php?rest_route=%2Fwp%2Fv2%2Fcategories&post=11647"},{"taxonomy":"post_tag","embeddable":true,"href":"https:\/\/www.24baires.com\/index.php?rest_route=%2Fwp%2Fv2%2Ftags&post=11647"}],"curies":[{"name":"wp","href":"https:\/\/api.w.org\/{rel}","templated":true}]}}