{"id":116462,"date":"2020-10-14T12:30:40","date_gmt":"2020-10-14T15:30:40","guid":{"rendered":"http:\/\/www.24baires.com\/?p=116462"},"modified":"2020-10-14T15:10:43","modified_gmt":"2020-10-14T18:10:43","slug":"se-vuelve-a-reunir-el-consejo-nacional-del-salari","status":"publish","type":"post","link":"https:\/\/www.24baires.com\/?p=116462","title":{"rendered":"Se vuelve a reunir el Consejo Nacional del Salario"},"content":{"rendered":"<p>La \u00faltima actualizaci\u00f3n fue en agosto de <img data-recalc-dims=\"1\" loading=\"lazy\" decoding=\"async\" src=\"https:\/\/i0.wp.com\/www.24baires.com\/wp-content\/uploads\/2020\/10\/0037498969.jpg?resize=300%2C225\" alt=\"\" width=\"300\" height=\"225\" class=\"alignleft size-medium wp-image-116466\" srcset=\"https:\/\/i0.wp.com\/www.24baires.com\/wp-content\/uploads\/2020\/10\/0037498969.jpg?resize=300%2C225&amp;ssl=1 300w, https:\/\/i0.wp.com\/www.24baires.com\/wp-content\/uploads\/2020\/10\/0037498969.jpg?w=540&amp;ssl=1 540w\" sizes=\"auto, (max-width: 300px) 100vw, 300px\" \/>2019 cuando se aument\u00f3 en tres cuotas consecutivas el monto del salario m\u00ednimo fij\u00e1ndolo desde octubre del a\u00f1o pasado en $16.875<!--more--><\/p>\n<p>El ministro de Trabajo, Claudio Moroni, encabezar\u00e1 esta tarde la reuni\u00f3n del Consejo Nacional del Salario, en el que la CGT y la CTA Aut\u00f3noma reclamar\u00e1n \u00abun aumento del ingreso m\u00ednimo que cubra el valor de la canasta b\u00e1sica, es decir m\u00e1s de 45.000 pesos\u00bb, seg\u00fan confirmaron fuentes sindicales de ambas centrales obreras.<\/p>\n<p>Por primera vez desde su constituci\u00f3n, el organismo que determina el ingreso m\u00ednimo y en el que participan la CGT, ambas CTA y las c\u00e1maras empresarias de todas las actividades, deliberar\u00e1 en forma virtual debido al aislamiento social, por lo que tanto fuentes oficiales como sindicales estimaron que el debate, que comenzar\u00e1 a las 15, podr\u00eda prolongarse por espacio de dos d\u00edas.<\/p>\n<p>H\u00e9ctor Daer, cotitular de la CGT, anticip\u00f3 que los representantes sindicales de la central exigir\u00e1n un aumento del valor m\u00ednimo de m\u00e1s de 45.000 pesos a partir del costo de la canasta b\u00e1sica, seg\u00fan confiaron algunos integrantes del consejo directivo.<\/p>\n<p>Tanto la Confederaci\u00f3n General del Trabajo (CGT) que Daer colidera con Carlos Acu\u00f1a, como la Central de los Trabajadores de la Argentina Aut\u00f3noma (CTAA) que conducen Ricardo Peidro y Hugo Godoy, coincidieron en se\u00f1alar que reclamar\u00e1n m\u00e1s de 45.000 pesos y en un solo tramo, ya que \u00abes imposible convenir un ingreso inferior sobre la base del actual valor del m\u00ednimo, de apenas 16.875 pesos\u00bb.<\/p>\n","protected":false},"excerpt":{"rendered":"<p>La \u00faltima actualizaci\u00f3n fue en agosto de 2019 cuando se aument\u00f3 en tres cuotas consecutivas el monto del salario m\u00ednimo fij\u00e1ndolo desde octubre del a\u00f1o pasado en $16.875<\/p>\n","protected":false},"author":8,"featured_media":0,"comment_status":"open","ping_status":"open","sticky":false,"template":"","format":"standard","meta":{"_jetpack_newsletter_access":"","_jetpack_dont_email_post_to_subs":false,"_jetpack_newsletter_tier_id":0,"_jetpack_memberships_contains_paywalled_content":false,"_jetpack_memberships_contains_paid_content":false,"footnotes":""},"categories":[45],"tags":[],"class_list":["post-116462","post","type-post","status-publish","format-standard","hentry","category-economia"],"jetpack_featured_media_url":"","jetpack_shortlink":"https:\/\/wp.me\/p2JWE0-uiq","jetpack-related-posts":[{"id":120249,"url":"https:\/\/www.24baires.com\/?p=120249","url_meta":{"origin":116462,"position":0},"title":"El 13 de julio se re\u00fane el Consejo del Salario para actualizar el monto m\u00ednimo","author":"AF","date":"04\/07\/2023","format":false,"excerpt":"La ministra Kelly Olmos llam\u00f3 a una reuni\u00f3n del Consejo Nacional del Empleo, la Productividad y el Salario para debatir una actualizaci\u00f3n del haber m\u00ednimo. El Ministerio de Trabajo que encabeza Raquel Olmos convoc\u00f3 para el 13 de julio pr\u00f3ximo a sindicalistas y empresarios a discutir una nueva actualizaci\u00f3n del\u2026","rel":"","context":"En \u00abSociedad\u00bb","block_context":{"text":"Sociedad","link":"https:\/\/www.24baires.com\/?cat=1"},"img":{"alt_text":"","src":"https:\/\/i0.wp.com\/www.24baires.com\/wp-content\/uploads\/2023\/01\/kelly-olmos.jpeg?resize=350%2C200","width":350,"height":200,"srcset":"https:\/\/i0.wp.com\/www.24baires.com\/wp-content\/uploads\/2023\/01\/kelly-olmos.jpeg?resize=350%2C200 1x, https:\/\/i0.wp.com\/www.24baires.com\/wp-content\/uploads\/2023\/01\/kelly-olmos.jpeg?resize=525%2C300 1.5x, https:\/\/i0.wp.com\/www.24baires.com\/wp-content\/uploads\/2023\/01\/kelly-olmos.jpeg?resize=700%2C400 2x"},"classes":[]},{"id":120503,"url":"https:\/\/www.24baires.com\/?p=120503","url_meta":{"origin":116462,"position":1},"title":"Salario m\u00ednimo: aprobaron un aumento del 32,2%","author":"AF","date":"27\/09\/2023","format":false,"excerpt":"Los representantes de los trabajadores y las c\u00e1maras empresarias alcanzaron un acuerdo en la Comisi\u00f3n del Salario M\u00ednimo, Vital y M\u00f3vil para el trimestre octubre-diciembre, que elevar\u00e1 la base de los ingresos m\u00ednimos, actualmente en 118 mil pesos. Sindicalistas de la CGT y de la CTA de los Trabajadores y\u2026","rel":"","context":"En \u00abSociedad\u00bb","block_context":{"text":"Sociedad","link":"https:\/\/www.24baires.com\/?cat=1"},"img":{"alt_text":"","src":"https:\/\/i0.wp.com\/www.24baires.com\/wp-content\/uploads\/2023\/03\/industriajpg.jpg?resize=350%2C200","width":350,"height":200,"srcset":"https:\/\/i0.wp.com\/www.24baires.com\/wp-content\/uploads\/2023\/03\/industriajpg.jpg?resize=350%2C200 1x, https:\/\/i0.wp.com\/www.24baires.com\/wp-content\/uploads\/2023\/03\/industriajpg.jpg?resize=525%2C300 1.5x, https:\/\/i0.wp.com\/www.24baires.com\/wp-content\/uploads\/2023\/03\/industriajpg.jpg?resize=700%2C400 2x"},"classes":[]},{"id":119569,"url":"https:\/\/www.24baires.com\/?p=119569","url_meta":{"origin":116462,"position":2},"title":"Acordaron un aumento del 20% del salario m\u00ednimo en cuatro tramos","author":"AF","date":"22\/11\/2022","format":false,"excerpt":"La CGT, la CTA y las c\u00e1maras empresarias acordaron en el Consejo del Salario que la suba se abonar\u00e1 un 7 por ciento en diciembre, un 6 en enero, un 4 en febrero y otro 3 en marzo de 2023. La CGT, la CTA y las c\u00e1maras empresarias acordaron en\u2026","rel":"","context":"En \u00abSociedad\u00bb","block_context":{"text":"Sociedad","link":"https:\/\/www.24baires.com\/?cat=1"},"img":{"alt_text":"","src":"https:\/\/i0.wp.com\/www.24baires.com\/wp-content\/uploads\/2022\/11\/ministerio-trabajo.jpg?resize=350%2C200","width":350,"height":200,"srcset":"https:\/\/i0.wp.com\/www.24baires.com\/wp-content\/uploads\/2022\/11\/ministerio-trabajo.jpg?resize=350%2C200 1x, https:\/\/i0.wp.com\/www.24baires.com\/wp-content\/uploads\/2022\/11\/ministerio-trabajo.jpg?resize=525%2C300 1.5x, https:\/\/i0.wp.com\/www.24baires.com\/wp-content\/uploads\/2022\/11\/ministerio-trabajo.jpg?resize=700%2C400 2x"},"classes":[]},{"id":118023,"url":"https:\/\/www.24baires.com\/?p=118023","url_meta":{"origin":116462,"position":3},"title":"Se re\u00fane el Consejo del Salario para fijar un nuevo aumento del m\u00ednimo","author":"GB","date":"21\/09\/2021","format":false,"excerpt":"Participar\u00e1n los representantes empresarios de las diversas c\u00e1maras de actividades, la CGT y ambas CTA. En el encuentro se determinar\u00e1n tambi\u00e9n los montos de la prestaci\u00f3n por desempleo El Gobierno nacional convoc\u00f3 para hoy, a partir de las 14, al Consejo Nacional del Empleo, la Productividad y el Salario m\u00ednimo,\u2026","rel":"","context":"En \u00abEconom\u00eda\u00bb","block_context":{"text":"Econom\u00eda","link":"https:\/\/www.24baires.com\/?cat=45"},"img":{"alt_text":"","src":"https:\/\/i0.wp.com\/www.24baires.com\/wp-content\/uploads\/2019\/02\/pesos.jpg?resize=350%2C200","width":350,"height":200,"srcset":"https:\/\/i0.wp.com\/www.24baires.com\/wp-content\/uploads\/2019\/02\/pesos.jpg?resize=350%2C200 1x, https:\/\/i0.wp.com\/www.24baires.com\/wp-content\/uploads\/2019\/02\/pesos.jpg?resize=525%2C300 1.5x"},"classes":[]},{"id":52840,"url":"https:\/\/www.24baires.com\/?p=52840","url_meta":{"origin":116462,"position":4},"title":"Yasky adelant\u00f3 que la CTA oficialista reclamar\u00e1 un aumento del 35%","author":"AF","date":"01\/09\/2014","format":false,"excerpt":"El secretario general de la CTA oficialista, Hugo Yasky, anticip\u00f3 hoy que esa entidad reclamar\u00e1 un aumento del 35% del salario m\u00ednimo, vital y m\u00f3vil, y advirti\u00f3 que en el mercado hay \"luces de alarma\" por despidos y suspensiones. Esta tarde, Yasky participar\u00e1 del plenario del Consejo del Salario M\u00ednimo,\u2026","rel":"","context":"En \u00abEconom\u00eda\u00bb","block_context":{"text":"Econom\u00eda","link":"https:\/\/www.24baires.com\/?cat=45"},"img":{"alt_text":"yasky hugo","src":"https:\/\/i0.wp.com\/www.24baires.com\/wp-content\/uploads\/2012\/11\/yasky-hugo.jpg?resize=350%2C200","width":350,"height":200,"srcset":"https:\/\/i0.wp.com\/www.24baires.com\/wp-content\/uploads\/2012\/11\/yasky-hugo.jpg?resize=350%2C200 1x, https:\/\/i0.wp.com\/www.24baires.com\/wp-content\/uploads\/2012\/11\/yasky-hugo.jpg?resize=525%2C300 1.5x"},"classes":[]},{"id":116471,"url":"https:\/\/www.24baires.com\/?p=116471","url_meta":{"origin":116462,"position":5},"title":"Se acord\u00f3 un aumento de 28% para salario m\u00ednimo, vital y m\u00f3vil","author":"AF","date":"14\/10\/2020","format":false,"excerpt":"Los ajustes ser\u00e1n de 12% en octubre, 10% en diciembre y 6% en marzo. La CGT pidi\u00f3 que se vuelva a reunir el plenario en abril 2021, luego del \u00faltimo aumento programado. El Consejo del Empleo, la Productividad y el Salario M\u00ednimo, Vital y M\u00f3vil fij\u00f3 un aumento de 28%\u2026","rel":"","context":"En \u00abSociedad\u00bb","block_context":{"text":"Sociedad","link":"https:\/\/www.24baires.com\/?cat=1"},"img":{"alt_text":"","src":"https:\/\/i0.wp.com\/www.24baires.com\/wp-content\/uploads\/2018\/11\/industria.jpg?resize=350%2C200","width":350,"height":200,"srcset":"https:\/\/i0.wp.com\/www.24baires.com\/wp-content\/uploads\/2018\/11\/industria.jpg?resize=350%2C200 1x, https:\/\/i0.wp.com\/www.24baires.com\/wp-content\/uploads\/2018\/11\/industria.jpg?resize=525%2C300 1.5x"},"classes":[]}],"jetpack_sharing_enabled":true,"jetpack_likes_enabled":true,"_links":{"self":[{"href":"https:\/\/www.24baires.com\/index.php?rest_route=\/wp\/v2\/posts\/116462","targetHints":{"allow":["GET"]}}],"collection":[{"href":"https:\/\/www.24baires.com\/index.php?rest_route=\/wp\/v2\/posts"}],"about":[{"href":"https:\/\/www.24baires.com\/index.php?rest_route=\/wp\/v2\/types\/post"}],"author":[{"embeddable":true,"href":"https:\/\/www.24baires.com\/index.php?rest_route=\/wp\/v2\/users\/8"}],"replies":[{"embeddable":true,"href":"https:\/\/www.24baires.com\/index.php?rest_route=%2Fwp%2Fv2%2Fcomments&post=116462"}],"version-history":[{"count":3,"href":"https:\/\/www.24baires.com\/index.php?rest_route=\/wp\/v2\/posts\/116462\/revisions"}],"predecessor-version":[{"id":116467,"href":"https:\/\/www.24baires.com\/index.php?rest_route=\/wp\/v2\/posts\/116462\/revisions\/116467"}],"wp:attachment":[{"href":"https:\/\/www.24baires.com\/index.php?rest_route=%2Fwp%2Fv2%2Fmedia&parent=116462"}],"wp:term":[{"taxonomy":"category","embeddable":true,"href":"https:\/\/www.24baires.com\/index.php?rest_route=%2Fwp%2Fv2%2Fcategories&post=116462"},{"taxonomy":"post_tag","embeddable":true,"href":"https:\/\/www.24baires.com\/index.php?rest_route=%2Fwp%2Fv2%2Ftags&post=116462"}],"curies":[{"name":"wp","href":"https:\/\/api.w.org\/{rel}","templated":true}]}}