{"id":116456,"date":"2020-10-13T18:42:56","date_gmt":"2020-10-13T21:42:56","guid":{"rendered":"http:\/\/www.24baires.com\/?p=116456"},"modified":"2020-10-13T18:42:56","modified_gmt":"2020-10-13T21:42:56","slug":"el-fmi-dijo-que-argentina-caera-este-ano-y-repuntara-en-2021","status":"publish","type":"post","link":"https:\/\/www.24baires.com\/?p=116456","title":{"rendered":"El FMI dijo que Argentina caer\u00e1 este a\u00f1o y repuntar\u00e1 en 2021"},"content":{"rendered":"<p><img data-recalc-dims=\"1\" loading=\"lazy\" decoding=\"async\" src=\"https:\/\/i0.wp.com\/www.24baires.com\/wp-content\/uploads\/2019\/08\/fmi.jpg?resize=560%2C314\" alt=\"\" width=\"560\" height=\"314\" class=\"aligncenter size-full wp-image-111842\" srcset=\"https:\/\/i0.wp.com\/www.24baires.com\/wp-content\/uploads\/2019\/08\/fmi.jpg?w=560&amp;ssl=1 560w, https:\/\/i0.wp.com\/www.24baires.com\/wp-content\/uploads\/2019\/08\/fmi.jpg?resize=300%2C168&amp;ssl=1 300w\" sizes=\"auto, (max-width: 560px) 100vw, 560px\" \/>El FMI prev\u00e9 que la econom\u00eda argentina caer\u00e1 este a\u00f1o 11,8% y repuntar\u00e1 4,9% en 2021.<!--more--><\/p>\n<p>El Fondo Monetario Internacional (FMI) vaticin\u00f3 hoy que la econom\u00eda argentina caer\u00e1 este a\u00f1o un 11,8% y repuntar\u00e1 el 4,9% durante 2021. As\u00ed lo indic\u00f3 en el Informe de Perspectivas Econ\u00f3micas (WEO, por sus siglas en ingl\u00e9s) difundido hoy bajo el t\u00edtulo \u00abUn largo y dificultoso camino cuesta arriba\u00bb, donde estim\u00f3 tambi\u00e9n que a ra\u00edz de la pandemia de coronavirus, el PBI mundial retroceder\u00e1 4,4% en 2020 y proyecto para 2021 una recuperaci\u00f3n de 5,2% a nivel global.<br \/>\nLas proyecciones, dadas a conocer en el marco previo al inicio de la Asamblea conjunta del FMI y el Banco Mundial que se desarrollar\u00e1 a partir del viernes, son un poco m\u00e1s alentadores que en junio \u00faltimo, cuando se proyectaba que la econom\u00eda mundial iba a retroceder 4,9% este a\u00f1o, consign\u00f3 T\u00e9lam. Los datos de la Argentina est\u00e1n en l\u00ednea con las estimaciones oficiales volcadas en proyecto de Presupuesto enviado al Congreso, donde se prev\u00e9 una ca\u00edda de 12,1%.<\/p>\n<p>Hoy, tambi\u00e9n en el marco previo al inicio de la Asamblea del FMI, el ministro de Econom\u00eda, Mart\u00edn Guzm\u00e1n, particip\u00f3 en la 104\u00aa Reuni\u00f3n de Ministros y Gobernadores del Grupo de los 24 (G-24), el principal foro de coordinaci\u00f3n de pol\u00edticas econ\u00f3micas y financieras de econom\u00edas emergentes y en desarrollo, donde destac\u00f3 el rol de la cooperaci\u00f3n multilateral para enfrentar los efectos de la pandemia. Para Guzm\u00e1n, \u00abla pol\u00edtica fiscal jugar\u00e1 el papel m\u00e1s importante para impulsar la recuperaci\u00f3n econ\u00f3mica y esto significa que en el mundo se necesitar\u00e1 mayor espacio fiscal\u00bb. El ministro dijo que \u00abhay una serie de pa\u00edses que tendr\u00e1n que pasar por un proceso de reestructuraci\u00f3n de la deuda soberana como el que acaba de atravesar Argentina, y el papel del FMI en el an\u00e1lisis de la sostenibilidad de la deuda ser\u00e1 muy importante\u201d. Al mismo tiempo coincidi\u00f3 con la directora gerente del FMI, Kristalina Georgieva, en la necesidad de aunar esfuerzos para enfrentar las crisis. El informe del FMI presentado hoy puso de manifiesto la desmejora que fue registrando la econom\u00eda argentina en medio de la pandemia de coronavirus. En junio pasado el FMI proyect\u00f3 una ca\u00edda en el PBI de 9,9%. Antes, en abril, estim\u00f3 que la baja iba a ser de 5,7%. Ahora, en la nueva actualizaci\u00f3n, la previsi\u00f3n es que la econom\u00eda caer\u00e1 alrededor de 11,8% respecto al per\u00edodo previo. De cara al 2021, el organismo estim\u00f3 en junio pasado que la econom\u00eda crecer\u00e1 3,9%. Ahora actualiz\u00f3 esa proyecci\u00f3n y a ubic\u00f3 en 4,9% en el reporte dado a conocer hoy. Asimismo, el documento, que tradicionalmente lleva tambi\u00e9n los datos de inflaci\u00f3n local y de todos los pa\u00edses, aclara que para esta vuelta no incluir\u00e1 los datos de precios de Argentina, entre otras excepciones. \u00abPara Argentina, las variables fiscales y de inflaci\u00f3n fueron excluidas de la publicaci\u00f3n para las proyecciones de 2021\u201325 y 2020\u201325, respectivamente, ya que \u00e9stos est\u00e1n en gran medida vinculados a las negociaciones del programa a\u00fan pendientes\u00bb, se\u00f1ala el informe. La Argentina se encuentra en pleno proceso de negociaciones para alcanzar un nuevo acuerdo con el Fondo, y una misi\u00f3n del organismo estuvo en el pa\u00eds entre el 6 y el 11 de octubre pasados. Dicha misi\u00f3n, que anunci\u00f3 que volver\u00e1 a mediados de noviembre al pa\u00eds, plante\u00f3 que se llev\u00f3 de la Argentina \u00abuna comprensi\u00f3n m\u00e1s profunda de los planes pol\u00edticos de las autoridades para estabilizar la econom\u00eda y ponerla en una senda de crecimiento m\u00e1s sostenible e inclusiva\u00bb, a la vez que traz\u00f3 un contexto socioecon\u00f3mico \u00abdif\u00edcil\u00bb. En cuanto al balance en cuenta corriente, el informe del FMI consigna que se espera que el 2020 mejore 0,7% y en 2021 lo haga en 1,2%. En t\u00e9rminos de desempleo, se estima que la tasa suba al 11% desde 9,8% alcanzado en 2019. Pese a que la Argentina presenta una ca\u00edda en la econom\u00eda m\u00e1s brusca que el promedio de la regi\u00f3n (-8%) en t\u00e9rminos de desempleo, otros pa\u00edses se ven mayormente afectados en cuanto a la tasa de desocupaci\u00f3n esperada. Pa\u00edses como Brasil y Colombia, que proyectan una ca\u00edda en sus econom\u00edas de 5,8% y de 8,2%, respectivamente para 2020, podr\u00edan alcanzar una tasa de desempleo de 13,4% y de 17,3% %, respectivamente, para igual per\u00edodo. En cuanto a las proyecciones de la econom\u00eda mundial en general, se advierte que hubo una recuperaci\u00f3n desigual.<\/p>\n","protected":false},"excerpt":{"rendered":"<p>El FMI prev\u00e9 que la econom\u00eda argentina caer\u00e1 este a\u00f1o 11,8% y repuntar\u00e1 4,9% en 2021.<\/p>\n","protected":false},"author":4,"featured_media":0,"comment_status":"open","ping_status":"open","sticky":false,"template":"","format":"standard","meta":{"_jetpack_newsletter_access":"","_jetpack_dont_email_post_to_subs":false,"_jetpack_newsletter_tier_id":0,"_jetpack_memberships_contains_paywalled_content":false,"_jetpack_memberships_contains_paid_content":false,"footnotes":""},"categories":[45],"tags":[],"class_list":["post-116456","post","type-post","status-publish","format-standard","hentry","category-economia"],"jetpack_featured_media_url":"","jetpack_shortlink":"https:\/\/wp.me\/p2JWE0-uik","jetpack-related-posts":[{"id":116635,"url":"https:\/\/www.24baires.com\/?p=116635","url_meta":{"origin":116456,"position":0},"title":"Llega al pa\u00eds una misi\u00f3n del FMI para iniciar negociaciones formales","author":"AF","date":"06\/11\/2020","format":false,"excerpt":"Estar\u00e1 encabezada por los funcionarios Julie Kozack y Luis Cubeddu. En esta oportunidad la misi\u00f3n se centrar\u00e1 en la agenda fiscal, monetaria y estructural de las autoridades para el mediano plazo con el objetivo de anclar la estabilidad macroecon\u00f3mica y sentar las bases para un crecimiento inclusivo y sostenible. Una\u2026","rel":"","context":"En \u00abEconom\u00eda\u00bb","block_context":{"text":"Econom\u00eda","link":"https:\/\/www.24baires.com\/?cat=45"},"img":{"alt_text":"","src":"https:\/\/i0.wp.com\/www.24baires.com\/wp-content\/uploads\/2015\/04\/fmi.jpg?resize=350%2C200","width":350,"height":200,"srcset":"https:\/\/i0.wp.com\/www.24baires.com\/wp-content\/uploads\/2015\/04\/fmi.jpg?resize=350%2C200 1x, https:\/\/i0.wp.com\/www.24baires.com\/wp-content\/uploads\/2015\/04\/fmi.jpg?resize=525%2C300 1.5x"},"classes":[]},{"id":116438,"url":"https:\/\/www.24baires.com\/?p=116438","url_meta":{"origin":116456,"position":1},"title":"El Banco Mundial prev\u00e9 para 2021 un repunte econ\u00f3mico del 5,5% para Argentina","author":"AF","date":"09\/10\/2020","format":false,"excerpt":"La entidad destac\u00f3 los \"paquetes de est\u00edmulo\" y las transferencias sociales de los gobiernos para combatir la crisis desatada por la pandemia. La econom\u00eda argentina caer\u00e1 este a\u00f1o 12,3%, pero se recuperar\u00eda 5,5% en el 2021, seg\u00fan las \u00faltimas proyecciones del Banco Mundial difundidas este viernes. Debido a la pandemia\u2026","rel":"","context":"En \u00abEconom\u00eda\u00bb","block_context":{"text":"Econom\u00eda","link":"https:\/\/www.24baires.com\/?cat=45"},"img":{"alt_text":"","src":"https:\/\/i0.wp.com\/www.24baires.com\/wp-content\/uploads\/2019\/02\/trabajador.jpg?resize=350%2C200","width":350,"height":200,"srcset":"https:\/\/i0.wp.com\/www.24baires.com\/wp-content\/uploads\/2019\/02\/trabajador.jpg?resize=350%2C200 1x, https:\/\/i0.wp.com\/www.24baires.com\/wp-content\/uploads\/2019\/02\/trabajador.jpg?resize=525%2C300 1.5x"},"classes":[]},{"id":100907,"url":"https:\/\/www.24baires.com\/?p=100907","url_meta":{"origin":116456,"position":2},"title":"Cay\u00f3 la producci\u00f3n de gas por primera vez desde 2014","author":"AF","date":"07\/03\/2018","format":false,"excerpt":"La baja del 0,9% en 2017 cort\u00f3 una racha ascendente que se manten\u00eda aun con el actual gobierno. En medio de tarifazos y con la demanda estancada, las perspectivas no son auspiciosas para el sector. De acuerdo a lo informado por el Observatorio de la energ\u00eda, tecnolog\u00eda e infraestructura para\u2026","rel":"","context":"En \u00abEconom\u00eda\u00bb","block_context":{"text":"Econom\u00eda","link":"https:\/\/www.24baires.com\/?cat=45"},"img":{"alt_text":"","src":"https:\/\/i0.wp.com\/www.24baires.com\/wp-content\/uploads\/2018\/03\/gas.jpg?resize=350%2C200","width":350,"height":200,"srcset":"https:\/\/i0.wp.com\/www.24baires.com\/wp-content\/uploads\/2018\/03\/gas.jpg?resize=350%2C200 1x, https:\/\/i0.wp.com\/www.24baires.com\/wp-content\/uploads\/2018\/03\/gas.jpg?resize=525%2C300 1.5x"},"classes":[]},{"id":81336,"url":"https:\/\/www.24baires.com\/?p=81336","url_meta":{"origin":116456,"position":3},"title":"El FMI pronostica una recesi\u00f3n por las medidas del gobierno","author":"GB","date":"12\/04\/2016","format":false,"excerpt":"El Fondo Monetario Internacional asegur\u00f3 que debido a las \u00faltimas medidas impulsadas por la actual gesti\u00f3n, la Argentina tendr\u00e1 una \u201cleve\u201d ca\u00edda econ\u00f3mica. En el informe \u201cPerspectivas Econ\u00f3micas Globales\u201d, el Fondo Monetario Internacional (FMI) explic\u00f3 que el pa\u00eds tendr\u00e1 una baja del 1% del Producto Bruto Interno (PBI) debido a\u2026","rel":"","context":"En \u00abEconom\u00eda\u00bb","block_context":{"text":"Econom\u00eda","link":"https:\/\/www.24baires.com\/?cat=45"},"img":{"alt_text":"fmi","src":"https:\/\/i0.wp.com\/www.24baires.com\/wp-content\/uploads\/2015\/04\/fmi.jpg?resize=350%2C200","width":350,"height":200,"srcset":"https:\/\/i0.wp.com\/www.24baires.com\/wp-content\/uploads\/2015\/04\/fmi.jpg?resize=350%2C200 1x, https:\/\/i0.wp.com\/www.24baires.com\/wp-content\/uploads\/2015\/04\/fmi.jpg?resize=525%2C300 1.5x"},"classes":[]},{"id":111372,"url":"https:\/\/www.24baires.com\/?p=111372","url_meta":{"origin":116456,"position":4},"title":"El FMI sigue pidiendo flexibilizaci\u00f3n laboral","author":"AF","date":"29\/07\/2019","format":false,"excerpt":"El reporte del organismo sobre las Perspectivas para Am\u00e9rica Latina insiste en reclamar la implementaci\u00f3n de reformas estructurales. En ese marco plantea que se deben \u201cflexibilizar las regulaciones del mercado de mano de obra\u201d. \u201cLa incertidumbre se ha moderado y, m\u00e1s recientemente, la inflaci\u00f3n ha empezado a descender a la\u2026","rel":"","context":"En \u00abEconom\u00eda\u00bb","block_context":{"text":"Econom\u00eda","link":"https:\/\/www.24baires.com\/?cat=45"},"img":{"alt_text":"","src":"https:\/\/i0.wp.com\/www.24baires.com\/wp-content\/uploads\/2016\/04\/fmi.jpg?resize=350%2C200","width":350,"height":200,"srcset":"https:\/\/i0.wp.com\/www.24baires.com\/wp-content\/uploads\/2016\/04\/fmi.jpg?resize=350%2C200 1x, https:\/\/i0.wp.com\/www.24baires.com\/wp-content\/uploads\/2016\/04\/fmi.jpg?resize=525%2C300 1.5x"},"classes":[]},{"id":118574,"url":"https:\/\/www.24baires.com\/?p=118574","url_meta":{"origin":116456,"position":5},"title":"El Banco Mundial confirm\u00f3 cr\u00e9ditos por US$ 2000 millones para Argentina","author":"AF","date":"22\/02\/2022","format":false,"excerpt":"El anuncio se realiz\u00f3 tras una reuni\u00f3n entre Mart\u00edn Guzm\u00e1n, Gustavo Beliz y el director de operaciones del Banco Mundial, Axel van Trtsenburg, quien destac\u00f3 el crecimiento logrado por la Argentina en 2021. El director de operaciones del Banco Mundial, Axel van Trotsenburg, confirm\u00f3 este martes al ministro de Econom\u00eda,\u2026","rel":"","context":"En \u00abEconom\u00eda\u00bb","block_context":{"text":"Econom\u00eda","link":"https:\/\/www.24baires.com\/?cat=45"},"img":{"alt_text":"","src":"https:\/\/i0.wp.com\/www.24baires.com\/wp-content\/uploads\/2022\/02\/621570a23d8c6_900.jpg?resize=350%2C200","width":350,"height":200,"srcset":"https:\/\/i0.wp.com\/www.24baires.com\/wp-content\/uploads\/2022\/02\/621570a23d8c6_900.jpg?resize=350%2C200 1x, https:\/\/i0.wp.com\/www.24baires.com\/wp-content\/uploads\/2022\/02\/621570a23d8c6_900.jpg?resize=525%2C300 1.5x"},"classes":[]}],"jetpack_sharing_enabled":true,"jetpack_likes_enabled":true,"_links":{"self":[{"href":"https:\/\/www.24baires.com\/index.php?rest_route=\/wp\/v2\/posts\/116456","targetHints":{"allow":["GET"]}}],"collection":[{"href":"https:\/\/www.24baires.com\/index.php?rest_route=\/wp\/v2\/posts"}],"about":[{"href":"https:\/\/www.24baires.com\/index.php?rest_route=\/wp\/v2\/types\/post"}],"author":[{"embeddable":true,"href":"https:\/\/www.24baires.com\/index.php?rest_route=\/wp\/v2\/users\/4"}],"replies":[{"embeddable":true,"href":"https:\/\/www.24baires.com\/index.php?rest_route=%2Fwp%2Fv2%2Fcomments&post=116456"}],"version-history":[{"count":1,"href":"https:\/\/www.24baires.com\/index.php?rest_route=\/wp\/v2\/posts\/116456\/revisions"}],"predecessor-version":[{"id":116457,"href":"https:\/\/www.24baires.com\/index.php?rest_route=\/wp\/v2\/posts\/116456\/revisions\/116457"}],"wp:attachment":[{"href":"https:\/\/www.24baires.com\/index.php?rest_route=%2Fwp%2Fv2%2Fmedia&parent=116456"}],"wp:term":[{"taxonomy":"category","embeddable":true,"href":"https:\/\/www.24baires.com\/index.php?rest_route=%2Fwp%2Fv2%2Fcategories&post=116456"},{"taxonomy":"post_tag","embeddable":true,"href":"https:\/\/www.24baires.com\/index.php?rest_route=%2Fwp%2Fv2%2Ftags&post=116456"}],"curies":[{"name":"wp","href":"https:\/\/api.w.org\/{rel}","templated":true}]}}