{"id":116438,"date":"2020-10-09T16:26:50","date_gmt":"2020-10-09T19:26:50","guid":{"rendered":"http:\/\/www.24baires.com\/?p=116438"},"modified":"2020-10-09T17:28:16","modified_gmt":"2020-10-09T20:28:16","slug":"el-banco-mundial-preve-para-2021-un-repunte-economico-del-55-para-argentina","status":"publish","type":"post","link":"https:\/\/www.24baires.com\/?p=116438","title":{"rendered":"El Banco Mundial prev\u00e9 para 2021 un repunte econ\u00f3mico del 5,5% para Argentina"},"content":{"rendered":"<p><img data-recalc-dims=\"1\" loading=\"lazy\" decoding=\"async\" src=\"https:\/\/i0.wp.com\/www.24baires.com\/wp-content\/uploads\/2019\/02\/trabajador.jpg?resize=560%2C349\" alt=\"\" width=\"560\" height=\"349\" class=\"aligncenter size-full wp-image-107025\" srcset=\"https:\/\/i0.wp.com\/www.24baires.com\/wp-content\/uploads\/2019\/02\/trabajador.jpg?w=560&amp;ssl=1 560w, https:\/\/i0.wp.com\/www.24baires.com\/wp-content\/uploads\/2019\/02\/trabajador.jpg?resize=300%2C187&amp;ssl=1 300w\" sizes=\"auto, (max-width: 560px) 100vw, 560px\" \/>La entidad destac\u00f3 los \u00abpaquetes de est\u00edmulo\u00bb y las transferencias sociales de los gobiernos para combatir la crisis desatada por la pandemia.<!--more--><\/p>\n<p>La econom\u00eda argentina caer\u00e1 este a\u00f1o 12,3%, pero se recuperar\u00eda 5,5% en el 2021, seg\u00fan las \u00faltimas proyecciones del Banco Mundial difundidas este viernes.<\/p>\n<p>Debido a la pandemia de coronavirus, Am\u00e9rica Latina y el Caribe es la regi\u00f3n m\u00e1s castigada, ya que se prev\u00e9 que el Producto Interno Bruto (PIB) en conjunto (excepto Venezuela) retroceda 7,9% en 2020, y se espera un crecimiento de 4% para 2021.<\/p>\n<p>As\u00ed lo indican las estimaciones volcadas en el Reporte de Perspectivas Regionales, presentado como antesala del desarrollo de la Asamblea Anual del FMI y el Banco Mundial, que comenzar\u00e1 el lunes pr\u00f3ximo de manera virtual.<\/p>\n<p>El informe, denominado \u00abEl costo de mantenerse sano\u00bb, consigna que la Argentina ser\u00e1 uno de los pa\u00edses m\u00e1s afectados de la regi\u00f3n de Am\u00e9rica Latina para 2020, junto con Per\u00fa (-12%), Ecuador (-11%) y M\u00e9xico (-10%).<\/p>\n<p>En cambio Brasil y Chile sufrir\u00edan un impacto relativamente moderado aunque importante, con bajas para este a\u00f1o de 5,4% y de 6,3%, respectivamente.<\/p>\n<p>\u00abNuestra regi\u00f3n soporta el peor impacto econ\u00f3mico y en salud debido a la Covid-19 de todo el mundo, algo que exige mayor claridad respecto de c\u00f3mo combatir la pandemia y recuperar el rumbo econ\u00f3mico de cara a una r\u00e1pida recuperaci\u00f3n\u00bb, dijo Carlos Felipe Jaramillo, vicepresidente del Banco Mundial para la regi\u00f3n de Am\u00e9rica Latina y el Caribe.<\/p>\n<p>En cuanto a las causas detectadas, las econom\u00edas de la regi\u00f3n se ven afectadas por una ca\u00edda en la demanda externa, una mayor incertidumbre econ\u00f3mica, un colapso del turismo y las consecuencias de meses de confinamiento con el fin de contener la propagaci\u00f3n de la enfermedad.<\/p>\n<p>\u00abLos gobiernos deber\u00e1n hallar la manera de retomar la consolidaci\u00f3n fiscal luego de un per\u00edodo de gasto elevado en est\u00edmulos econ\u00f3micos y transferencias sociales de emergencia\u00bb, indica el informe.<\/p>\n<p>\u00abLos gobiernos deben proteger a los m\u00e1s vulnerables mientras adec\u00faan las normas sanitarias y de seguridad en todos los sectores y actividades, en especial el de la educaci\u00f3n, para que la probabilidad de contagio siga siendo baja mientras la vida contin\u00faa\u00bb, dijo por su parte Mart\u00edn Rama, economista en jefe del Banco Mundial para la regi\u00f3n de Am\u00e9rica Latina y el Caribe, encargado de presentar el documento.<\/p>\n<p>Esta crisis llega tras a\u00f1os de lento crecimiento econ\u00f3mico y escaso progreso en t\u00e9rminos de indicadores sociales, e inmediatamente despu\u00e9s de una ola de disturbios sociales en varios pa\u00edses de la regi\u00f3n.<\/p>\n<p>Sin embargo, el Banco rescat\u00f3 que \u00aba pesar de las perspectivas negativas, existen se\u00f1ales de que el impacto podr\u00eda ser menos grave de lo que inicialmente se tem\u00eda\u00bb, ya que \u00abel comercio mundial de bienes regresa a niveles anteriores a la crisis y los precios de las materias primas se han mantenido relativamente bien\u00bb.<\/p>\n<p>Por otro lado, el Banco apunt\u00f3 que \u00abluego de una ca\u00edda inicial abrupta, las remesas en general son mayores que hace un a\u00f1o, y son pocos los pa\u00edses que no pueden acceder a los mercados financieros internacionales\u00bb.<\/p>\n<p>En este sentido, indic\u00f3 que \u00abfue muy importante que los paquetes de est\u00edmulo llevados a cabo por distintos gobiernos fueran en general robustos, a pesar de las restricciones fiscales, y que buena parte de los recursos adicionales fueran a transferencias sociales, ya que el efecto multiplicador de estas transferencias sobre la actividad econ\u00f3mica es significativo\u00bb.<\/p>\n<p>El informe revela que un mejor dise\u00f1o de las licitaciones en Salud podr\u00eda reducir el gasto p\u00fablico regional en medicamentos, entre un 12% y 15%.<\/p>\n","protected":false},"excerpt":{"rendered":"<p>La entidad destac\u00f3 los \u00abpaquetes de est\u00edmulo\u00bb y las transferencias sociales de los gobiernos para combatir la crisis desatada por la pandemia.<\/p>\n","protected":false},"author":4,"featured_media":0,"comment_status":"open","ping_status":"open","sticky":false,"template":"","format":"standard","meta":{"_jetpack_newsletter_access":"","_jetpack_dont_email_post_to_subs":false,"_jetpack_newsletter_tier_id":0,"_jetpack_memberships_contains_paywalled_content":false,"_jetpack_memberships_contains_paid_content":false,"footnotes":""},"categories":[45],"tags":[],"class_list":["post-116438","post","type-post","status-publish","format-standard","hentry","category-economia"],"jetpack_featured_media_url":"","jetpack_shortlink":"https:\/\/wp.me\/p2JWE0-ui2","jetpack-related-posts":[{"id":116456,"url":"https:\/\/www.24baires.com\/?p=116456","url_meta":{"origin":116438,"position":0},"title":"El FMI dijo que Argentina caer\u00e1 este a\u00f1o y repuntar\u00e1 en 2021","author":"AF","date":"13\/10\/2020","format":false,"excerpt":"El FMI prev\u00e9 que la econom\u00eda argentina caer\u00e1 este a\u00f1o 11,8% y repuntar\u00e1 4,9% en 2021. El Fondo Monetario Internacional (FMI) vaticin\u00f3 hoy que la econom\u00eda argentina caer\u00e1 este a\u00f1o un 11,8% y repuntar\u00e1 el 4,9% durante 2021. As\u00ed lo indic\u00f3 en el Informe de Perspectivas Econ\u00f3micas (WEO, por sus\u2026","rel":"","context":"En \u00abEconom\u00eda\u00bb","block_context":{"text":"Econom\u00eda","link":"https:\/\/www.24baires.com\/?cat=45"},"img":{"alt_text":"","src":"https:\/\/i0.wp.com\/www.24baires.com\/wp-content\/uploads\/2019\/08\/fmi.jpg?resize=350%2C200","width":350,"height":200,"srcset":"https:\/\/i0.wp.com\/www.24baires.com\/wp-content\/uploads\/2019\/08\/fmi.jpg?resize=350%2C200 1x, https:\/\/i0.wp.com\/www.24baires.com\/wp-content\/uploads\/2019\/08\/fmi.jpg?resize=525%2C300 1.5x"},"classes":[]},{"id":118574,"url":"https:\/\/www.24baires.com\/?p=118574","url_meta":{"origin":116438,"position":1},"title":"El Banco Mundial confirm\u00f3 cr\u00e9ditos por US$ 2000 millones para Argentina","author":"AF","date":"22\/02\/2022","format":false,"excerpt":"El anuncio se realiz\u00f3 tras una reuni\u00f3n entre Mart\u00edn Guzm\u00e1n, Gustavo Beliz y el director de operaciones del Banco Mundial, Axel van Trtsenburg, quien destac\u00f3 el crecimiento logrado por la Argentina en 2021. El director de operaciones del Banco Mundial, Axel van Trotsenburg, confirm\u00f3 este martes al ministro de Econom\u00eda,\u2026","rel":"","context":"En \u00abEconom\u00eda\u00bb","block_context":{"text":"Econom\u00eda","link":"https:\/\/www.24baires.com\/?cat=45"},"img":{"alt_text":"","src":"https:\/\/i0.wp.com\/www.24baires.com\/wp-content\/uploads\/2022\/02\/621570a23d8c6_900.jpg?resize=350%2C200","width":350,"height":200,"srcset":"https:\/\/i0.wp.com\/www.24baires.com\/wp-content\/uploads\/2022\/02\/621570a23d8c6_900.jpg?resize=350%2C200 1x, https:\/\/i0.wp.com\/www.24baires.com\/wp-content\/uploads\/2022\/02\/621570a23d8c6_900.jpg?resize=525%2C300 1.5x"},"classes":[]},{"id":116296,"url":"https:\/\/www.24baires.com\/?p=116296","url_meta":{"origin":116438,"position":2},"title":"Guzm\u00e1n: el Presupuesto 2021 \u00abes un paso fundamental en el proceso de estabilizar la econom\u00eda\u00bb","author":"AF","date":"22\/09\/2020","format":false,"excerpt":"El ministro brinda detalles en comisi\u00f3n sobre los principales ejes que contempla un crecimiento del 5,5% del PBI y un gasto total de m\u00e1s de 8 billones de pesos. El ministro de Econom\u00eda, Mart\u00edn Guzm\u00e1n, afirm\u00f3 que \"estamos en una situaci\u00f3n muy dif\u00edcil en Argentina y en el mundo\" a\u2026","rel":"","context":"En \u00abEconom\u00eda\u00bb","block_context":{"text":"Econom\u00eda","link":"https:\/\/www.24baires.com\/?cat=45"},"img":{"alt_text":"","src":"https:\/\/i0.wp.com\/www.24baires.com\/wp-content\/uploads\/2020\/05\/guzman-1.jpg?resize=350%2C200","width":350,"height":200,"srcset":"https:\/\/i0.wp.com\/www.24baires.com\/wp-content\/uploads\/2020\/05\/guzman-1.jpg?resize=350%2C200 1x, https:\/\/i0.wp.com\/www.24baires.com\/wp-content\/uploads\/2020\/05\/guzman-1.jpg?resize=525%2C300 1.5x"},"classes":[]},{"id":118254,"url":"https:\/\/www.24baires.com\/?p=118254","url_meta":{"origin":116438,"position":3},"title":"Guzm\u00e1n: \u201cEstamos viviendo un proceso de recuperaci\u00f3n econ\u00f3mica muy fuerte\u201d","author":"GB","date":"25\/11\/2021","format":false,"excerpt":"Durante su exposici\u00f3n en el cierre de las Jornadas Monetarias 2021 organizadas por el Banco Central, el ministro de Econom\u00eda Mart\u00edn Guzm\u00e1n afirm\u00f3 que \u201cla econom\u00eda este a\u00f1o va a crecer m\u00e1s que el 9%\u201d. El ministro de Econom\u00eda, Mart\u00edn Guzm\u00e1n, expuso este mi\u00e9rcoles en el cierre de las \u201cJornadas\u2026","rel":"","context":"En \u00abEconom\u00eda\u00bb","block_context":{"text":"Econom\u00eda","link":"https:\/\/www.24baires.com\/?cat=45"},"img":{"alt_text":"","src":"https:\/\/i0.wp.com\/www.24baires.com\/wp-content\/uploads\/2021\/11\/guzman.jpg?resize=350%2C200","width":350,"height":200,"srcset":"https:\/\/i0.wp.com\/www.24baires.com\/wp-content\/uploads\/2021\/11\/guzman.jpg?resize=350%2C200 1x, https:\/\/i0.wp.com\/www.24baires.com\/wp-content\/uploads\/2021\/11\/guzman.jpg?resize=525%2C300 1.5x"},"classes":[]},{"id":116244,"url":"https:\/\/www.24baires.com\/?p=116244","url_meta":{"origin":116438,"position":4},"title":"Guzman present\u00f3 el presupuesto 2021","author":"GB","date":"16\/09\/2020","format":false,"excerpt":"El proyecto prev\u00e9 para esta a\u00f1o una ca\u00edda del PBI del 13,6% que se recuperar\u00eda a partir del a\u00f1o que viene con un crecimiento de mas de 5 puntos. Adem\u00e1s incluye por primera vez una perspectiva de g\u00e9nero El ministro de Econom\u00eda, Mart\u00edn Guzmanm present\u00f3 el proyecto de Presupuesto 2021,\u2026","rel":"","context":"En \u00abEconom\u00eda\u00bb","block_context":{"text":"Econom\u00eda","link":"https:\/\/www.24baires.com\/?cat=45"},"img":{"alt_text":"","src":"https:\/\/i0.wp.com\/www.24baires.com\/wp-content\/uploads\/2020\/05\/guzman-1.jpg?resize=350%2C200","width":350,"height":200,"srcset":"https:\/\/i0.wp.com\/www.24baires.com\/wp-content\/uploads\/2020\/05\/guzman-1.jpg?resize=350%2C200 1x, https:\/\/i0.wp.com\/www.24baires.com\/wp-content\/uploads\/2020\/05\/guzman-1.jpg?resize=525%2C300 1.5x"},"classes":[]},{"id":102598,"url":"https:\/\/www.24baires.com\/?p=102598","url_meta":{"origin":116438,"position":5},"title":"Sturzenegger reconoci\u00f3 que ya no hay meta de inflaci\u00f3n para este a\u00f1o","author":"AF","date":"07\/06\/2018","format":false,"excerpt":"El titular del Banco Central reconoci\u00f3 que ya no existe meta de inflaci\u00f3n para este a\u00f1o y adelant\u00f3 los objetivos planteados para los pr\u00f3ximos tres: 17% en 2019, 13% en 2020 y 9% en 2021. El ministro de Hacienda de la Naci\u00f3n, Nicol\u00e1s Dujovne y el titular del Banco Central\u2026","rel":"","context":"En \u00abEconom\u00eda\u00bb","block_context":{"text":"Econom\u00eda","link":"https:\/\/www.24baires.com\/?cat=45"},"img":{"alt_text":"","src":"https:\/\/i0.wp.com\/www.24baires.com\/wp-content\/uploads\/2016\/12\/dujovne.jpg?resize=350%2C200","width":350,"height":200,"srcset":"https:\/\/i0.wp.com\/www.24baires.com\/wp-content\/uploads\/2016\/12\/dujovne.jpg?resize=350%2C200 1x, https:\/\/i0.wp.com\/www.24baires.com\/wp-content\/uploads\/2016\/12\/dujovne.jpg?resize=525%2C300 1.5x"},"classes":[]}],"jetpack_sharing_enabled":true,"jetpack_likes_enabled":true,"_links":{"self":[{"href":"https:\/\/www.24baires.com\/index.php?rest_route=\/wp\/v2\/posts\/116438","targetHints":{"allow":["GET"]}}],"collection":[{"href":"https:\/\/www.24baires.com\/index.php?rest_route=\/wp\/v2\/posts"}],"about":[{"href":"https:\/\/www.24baires.com\/index.php?rest_route=\/wp\/v2\/types\/post"}],"author":[{"embeddable":true,"href":"https:\/\/www.24baires.com\/index.php?rest_route=\/wp\/v2\/users\/4"}],"replies":[{"embeddable":true,"href":"https:\/\/www.24baires.com\/index.php?rest_route=%2Fwp%2Fv2%2Fcomments&post=116438"}],"version-history":[{"count":1,"href":"https:\/\/www.24baires.com\/index.php?rest_route=\/wp\/v2\/posts\/116438\/revisions"}],"predecessor-version":[{"id":116439,"href":"https:\/\/www.24baires.com\/index.php?rest_route=\/wp\/v2\/posts\/116438\/revisions\/116439"}],"wp:attachment":[{"href":"https:\/\/www.24baires.com\/index.php?rest_route=%2Fwp%2Fv2%2Fmedia&parent=116438"}],"wp:term":[{"taxonomy":"category","embeddable":true,"href":"https:\/\/www.24baires.com\/index.php?rest_route=%2Fwp%2Fv2%2Fcategories&post=116438"},{"taxonomy":"post_tag","embeddable":true,"href":"https:\/\/www.24baires.com\/index.php?rest_route=%2Fwp%2Fv2%2Ftags&post=116438"}],"curies":[{"name":"wp","href":"https:\/\/api.w.org\/{rel}","templated":true}]}}