{"id":116415,"date":"2020-10-07T11:07:48","date_gmt":"2020-10-07T14:07:48","guid":{"rendered":"http:\/\/www.24baires.com\/?p=116415"},"modified":"2020-10-07T10:09:43","modified_gmt":"2020-10-07T13:09:43","slug":"fijan-nuevos-precios-maximos-con-aumentos-hasta-6","status":"publish","type":"post","link":"https:\/\/www.24baires.com\/?p=116415","title":{"rendered":"Fijan nuevos precios m\u00e1ximos con aumentos hasta 6%"},"content":{"rendered":"<p><img data-recalc-dims=\"1\" loading=\"lazy\" decoding=\"async\" src=\"https:\/\/i0.wp.com\/www.24baires.com\/wp-content\/uploads\/2020\/04\/supermercado.jpg?resize=560%2C373\" alt=\"\" width=\"560\" height=\"373\" class=\"aligncenter size-full wp-image-114714\" srcset=\"https:\/\/i0.wp.com\/www.24baires.com\/wp-content\/uploads\/2020\/04\/supermercado.jpg?w=560&amp;ssl=1 560w, https:\/\/i0.wp.com\/www.24baires.com\/wp-content\/uploads\/2020\/04\/supermercado.jpg?resize=300%2C200&amp;ssl=1 300w\" sizes=\"auto, (max-width: 560px) 100vw, 560px\" \/>La Secretar\u00eda de Comercio Interior fij\u00f3 nuevos precios m\u00e1ximos para 18 categor\u00edas de productos, con un aumento de entre 2% y 6%, a trav\u00e9s de la Disposici\u00f3n 14\/20920 de la Subsecretar\u00eda de Acciones para la Defensa de las y los Consumidores, publicada hoy en el Bolet\u00edn Oficial.<!--more--><\/p>\n<p>La norma determin\u00f3 \u201cnuevos precios m\u00e1ximos\u201d para distintas categor\u00edas de productos, \u201clos cuales tendr\u00e1n la variaci\u00f3n porcentual m\u00e1xima que se establece\u201d.<\/p>\n<p>La normativa habilita aumentos del 2% para dulces y endulzantes; leches y sus derivados; aceites que no sean de girasol; sopas, caldos, pur\u00e9, aderezos, condimentos y snacks.<\/p>\n<p>Tambi\u00e9n permite incrementos del 3% para alimentos congelados; bebidas; conservas, chacinados y encurtidos; art\u00edculos de limpieza del hogar, cocina y bazar; papeles higi\u00e9nicos y de cocina; harinas que no sean de trigo, fideos, galletitas y panificados.<\/p>\n<p>Adem\u00e1s, autoriza subas del 4% en alimentos para mascotas; arroz y legumbres; art\u00edculos de cuidado personal; infusiones; del 5% en el aceite de girasol y harina de trigo; y del 6% en vinos, espumantes, jugos puros de frutas y yerba.<\/p>\n<p>La disposici\u00f3n indica adem\u00e1s que \u201clos precios de los productos que integran las categor\u00edas mencionadas se fijar\u00e1n de conformidad con el porcentaje m\u00e1ximo de incremento autorizado en dicho art\u00edculo, aplicado sobre los precios vigentes al 14 de julio \u00faltimo\u201d.<\/p>\n","protected":false},"excerpt":{"rendered":"<p>La Secretar\u00eda de Comercio Interior fij\u00f3 nuevos precios m\u00e1ximos para 18 categor\u00edas de productos, con un aumento de entre 2% y 6%, a trav\u00e9s de la Disposici\u00f3n 14\/20920 de la Subsecretar\u00eda de Acciones para la Defensa de las y los Consumidores, publicada hoy en el Bolet\u00edn Oficial.<\/p>\n","protected":false},"author":8,"featured_media":0,"comment_status":"open","ping_status":"open","sticky":false,"template":"","format":"standard","meta":{"_jetpack_newsletter_access":"","_jetpack_dont_email_post_to_subs":false,"_jetpack_newsletter_tier_id":0,"_jetpack_memberships_contains_paywalled_content":false,"_jetpack_memberships_contains_paid_content":false,"footnotes":""},"categories":[45],"tags":[],"class_list":["post-116415","post","type-post","status-publish","format-standard","hentry","category-economia"],"jetpack_featured_media_url":"","jetpack_shortlink":"https:\/\/wp.me\/p2JWE0-uhF","jetpack-related-posts":[{"id":115632,"url":"https:\/\/www.24baires.com\/?p=115632","url_meta":{"origin":116415,"position":0},"title":"El Gobierno actualiz\u00f3 Precios M\u00e1ximos y Cuidados con aumentos de hasta 5%","author":"GB","date":"15\/07\/2020","format":false,"excerpt":"La medida se implementa a trav\u00e9s de la Secretar\u00eda de Comercio Interior que conduce Paula Espa\u00f1ol. El Gobierno nacional habilit\u00f3 la actualizaci\u00f3n de precios para los productos incluidos tanto en los programas Precios M\u00e1ximos y Cuidados. De esta manera, autoriz\u00f3 aumentos de hasta 5% promedio ante el incremento de costos\u2026","rel":"","context":"En \u00abEconom\u00eda\u00bb","block_context":{"text":"Econom\u00eda","link":"https:\/\/www.24baires.com\/?cat=45"},"img":{"alt_text":"","src":"https:\/\/i0.wp.com\/www.24baires.com\/wp-content\/uploads\/2018\/08\/supermercado.jpg?resize=350%2C200","width":350,"height":200,"srcset":"https:\/\/i0.wp.com\/www.24baires.com\/wp-content\/uploads\/2018\/08\/supermercado.jpg?resize=350%2C200 1x, https:\/\/i0.wp.com\/www.24baires.com\/wp-content\/uploads\/2018\/08\/supermercado.jpg?resize=525%2C300 1.5x"},"classes":[]},{"id":117576,"url":"https:\/\/www.24baires.com\/?p=117576","url_meta":{"origin":116415,"position":1},"title":"El Gobierno prorrog\u00f3 Precios M\u00e1ximos hasta el 8 de junio","author":"AF","date":"14\/05\/2021","format":false,"excerpt":"La nueva lista de Precios M\u00e1ximos incluir\u00e1 s\u00f3lo productos de la Canasta B\u00e1sica y salen de ella m\u00e1s de 30 categor\u00edas. La Secretaria de Comercio Interior resolvi\u00f3 a trav\u00e9s de la resoluci\u00f3n 489\/21 prorrogar el programa \"Precios M\u00e1ximos\" hasta el 8 de junio. La nueva lista solo incluir\u00e1 productos de\u2026","rel":"","context":"En \u00abEconom\u00eda\u00bb","block_context":{"text":"Econom\u00eda","link":"https:\/\/www.24baires.com\/?cat=45"},"img":{"alt_text":"","src":"https:\/\/i0.wp.com\/www.24baires.com\/wp-content\/uploads\/2020\/04\/supermercado.jpg?resize=350%2C200","width":350,"height":200,"srcset":"https:\/\/i0.wp.com\/www.24baires.com\/wp-content\/uploads\/2020\/04\/supermercado.jpg?resize=350%2C200 1x, https:\/\/i0.wp.com\/www.24baires.com\/wp-content\/uploads\/2020\/04\/supermercado.jpg?resize=525%2C300 1.5x"},"classes":[]},{"id":118426,"url":"https:\/\/www.24baires.com\/?p=118426","url_meta":{"origin":116415,"position":2},"title":"Vuelve Precios Cuidados","author":"GB","date":"07\/01\/2022","format":false,"excerpt":"Este viernes termina el congelamiento de precios y el Gobierno negocia con 100 empresas el relanzamiento del programa Precios Cuidados. El congelamiento de precios de consumo masivo termina este viernes, por lo que el Gobierno continuar\u00e1 con pol\u00edticas de regulaci\u00f3n, en l\u00ednea con el acuerdo de precios y salarios que\u2026","rel":"","context":"En \u00abEconom\u00eda\u00bb","block_context":{"text":"Econom\u00eda","link":"https:\/\/www.24baires.com\/?cat=45"},"img":{"alt_text":"","src":"https:\/\/i0.wp.com\/www.24baires.com\/wp-content\/uploads\/2018\/09\/precios-cuidados.jpg?resize=350%2C200","width":350,"height":200,"srcset":"https:\/\/i0.wp.com\/www.24baires.com\/wp-content\/uploads\/2018\/09\/precios-cuidados.jpg?resize=350%2C200 1x, https:\/\/i0.wp.com\/www.24baires.com\/wp-content\/uploads\/2018\/09\/precios-cuidados.jpg?resize=525%2C300 1.5x"},"classes":[]},{"id":118215,"url":"https:\/\/www.24baires.com\/?p=118215","url_meta":{"origin":116415,"position":3},"title":"Aument\u00f3 el cumplimiento del programa de precios m\u00e1ximos","author":"GB","date":"03\/11\/2021","format":false,"excerpt":"Un nuevo relevamiento de la Defensor\u00eda mostr\u00f3 que aument\u00f3 un 5% el n\u00famero de establecimientos que respetan el programa de precios m\u00e1ximos lanzado por el gobierno. La Defensor\u00eda del Pueblo bonaerense detect\u00f3 en la segunda semana de monitoreo que creci\u00f3 el n\u00famero de comercios que cumplen con el programa Precios\u2026","rel":"","context":"En \u00abConsumidores\u00bb","block_context":{"text":"Consumidores","link":"https:\/\/www.24baires.com\/?cat=78"},"img":{"alt_text":"","src":"https:\/\/i0.wp.com\/www.24baires.com\/wp-content\/uploads\/2021\/11\/1635340507169.jpg?resize=350%2C200","width":350,"height":200,"srcset":"https:\/\/i0.wp.com\/www.24baires.com\/wp-content\/uploads\/2021\/11\/1635340507169.jpg?resize=350%2C200 1x, https:\/\/i0.wp.com\/www.24baires.com\/wp-content\/uploads\/2021\/11\/1635340507169.jpg?resize=525%2C300 1.5x"},"classes":[]},{"id":114642,"url":"https:\/\/www.24baires.com\/?p=114642","url_meta":{"origin":116415,"position":4},"title":"Arroyo ech\u00f3 al funcionario que autoriz\u00f3 la compra pol\u00e9mica","author":"AF","date":"07\/04\/2020","format":false,"excerpt":"El ministro de Desarrollo Social, Daniel Arroyo, pidi\u00f3 la renuncia al secretario de Articulaci\u00f3n de Pol\u00edticas Sociales, Gonzalo Calvo. Fuentes del Ministerio confirmaron a T\u00e9lam que Arroyo le pidi\u00f3 la renuncia al secretario de Articulaci\u00f3n de Pol\u00edtica Social, Gonzalo Calvo, porque fue \u00e9l quien autoriz\u00f3 la compra de az\u00facar y\u2026","rel":"","context":"En \u00abProvincia\u00bb","block_context":{"text":"Provincia","link":"https:\/\/www.24baires.com\/?cat=40"},"img":{"alt_text":"","src":"https:\/\/i0.wp.com\/www.24baires.com\/wp-content\/uploads\/2020\/04\/0037485539.jpg?resize=350%2C200","width":350,"height":200},"classes":[]},{"id":78401,"url":"https:\/\/www.24baires.com\/?p=78401","url_meta":{"origin":116415,"position":5},"title":"Empiezan a regir los aumentos en electricidad","author":"GB","date":"01\/02\/2016","format":false,"excerpt":"Se public\u00f3 oficialmente la quita de subsidios a las tarifas de electricidad y habr\u00e1 un aumento de m\u00e1s del 500%. Los usuarios estar\u00e1n divididos en 7 categor\u00edas y ya se puede chequear qui\u00e9nes est\u00e1n inclu\u00eddos dentro de la tarifa social en la p\u00e1gina de Edesur. El Gobierno public\u00f3 hoy en\u2026","rel":"","context":"En \u00abPol\u00edtica\u00bb","block_context":{"text":"Pol\u00edtica","link":"https:\/\/www.24baires.com\/?cat=51"},"img":{"alt_text":"","src":"","width":0,"height":0},"classes":[]}],"jetpack_sharing_enabled":true,"jetpack_likes_enabled":true,"_links":{"self":[{"href":"https:\/\/www.24baires.com\/index.php?rest_route=\/wp\/v2\/posts\/116415","targetHints":{"allow":["GET"]}}],"collection":[{"href":"https:\/\/www.24baires.com\/index.php?rest_route=\/wp\/v2\/posts"}],"about":[{"href":"https:\/\/www.24baires.com\/index.php?rest_route=\/wp\/v2\/types\/post"}],"author":[{"embeddable":true,"href":"https:\/\/www.24baires.com\/index.php?rest_route=\/wp\/v2\/users\/8"}],"replies":[{"embeddable":true,"href":"https:\/\/www.24baires.com\/index.php?rest_route=%2Fwp%2Fv2%2Fcomments&post=116415"}],"version-history":[{"count":1,"href":"https:\/\/www.24baires.com\/index.php?rest_route=\/wp\/v2\/posts\/116415\/revisions"}],"predecessor-version":[{"id":116416,"href":"https:\/\/www.24baires.com\/index.php?rest_route=\/wp\/v2\/posts\/116415\/revisions\/116416"}],"wp:attachment":[{"href":"https:\/\/www.24baires.com\/index.php?rest_route=%2Fwp%2Fv2%2Fmedia&parent=116415"}],"wp:term":[{"taxonomy":"category","embeddable":true,"href":"https:\/\/www.24baires.com\/index.php?rest_route=%2Fwp%2Fv2%2Fcategories&post=116415"},{"taxonomy":"post_tag","embeddable":true,"href":"https:\/\/www.24baires.com\/index.php?rest_route=%2Fwp%2Fv2%2Ftags&post=116415"}],"curies":[{"name":"wp","href":"https:\/\/api.w.org\/{rel}","templated":true}]}}