{"id":1164,"date":"2012-10-06T09:36:44","date_gmt":"2012-10-06T12:36:44","guid":{"rendered":"http:\/\/www.24baires.com\/?p=1164"},"modified":"2012-10-06T09:46:09","modified_gmt":"2012-10-06T12:46:09","slug":"aumentan-controles-en-rutas-por-el-fin-de-semana-largo","status":"publish","type":"post","link":"https:\/\/www.24baires.com\/?p=1164","title":{"rendered":"Aumentan controles en rutas por el fin de semana largo"},"content":{"rendered":"<p><img data-recalc-dims=\"1\" loading=\"lazy\" decoding=\"async\" class=\"alignleft size-medium wp-image-1165\" title=\"alcoholemia\" src=\"https:\/\/i0.wp.com\/www.24baires.com\/wp-content\/uploads\/2012\/10\/alcoholemia.jpg?resize=300%2C198\" alt=\"\" width=\"300\" height=\"198\" srcset=\"https:\/\/i0.wp.com\/www.24baires.com\/wp-content\/uploads\/2012\/10\/alcoholemia.jpg?resize=300%2C198&amp;ssl=1 300w, https:\/\/i0.wp.com\/www.24baires.com\/wp-content\/uploads\/2012\/10\/alcoholemia.jpg?w=560&amp;ssl=1 560w\" sizes=\"auto, (max-width: 300px) 100vw, 300px\" \/>A partir de hoy viernes y durante el fin de semana largo, el ministerio de Salud bonaerense realizar\u00e1 controles de alcoholemia y fiscalizaci\u00f3n de alimentos en las principales terminales y rutas de la Provincia, debido al esperado incremento de micros y autom\u00f3viles en circulaci\u00f3n durante estos d\u00edas.<!--more--><\/p>\n<p>Seg\u00fan se inform\u00f3 oficialmente, los controles ser\u00e1n realizados por las subsecretar\u00edas de Atenci\u00f3n a las Adicciones y de Control Sanitario y forman parte de un operativo en conjunto entre distintas \u00e1reas del gobierno de la provincia de Buenos Aires, como la direcci\u00f3n provincial de Pol\u00edtica y Seguridad Vial, los ministerios de Trabajo, Salud, Seguridad y Econom\u00eda.<\/p>\n<p>A partir de hoy y hasta el lunes inclusive, las inspecciones de Salud consistir\u00e1n en el control del ingreso y egreso de los micros en la terminal de La Plata, donde se realizar\u00e1 el estudio de alcoholemia a los conductores. Tambi\u00e9n habr\u00e1 puestos en distintos puntos de las rutas para los conductores de autom\u00f3viles y micros.<\/p>\n<p>\u201cPara nosotros realizar controles de alcoholemia es una de las principales medidas de atenci\u00f3n primaria de la salud, porque estamos cuidando la vida de los ciudadanos\u201d, afirm\u00f3 el ministro Alejandro Collia.<\/p>\n<p>Adem\u00e1s se realizar\u00e1 el control de los alimentos que los micros de larga distancia llevan para los pasajeros. Los inspectores de Salud corroboran que los alimentos y el agua de los micros respeten las normas de calidad alimentaria y repartir\u00e1n folletos de prevenci\u00f3n de enfermedades trasmitidas por alimentos a los pasajeros. Los controles de alcoholemia y alimentos se har\u00e1n en la ruta 2 y la autopista Buenos Aires-La Plata.<\/p>\n<p>Los controles son parte de un operativo de inspecciones coordinadas entre diversos organismos que se efect\u00faan en el marco del fin de semana largo y tienen como objetivo profundizar la actividad de contralor en los diferentes rubros, con el prop\u00f3sito de constatar el parque m\u00f3vil habilitado, las tarifas, los horarios y recorridos; como as\u00ed tambi\u00e9n los excesos de peso en las cargas, el estado de los alimentos perecederos, controles de alcoholemia y las condiciones de los choferes.<\/p>\n","protected":false},"excerpt":{"rendered":"<p>A partir de hoy viernes y durante el fin de semana largo, el ministerio de Salud bonaerense realizar\u00e1 controles de alcoholemia y fiscalizaci\u00f3n de alimentos en las principales terminales y rutas de la Provincia, debido al esperado incremento de micros y autom\u00f3viles en circulaci\u00f3n durante estos d\u00edas.<\/p>\n","protected":false},"author":4,"featured_media":0,"comment_status":"open","ping_status":"open","sticky":false,"template":"","format":"standard","meta":{"_jetpack_newsletter_access":"","_jetpack_dont_email_post_to_subs":false,"_jetpack_newsletter_tier_id":0,"_jetpack_memberships_contains_paywalled_content":false,"_jetpack_memberships_contains_paid_content":false,"footnotes":""},"categories":[1],"tags":[],"class_list":["post-1164","post","type-post","status-publish","format-standard","hentry","category-sociedad"],"jetpack_featured_media_url":"","jetpack_shortlink":"https:\/\/wp.me\/p2JWE0-iM","jetpack-related-posts":[{"id":1594,"url":"https:\/\/www.24baires.com\/?p=1594","url_meta":{"origin":1164,"position":0},"title":"Irregularidades en m\u00e1s del 17% de los \u00f3mnibus en el fin de semana largo","author":"AF","date":"10\/10\/2012","format":false,"excerpt":"El ministerio de Trabajo infraccion\u00f3 al 17,16 por ciento de los \u00f3mnibus de larga distancia inspeccionados en las principales terminales de micros de la Provincia, como resultado del operativo que se llev\u00f3 a cabo durante el \u00faltimo fin de semana largo. Esta cifra surge a partir de la realizaci\u00f3n de\u2026","rel":"","context":"En \u00abProvincia\u00bb","block_context":{"text":"Provincia","link":"https:\/\/www.24baires.com\/?cat=40"},"img":{"alt_text":"","src":"https:\/\/i0.wp.com\/www.24baires.com\/wp-content\/uploads\/2012\/10\/inspeccionbus-300x224.jpg?resize=350%2C200","width":350,"height":200},"classes":[]},{"id":55420,"url":"https:\/\/www.24baires.com\/?p=55420","url_meta":{"origin":1164,"position":1},"title":"Detectaron infracciones en el 21% de los micros inspeccionados en Provincia","author":"AF","date":"15\/10\/2014","format":false,"excerpt":"El 21 por ciento de los micros inspeccionados en las principales terminales bonaerenses durante el \u00faltimo fin de semana largo fueron infraccionados por diversas irregularidades, entre ellas, falta de descanso de choferes. Los inspectores del Ministerio de Trabajo bonaerense realizaron 482 relevamientos entre las que detectaron 101 infracciones (21 por\u2026","rel":"","context":"En \u00abSociedad\u00bb","block_context":{"text":"Sociedad","link":"https:\/\/www.24baires.com\/?cat=1"},"img":{"alt_text":"micros","src":"https:\/\/i0.wp.com\/www.24baires.com\/wp-content\/uploads\/2014\/01\/micros.jpg?resize=350%2C200","width":350,"height":200,"srcset":"https:\/\/i0.wp.com\/www.24baires.com\/wp-content\/uploads\/2014\/01\/micros.jpg?resize=350%2C200 1x, https:\/\/i0.wp.com\/www.24baires.com\/wp-content\/uploads\/2014\/01\/micros.jpg?resize=525%2C300 1.5x"},"classes":[]},{"id":28167,"url":"https:\/\/www.24baires.com\/?p=28167","url_meta":{"origin":1164,"position":2},"title":"Gran movimiento de turistas hacia destinos bonaerenses","author":"AF","date":"13\/07\/2013","format":false,"excerpt":"Una gran cantidad de veh\u00edculos se registraron dirigi\u00e9ndose hacia los principales destinos del territorio bonaerense. Asimismo, se estima que alrededor de 13 millones de personas se movilizar\u00e1n por todo el pa\u00eds. La Costa Atl\u00e1ntica bonaerense y tambi\u00e9n hacia destinos serranos son algunos de los puntos m\u00e1s elegidos por los turistas\u2026","rel":"","context":"En \u00abSociedad\u00bb","block_context":{"text":"Sociedad","link":"https:\/\/www.24baires.com\/?cat=1"},"img":{"alt_text":"ruta a mar del plata","src":"https:\/\/i0.wp.com\/www.24baires.com\/wp-content\/uploads\/2013\/07\/ruta-a-mar-del-plata.jpg?resize=350%2C200","width":350,"height":200,"srcset":"https:\/\/i0.wp.com\/www.24baires.com\/wp-content\/uploads\/2013\/07\/ruta-a-mar-del-plata.jpg?resize=350%2C200 1x, https:\/\/i0.wp.com\/www.24baires.com\/wp-content\/uploads\/2013\/07\/ruta-a-mar-del-plata.jpg?resize=525%2C300 1.5x"},"classes":[]},{"id":28093,"url":"https:\/\/www.24baires.com\/?p=28093","url_meta":{"origin":1164,"position":3},"title":"Miles de micros salen de Retiro en el inicio de las vacaciones de invierno","author":"AF","date":"12\/07\/2013","format":false,"excerpt":"Un total de 7.300 micros de larga distancia partir\u00e1n desde la estaci\u00f3n Terminal de Retiro durante este fin de semana, en el inicio de las vacaciones de invierno en la Ciudad de Buenos Aires. La Comisi\u00f3n Nacional de Regulaci\u00f3n de Transporte (CNRT) precis\u00f3 que est\u00e1 prevista la partida desde hoy\u2026","rel":"","context":"En \u00abSociedad\u00bb","block_context":{"text":"Sociedad","link":"https:\/\/www.24baires.com\/?cat=1"},"img":{"alt_text":"","src":"","width":0,"height":0},"classes":[]},{"id":60229,"url":"https:\/\/www.24baires.com\/?p=60229","url_meta":{"origin":1164,"position":4},"title":"Detectan tres infracciones cada dos horas en micros de larga distancia","author":"Grupo Sierra","date":"16\/01\/2015","format":false,"excerpt":"El Ministerio del Interior y Transporte, encabezado por Florencio Randazzo, encomend\u00f3 a la Comisi\u00f3n Nacional de Regulaci\u00f3n del Transporte (CNRT), realizar operativos de fiscalizaci\u00f3n del transporte automotor en diversos lugares del pa\u00eds, especialmente en aquellos puntos de inter\u00e9s tur\u00edstico, en el marco del \"Operativo Verano 2015\". En este sentido, la\u2026","rel":"","context":"En \u00abSociedad\u00bb","block_context":{"text":"Sociedad","link":"https:\/\/www.24baires.com\/?cat=1"},"img":{"alt_text":"micros","src":"https:\/\/i0.wp.com\/www.24baires.com\/wp-content\/uploads\/2014\/01\/micros.jpg?resize=350%2C200","width":350,"height":200,"srcset":"https:\/\/i0.wp.com\/www.24baires.com\/wp-content\/uploads\/2014\/01\/micros.jpg?resize=350%2C200 1x, https:\/\/i0.wp.com\/www.24baires.com\/wp-content\/uploads\/2014\/01\/micros.jpg?resize=525%2C300 1.5x"},"classes":[]},{"id":61704,"url":"https:\/\/www.24baires.com\/?p=61704","url_meta":{"origin":1164,"position":5},"title":"La Provincia realizar\u00e1 controles en rutas durante el pr\u00f3ximo fin de semana largo","author":"AF","date":"13\/02\/2015","format":false,"excerpt":"Habr\u00e1 fiscalizaci\u00f3n de veh\u00edculos, restricci\u00f3n de circulaci\u00f3n de camiones, control de cargas y de velocidad a trav\u00e9s de radares, adem\u00e1s de operativos en las principales terminales de \u00f3mnibus. El gobierno de la Provincia intensific\u00f3 los controles viales para el pr\u00f3ximo fin de semana largo de Carnaval en donde circular\u00e1n millones\u2026","rel":"","context":"En \u00abSociedad\u00bb","block_context":{"text":"Sociedad","link":"https:\/\/www.24baires.com\/?cat=1"},"img":{"alt_text":"control ruta","src":"https:\/\/i0.wp.com\/www.24baires.com\/wp-content\/uploads\/2013\/01\/control-ruta.jpg?resize=350%2C200","width":350,"height":200},"classes":[]}],"jetpack_sharing_enabled":true,"jetpack_likes_enabled":true,"_links":{"self":[{"href":"https:\/\/www.24baires.com\/index.php?rest_route=\/wp\/v2\/posts\/1164","targetHints":{"allow":["GET"]}}],"collection":[{"href":"https:\/\/www.24baires.com\/index.php?rest_route=\/wp\/v2\/posts"}],"about":[{"href":"https:\/\/www.24baires.com\/index.php?rest_route=\/wp\/v2\/types\/post"}],"author":[{"embeddable":true,"href":"https:\/\/www.24baires.com\/index.php?rest_route=\/wp\/v2\/users\/4"}],"replies":[{"embeddable":true,"href":"https:\/\/www.24baires.com\/index.php?rest_route=%2Fwp%2Fv2%2Fcomments&post=1164"}],"version-history":[{"count":0,"href":"https:\/\/www.24baires.com\/index.php?rest_route=\/wp\/v2\/posts\/1164\/revisions"}],"wp:attachment":[{"href":"https:\/\/www.24baires.com\/index.php?rest_route=%2Fwp%2Fv2%2Fmedia&parent=1164"}],"wp:term":[{"taxonomy":"category","embeddable":true,"href":"https:\/\/www.24baires.com\/index.php?rest_route=%2Fwp%2Fv2%2Fcategories&post=1164"},{"taxonomy":"post_tag","embeddable":true,"href":"https:\/\/www.24baires.com\/index.php?rest_route=%2Fwp%2Fv2%2Ftags&post=1164"}],"curies":[{"name":"wp","href":"https:\/\/api.w.org\/{rel}","templated":true}]}}