{"id":116379,"date":"2020-10-02T12:21:14","date_gmt":"2020-10-02T15:21:14","guid":{"rendered":"http:\/\/www.24baires.com\/?p=116379"},"modified":"2020-10-02T11:24:14","modified_gmt":"2020-10-02T14:24:14","slug":"la-autopsia-confirmo-que-facundo-murio-ahogado","status":"publish","type":"post","link":"https:\/\/www.24baires.com\/?p=116379","title":{"rendered":"La autopsia confirm\u00f3 que Facundo muri\u00f3 ahogado"},"content":{"rendered":"<p><img data-recalc-dims=\"1\" loading=\"lazy\" decoding=\"async\" src=\"https:\/\/i0.wp.com\/www.24baires.com\/wp-content\/uploads\/2020\/08\/facundo-astudillo.jpg?resize=560%2C349\" alt=\"\" width=\"560\" height=\"349\" class=\"aligncenter size-full wp-image-115829\" srcset=\"https:\/\/i0.wp.com\/www.24baires.com\/wp-content\/uploads\/2020\/08\/facundo-astudillo.jpg?w=560&amp;ssl=1 560w, https:\/\/i0.wp.com\/www.24baires.com\/wp-content\/uploads\/2020\/08\/facundo-astudillo.jpg?resize=300%2C187&amp;ssl=1 300w\" sizes=\"auto, (max-width: 560px) 100vw, 560px\" \/>El informe indica adem\u00e1s que el joven muri\u00f3 en el lugar en el que se encontr\u00f3 el cuerpo y no presentaba se\u00f1ales de lesiones previas.<br \/>\n<!--more--><\/p>\n<p>Este jueves ser presentaron los resultados finales de la autopsia realizada al cuerpo de Facundo Astudillo Castro, el joven de 22 a\u00f1os que desapareci\u00f3 a finales de abril y que fue encontrado sin vida a mediados de agosto en un cangrejal cercano a la localidad de Pedro Luro, desde d\u00f3nde hab\u00f3ia partido con destino a Bah\u00eda Balnca.<\/p>\n<p>Seg\u00fan los datos del informe, el joven muri\u00f3 ahogado en el mismo lugar en el que fue encontrado y su cad\u00e1ver carece de lesiones traum\u00e1ticas, aunque no se pudo determinar la participaci\u00f3n de terceros ni concluir si fue un hecho \u00absuicida, homicida u accidental\u00bb.<\/p>\n<p>El fallecimiento \u00abse produjo por asfixia por sumersi\u00f3n (ahogamiento)\u00bb y \u00abse trat\u00f3 de una muerte violenta, por no ser natural. El avanzado estado de esqueletizaci\u00f3n del cad\u00e1ver limit\u00f3 las posibilidades de conocer el modo de la muerte, no pudiendo la ciencia forense determinar con rigor cient\u00edfico si se trat\u00f3 de uno u otro modo de muerte violenta: suicida, homicida o accidental\u00bb.<\/p>\n<p>Adem\u00e1s, estableci\u00f3 que la muerte se produjo en un plazo \u00abno menor a los 30 d\u00edas\u00bb anteriores al hallazgo de los restos y que no surgieron elementos que permitan suponer que el cuerpo haya estado en otro lugar distintos al del hallazgo.<\/p>\n<p>El resultado de la autopsia fue presentado hoy por los peritos a la jueza federal 2 de Bah\u00eda Blanca, Mar\u00eda Gabriela Marr\u00f3n en la sede del Equipo Argentino de Antropolog\u00eda Forense (EAAF), en la ex ESMA, en el barrio porte\u00f1o de N\u00fa\u00f1ez, y luego fue notificado a la madre de Facundo, Cristina Castro.<\/p>\n<p>En el encuentro, tambi\u00e9n estuvo el fiscal Horacio Azzolin (Ufeci) y los 15 peritos que participaron de la operaci\u00f3n de autopsia.<\/p>\n<p>Respecto a la causa de la muerte, el informe revel\u00f3 que Facundo muri\u00f3 por ahogamiento y aclara que \u00abla sumersi\u00f3n (mecanismo asf\u00edctico) es la causa de muerte por obstrucci\u00f3n de la v\u00eda a\u00e9rea por el ingreso de l\u00edquidos durante el proceso de respiraci\u00f3n bajo el agua, generando el ahogamiento (asfixia mec\u00e1nica)\u00bb.<\/p>\n<p>Adem\u00e1s, estableci\u00f3 que, de acuerdo a las diatomeas halladas en la m\u00e9dula \u00f3sea, que son coincidentes a \u00ablas recuperadas en las muestras de agua y de sedimentos\u00bb, \u00abes altamente indicativo\u00bb de que el lugar de la muerte es donde fue hallado el cad\u00e1ver.<\/p>\n<p>En tanto, los peritos determinaron que \u00ablos restos \u00f3seos estudiados no presentaban lesiones vitales, de origen traum\u00e1tico, ni otras antemortem (previas a la muerte)\u00bb, y determinaron que \u00abno se evidenciaron estructuras de densidad met\u00e1lica, similares a elementos que puedan corresponderse con aquellos que producen injurias o lesiones (como por ejemplo proyectiles de arma de fuego, segmentos de arma blanca, entre otros)\u00bb.<\/p>\n<p>El informe indica que, en el an\u00e1lisis de los restos, \u00abno se observaron signos de participaci\u00f3n de terceras personas\u00bb y agrega que \u00abtodas las lesiones y p\u00e9rdida de algunas piezas dentales son postmortem (posteriores a la muerte), producto de depredadores y exposici\u00f3n medioambiental\u00bb (Telam).<\/p>\n","protected":false},"excerpt":{"rendered":"<p>El informe indica adem\u00e1s que el joven muri\u00f3 en el lugar en el que se encontr\u00f3 el cuerpo y no presentaba se\u00f1ales de lesiones previas.<\/p>\n","protected":false},"author":8,"featured_media":0,"comment_status":"open","ping_status":"open","sticky":false,"template":"","format":"standard","meta":{"_jetpack_newsletter_access":"","_jetpack_dont_email_post_to_subs":false,"_jetpack_newsletter_tier_id":0,"_jetpack_memberships_contains_paywalled_content":false,"_jetpack_memberships_contains_paid_content":false,"footnotes":""},"categories":[49],"tags":[],"class_list":["post-116379","post","type-post","status-publish","format-standard","hentry","category-policiales"],"jetpack_featured_media_url":"","jetpack_shortlink":"https:\/\/wp.me\/p2JWE0-uh5","jetpack-related-posts":[{"id":116079,"url":"https:\/\/www.24baires.com\/?p=116079","url_meta":{"origin":116379,"position":0},"title":"La madre de Facundo Castro: \u00abme dijeron que ese cuerpo muri\u00f3 por asfixia\u00bb","author":"AF","date":"26\/08\/2020","format":false,"excerpt":"\"Me dijeron que ese cuerpo muri\u00f3 por asfixia, Facu no se suicid\u00f3, Facu no se cay\u00f3 de un puente, lo mataron y la Bonaerense tiene que dar respuesta de eso\", dijo Cristina Castro, la madre del joven Facundo Astudillo Castro, desaparecido desde el 30 de abril. \"Me dijeron la posible\u2026","rel":"","context":"En \u00abSociedad\u00bb","block_context":{"text":"Sociedad","link":"https:\/\/www.24baires.com\/?cat=1"},"img":{"alt_text":"","src":"https:\/\/i0.wp.com\/www.24baires.com\/wp-content\/uploads\/2020\/08\/facundo-astudillo.jpg?resize=350%2C200","width":350,"height":200,"srcset":"https:\/\/i0.wp.com\/www.24baires.com\/wp-content\/uploads\/2020\/08\/facundo-astudillo.jpg?resize=350%2C200 1x, https:\/\/i0.wp.com\/www.24baires.com\/wp-content\/uploads\/2020\/08\/facundo-astudillo.jpg?resize=525%2C300 1.5x"},"classes":[]},{"id":98930,"url":"https:\/\/www.24baires.com\/?p=98930","url_meta":{"origin":116379,"position":1},"title":"Lleral confirm\u00f3 que Santiago muri\u00f3 ahogado","author":"GB","date":"24\/11\/2017","format":false,"excerpt":"Esta tarde estaba previsto la entrega del informe final de la autopsia sobre el cuerpo de Santiago Maldonado. Los peritos coincidieron en que muri\u00f3 ahogado, pero hay posturas encontradas en cuanto a los d\u00edas que permaneci\u00f3 sumergido. Seg\u00fan el informe final de la autopsia entregada hoy por el cuerpo de\u2026","rel":"","context":"En \u00abSociedad\u00bb","block_context":{"text":"Sociedad","link":"https:\/\/www.24baires.com\/?cat=1"},"img":{"alt_text":"","src":"https:\/\/i0.wp.com\/www.24baires.com\/wp-content\/uploads\/2017\/08\/maldonado.jpg?resize=350%2C200","width":350,"height":200,"srcset":"https:\/\/i0.wp.com\/www.24baires.com\/wp-content\/uploads\/2017\/08\/maldonado.jpg?resize=350%2C200 1x, https:\/\/i0.wp.com\/www.24baires.com\/wp-content\/uploads\/2017\/08\/maldonado.jpg?resize=525%2C300 1.5x"},"classes":[]},{"id":106455,"url":"https:\/\/www.24baires.com\/?p=106455","url_meta":{"origin":116379,"position":2},"title":"Seg\u00fan la autopsia, Carla Soggiu muri\u00f3 por \u00abasfixia mec\u00e1nica por sumersi\u00f3n\u00bb","author":"GB","date":"20\/01\/2019","format":false,"excerpt":"El cuerpo de la mujer desaparecida desde el martes pasado no presenta heridas ni golpes. Padec\u00eda hidrocefalia. Los primeros resultados de la autopsia arrojaron que Carla Soggiu muri\u00f3 por \"asfixia mec\u00e1nica por sumersi\u00f3n\", es decir, se ahog\u00f3 el martes por la noche en el Riachuelo y no sufri\u00f3 violencia. Adem\u00e1s,\u2026","rel":"","context":"En \u00abSociedad\u00bb","block_context":{"text":"Sociedad","link":"https:\/\/www.24baires.com\/?cat=1"},"img":{"alt_text":"","src":"https:\/\/i0.wp.com\/www.24baires.com\/wp-content\/uploads\/2019\/01\/desaparecida-pompeya.jpg?resize=350%2C200","width":350,"height":200,"srcset":"https:\/\/i0.wp.com\/www.24baires.com\/wp-content\/uploads\/2019\/01\/desaparecida-pompeya.jpg?resize=350%2C200 1x, https:\/\/i0.wp.com\/www.24baires.com\/wp-content\/uploads\/2019\/01\/desaparecida-pompeya.jpg?resize=525%2C300 1.5x"},"classes":[]},{"id":113852,"url":"https:\/\/www.24baires.com\/?p=113852","url_meta":{"origin":116379,"position":3},"title":"Diez rugbiers detenidos por el asesinato de un joven en Gesell","author":"AF","date":"18\/01\/2020","format":false,"excerpt":"Lleg\u00f3 al Hospital Illia con m\u00faltiples traumatismos y p\u00e9rdida de conocimiento. El hecho ocurri\u00f3 en la madrugada de este s\u00e1bado. La fiscal\u00eda a cargo del caso solicit\u00f3 la revisi\u00f3n de las c\u00e1maras de seguridad de la zona. Un joven de 19 a\u00f1os muri\u00f3 esta madrugada como consecuencia de los golpes\u2026","rel":"","context":"En \u00abLocales\u00bb","block_context":{"text":"Locales","link":"https:\/\/www.24baires.com\/?cat=38"},"img":{"alt_text":"","src":"https:\/\/i0.wp.com\/www.24baires.com\/wp-content\/uploads\/2018\/02\/hospital-villa-gesell.jpg?resize=350%2C200","width":350,"height":200,"srcset":"https:\/\/i0.wp.com\/www.24baires.com\/wp-content\/uploads\/2018\/02\/hospital-villa-gesell.jpg?resize=350%2C200 1x, https:\/\/i0.wp.com\/www.24baires.com\/wp-content\/uploads\/2018\/02\/hospital-villa-gesell.jpg?resize=525%2C300 1.5x"},"classes":[]},{"id":116069,"url":"https:\/\/www.24baires.com\/?p=116069","url_meta":{"origin":116379,"position":4},"title":"Nuevas pruebas complican a la bonaerense en el caso Facundo Astudillo","author":"GB","date":"26\/08\/2020","format":false,"excerpt":"El GPS de un patrullero permiti\u00f3 demostrar que el 8 de mayo estuvo detenido a solo 500 metros del lugar d\u00f3nde fue hallado un cuerpo esqueletizado que podr\u00eda ser el del joven desaparecido En el marco de la causa por la desaparici\u00f3n de Facundo Astudillo Castro, la justicia orden\u00f3 el\u2026","rel":"","context":"En \u00abPoliciales\u00bb","block_context":{"text":"Policiales","link":"https:\/\/www.24baires.com\/?cat=49"},"img":{"alt_text":"","src":"https:\/\/i0.wp.com\/www.24baires.com\/wp-content\/uploads\/2020\/08\/mama-facundo.jpg?resize=350%2C200","width":350,"height":200,"srcset":"https:\/\/i0.wp.com\/www.24baires.com\/wp-content\/uploads\/2020\/08\/mama-facundo.jpg?resize=350%2C200 1x, https:\/\/i0.wp.com\/www.24baires.com\/wp-content\/uploads\/2020\/08\/mama-facundo.jpg?resize=525%2C300 1.5x"},"classes":[]},{"id":116383,"url":"https:\/\/www.24baires.com\/?p=116383","url_meta":{"origin":116379,"position":5},"title":"\u00abNadie hace 120 km a dedo para suicidarse en un charco\u00bb","author":"AF","date":"02\/10\/2020","format":false,"excerpt":"Lo dijo el abogado de la familia de Facundo Astudillo Castro. \"Para nosotros la autopsia confirma la desaparici\u00f3n seguida de muerte\", agreg\u00f3. El abogado de la familia de Facundo Astudillo Castro, Luciano Peretto, se refiri\u00f3 al resultado de la autopsia realizada por el Equipo Argentino de Antropolog\u00eda Forense y que\u2026","rel":"","context":"En \u00abSociedad\u00bb","block_context":{"text":"Sociedad","link":"https:\/\/www.24baires.com\/?cat=1"},"img":{"alt_text":"","src":"https:\/\/i0.wp.com\/www.24baires.com\/wp-content\/uploads\/2020\/08\/facundo-astudillo.jpg?resize=350%2C200","width":350,"height":200,"srcset":"https:\/\/i0.wp.com\/www.24baires.com\/wp-content\/uploads\/2020\/08\/facundo-astudillo.jpg?resize=350%2C200 1x, https:\/\/i0.wp.com\/www.24baires.com\/wp-content\/uploads\/2020\/08\/facundo-astudillo.jpg?resize=525%2C300 1.5x"},"classes":[]}],"jetpack_sharing_enabled":true,"jetpack_likes_enabled":true,"_links":{"self":[{"href":"https:\/\/www.24baires.com\/index.php?rest_route=\/wp\/v2\/posts\/116379","targetHints":{"allow":["GET"]}}],"collection":[{"href":"https:\/\/www.24baires.com\/index.php?rest_route=\/wp\/v2\/posts"}],"about":[{"href":"https:\/\/www.24baires.com\/index.php?rest_route=\/wp\/v2\/types\/post"}],"author":[{"embeddable":true,"href":"https:\/\/www.24baires.com\/index.php?rest_route=\/wp\/v2\/users\/8"}],"replies":[{"embeddable":true,"href":"https:\/\/www.24baires.com\/index.php?rest_route=%2Fwp%2Fv2%2Fcomments&post=116379"}],"version-history":[{"count":1,"href":"https:\/\/www.24baires.com\/index.php?rest_route=\/wp\/v2\/posts\/116379\/revisions"}],"predecessor-version":[{"id":116380,"href":"https:\/\/www.24baires.com\/index.php?rest_route=\/wp\/v2\/posts\/116379\/revisions\/116380"}],"wp:attachment":[{"href":"https:\/\/www.24baires.com\/index.php?rest_route=%2Fwp%2Fv2%2Fmedia&parent=116379"}],"wp:term":[{"taxonomy":"category","embeddable":true,"href":"https:\/\/www.24baires.com\/index.php?rest_route=%2Fwp%2Fv2%2Fcategories&post=116379"},{"taxonomy":"post_tag","embeddable":true,"href":"https:\/\/www.24baires.com\/index.php?rest_route=%2Fwp%2Fv2%2Ftags&post=116379"}],"curies":[{"name":"wp","href":"https:\/\/api.w.org\/{rel}","templated":true}]}}