{"id":11637,"date":"2013-01-09T17:08:07","date_gmt":"2013-01-09T20:08:07","guid":{"rendered":"http:\/\/www.24baires.com\/?p=11637"},"modified":"2013-01-09T17:08:09","modified_gmt":"2013-01-09T20:08:09","slug":"predio-de-la-rural-el-gobierno-recuso-a-la-camara-civil-y-comercial","status":"publish","type":"post","link":"https:\/\/www.24baires.com\/?p=11637","title":{"rendered":"Predio de La Rural: el Gobierno recus\u00f3 a la C\u00e1mara Civil y Comercial"},"content":{"rendered":"<p>El gobierno nacional recus\u00f3 hoy a la C\u00e1mara Civil y Comercial Federal y pidi\u00f3 que la causa por la recuperaci\u00f3n del predio ferial de Palermo por parte del Estado, pase al fuero Contencioso Administrativo Federal.<!--more--><br \/>\nFuentes judiciales dijeron que, mediante su presentaci\u00f3n, la Jefatura de Gabinete recus\u00f3 a todos los miembros de la C\u00e1mara, luego de que d\u00edas atr\u00e1s su sala de feria dictara una medida cautelar en favor de la Sociedad Rural Argentina (SRA) y bloqueara el decreto presidencial 2552.<\/p>\n<p>&nbsp;<\/p>\n<p>&nbsp;<\/p>\n<p>&nbsp;<\/p>\n<p>&nbsp;<\/p>\n<p>&nbsp;<\/p>\n<p>&nbsp;<\/p>\n<p>&nbsp;<\/p>\n<p>&nbsp;<\/p>\n<p>&nbsp;<\/p>\n<p>&nbsp;<\/p>\n<p>&nbsp;<\/p>\n<p>&nbsp;<\/p>\n<p>&nbsp;<\/p>\n<p>&nbsp;<\/p>\n<p>&nbsp;<\/p>\n<p>&nbsp;<\/p>\n<p>&nbsp;<\/p>\n<p>&nbsp;<\/p>\n<p>&nbsp;<\/p>\n<p>&nbsp;<\/p>\n<p>&nbsp;<\/p>\n<p>&nbsp;<\/p>\n<p>&nbsp;<\/p>\n<p>&nbsp;<\/p>\n","protected":false},"excerpt":{"rendered":"<p>El gobierno nacional recus\u00f3 hoy a la C\u00e1mara Civil y Comercial Federal y pidi\u00f3 que la causa por la recuperaci\u00f3n del predio ferial de Palermo por parte del Estado, pase al fuero Contencioso Administrativo Federal.<\/p>\n","protected":false},"author":4,"featured_media":0,"comment_status":"open","ping_status":"open","sticky":false,"template":"","format":"standard","meta":{"_jetpack_newsletter_access":"","_jetpack_dont_email_post_to_subs":false,"_jetpack_newsletter_tier_id":0,"_jetpack_memberships_contains_paywalled_content":false,"_jetpack_memberships_contains_paid_content":false,"footnotes":""},"categories":[1],"tags":[],"class_list":["post-11637","post","type-post","status-publish","format-standard","hentry","category-sociedad"],"jetpack_featured_media_url":"","jetpack_shortlink":"https:\/\/wp.me\/p2JWE0-31H","jetpack-related-posts":[{"id":13432,"url":"https:\/\/www.24baires.com\/?p=13432","url_meta":{"origin":11637,"position":0},"title":"Rechazaron los planteos del Estado contra la decisi\u00f3n que impide anular la venta de la Rural","author":"AF","date":"24\/01\/2013","format":false,"excerpt":"La C\u00e1mara en lo Civil y Comercial Federal desestim\u00f3 la recusaci\u00f3n presentada contra todos sus integrantes por parte del Gobierno Nacional en la causa por la recuperaci\u00f3n del predio de la Rural de Palermo, informaron fuentes judiciales. La sala de feria del tribunal de apelaciones rechaz\u00f3 adem\u00e1s una recusaci\u00f3n masiva\u2026","rel":"","context":"En \u00abSociedad\u00bb","block_context":{"text":"Sociedad","link":"https:\/\/www.24baires.com\/?cat=1"},"img":{"alt_text":"rural","src":"https:\/\/i0.wp.com\/www.24baires.com\/wp-content\/uploads\/2013\/01\/rural-300x225.jpg?resize=350%2C200","width":350,"height":200},"classes":[]},{"id":8154,"url":"https:\/\/www.24baires.com\/?p=8154","url_meta":{"origin":11637,"position":1},"title":"Verg\u00fcenza Ajena: La C\u00e1mara recusada por el Gobierno extendi\u00f3 la cautelar al Grupo Clar\u00edn","author":"Grupo Sierra","date":"06\/12\/2012","format":false,"excerpt":"La C\u00e1mara en lo Civil y Comercial Federal favoreci\u00f3 al Grupo Clar\u00edn extendi\u00e9ndole la medida cautelar \"hasta que se dicte sentencia definitiva\". La decisi\u00f3n impide que se le aplique de forma plena la Ley de Medios al grupo period\u00edstico hasta que se resuelva la cuesti\u00f3n de la constitucionalidad del art\u00edculo\u2026","rel":"","context":"En \u00abMedios\u00bb","block_context":{"text":"Medios","link":"https:\/\/www.24baires.com\/?cat=54"},"img":{"alt_text":"","src":"","width":0,"height":0},"classes":[]},{"id":11290,"url":"https:\/\/www.24baires.com\/?p=11290","url_meta":{"origin":11637,"position":2},"title":"Alak consider\u00f3 que la cautelar de la Sociedad Rural es \u00abotro caso de f\u00f3rum shopping\u00bb","author":"AF","date":"05\/01\/2013","format":false,"excerpt":"El ministro de Justicia, Julio Alak, anunci\u00f3 que el Poder Ejecutivo apelar\u00e1 el fallo \"disparatado\" de la C\u00e1mara Civil y Comercial que dio lugar a la cautelar presentada por la Sociedad Rural. \"Se est\u00e1 impugnando un acto del Estado absolutamente leg\u00edtimo\", sentenci\u00f3. El Gobierno recurrir\u00e1 este lunes a la medida\u2026","rel":"","context":"En \u00abPol\u00edtica\u00bb","block_context":{"text":"Pol\u00edtica","link":"https:\/\/www.24baires.com\/?cat=51"},"img":{"alt_text":"","src":"","width":0,"height":0},"classes":[]},{"id":10713,"url":"https:\/\/www.24baires.com\/?p=10713","url_meta":{"origin":11637,"position":3},"title":"La cautelar pedida por la Sociedad Rural fue rechazada","author":"Grupo Sierra","date":"28\/12\/2012","format":false,"excerpt":"La jueza civil y comercial federal Silvina Bracamonte rechaz\u00f3 un pedido de la Sociedad Rural Argentina que buscaba frenar la vuelta del predio ferial de Palermo al Estado, dispuesta por el Gobierno la semana pasada. Fuentes judiciales dijeron que el rechazo de la jueza ya fue apelado por la SRA\u2026","rel":"","context":"En \u00abPol\u00edtica\u00bb","block_context":{"text":"Pol\u00edtica","link":"https:\/\/www.24baires.com\/?cat=51"},"img":{"alt_text":"","src":"","width":0,"height":0},"classes":[]},{"id":1757,"url":"https:\/\/www.24baires.com\/?p=1757","url_meta":{"origin":11637,"position":4},"title":"Alak pide \u00abjueces naturales\u00bb y cuestion\u00f3 a los miembros de la oposici\u00f3n en la Magistratura","author":"Grupo Sierra","date":"12\/10\/2012","format":false,"excerpt":"El ministro de Justicia, Julio Alak, cuestion\u00f3 a los miembros de la oposici\u00f3n en el Consejo de la Magistratura y los acus\u00f3 de \"privar a los argentinos de tener un juez natural\". Los cuestionamientos fueron dirigidos a los miembros de la oposici\u00f3n en el Consejo de la Magistratura que ayer\u2026","rel":"","context":"En \u00abMedios\u00bb","block_context":{"text":"Medios","link":"https:\/\/www.24baires.com\/?cat=54"},"img":{"alt_text":"","src":"https:\/\/i0.wp.com\/www.24baires.com\/wp-content\/uploads\/2012\/10\/alak.jpg?resize=350%2C200","width":350,"height":200,"srcset":"https:\/\/i0.wp.com\/www.24baires.com\/wp-content\/uploads\/2012\/10\/alak.jpg?resize=350%2C200 1x, https:\/\/i0.wp.com\/www.24baires.com\/wp-content\/uploads\/2012\/10\/alak.jpg?resize=525%2C300 1.5x"},"classes":[]},{"id":16333,"url":"https:\/\/www.24baires.com\/?p=16333","url_meta":{"origin":11637,"position":5},"title":"Apelaron la medida cautelar contra la devoluci\u00f3n de La Rural","author":"Grupo Sierra","date":"21\/02\/2013","format":false,"excerpt":"El Gobierno apel\u00f3 la medida cautelar dictada por la C\u00e1mara Civil y Comercial federal durante la feria de enero en la que bloque\u00f3 el traspaso al Estado del predio ferial de la SRA. \u00a0 \u00a0 El tr\u00e1mite inicia el procedimiento para que la Corte Suprema de Justicia tome el expediente\u2026","rel":"","context":"En \u00abPol\u00edtica\u00bb","block_context":{"text":"Pol\u00edtica","link":"https:\/\/www.24baires.com\/?cat=51"},"img":{"alt_text":"rural","src":"https:\/\/i0.wp.com\/www.24baires.com\/wp-content\/uploads\/2013\/02\/rural-300x200.jpg?resize=350%2C200","width":350,"height":200},"classes":[]}],"jetpack_sharing_enabled":true,"jetpack_likes_enabled":true,"_links":{"self":[{"href":"https:\/\/www.24baires.com\/index.php?rest_route=\/wp\/v2\/posts\/11637","targetHints":{"allow":["GET"]}}],"collection":[{"href":"https:\/\/www.24baires.com\/index.php?rest_route=\/wp\/v2\/posts"}],"about":[{"href":"https:\/\/www.24baires.com\/index.php?rest_route=\/wp\/v2\/types\/post"}],"author":[{"embeddable":true,"href":"https:\/\/www.24baires.com\/index.php?rest_route=\/wp\/v2\/users\/4"}],"replies":[{"embeddable":true,"href":"https:\/\/www.24baires.com\/index.php?rest_route=%2Fwp%2Fv2%2Fcomments&post=11637"}],"version-history":[{"count":2,"href":"https:\/\/www.24baires.com\/index.php?rest_route=\/wp\/v2\/posts\/11637\/revisions"}],"predecessor-version":[{"id":11641,"href":"https:\/\/www.24baires.com\/index.php?rest_route=\/wp\/v2\/posts\/11637\/revisions\/11641"}],"wp:attachment":[{"href":"https:\/\/www.24baires.com\/index.php?rest_route=%2Fwp%2Fv2%2Fmedia&parent=11637"}],"wp:term":[{"taxonomy":"category","embeddable":true,"href":"https:\/\/www.24baires.com\/index.php?rest_route=%2Fwp%2Fv2%2Fcategories&post=11637"},{"taxonomy":"post_tag","embeddable":true,"href":"https:\/\/www.24baires.com\/index.php?rest_route=%2Fwp%2Fv2%2Ftags&post=11637"}],"curies":[{"name":"wp","href":"https:\/\/api.w.org\/{rel}","templated":true}]}}