{"id":11633,"date":"2013-01-09T16:57:31","date_gmt":"2013-01-09T19:57:31","guid":{"rendered":"http:\/\/www.24baires.com\/?p=11633"},"modified":"2013-01-09T17:36:23","modified_gmt":"2013-01-09T20:36:23","slug":"caso-luciano-arruga-la-investigacion-cambio-a-desaparicion-forzada-de-persona","status":"publish","type":"post","link":"https:\/\/www.24baires.com\/?p=11633","title":{"rendered":"Arruga: la investigaci\u00f3n pas\u00f3 al fuero federal como \u00abdesaparici\u00f3n forzada de persona\u00bb"},"content":{"rendered":"<p><a href=\"http:\/\/www.24baires.com\/memoria\/10475-caso-arruga-otro-compromiso-de-scioli-que-quedo-en-la-nada\/attachment\/arruga-luciano\/\" rel=\"attachment wp-att-10476\"><img data-recalc-dims=\"1\" loading=\"lazy\" decoding=\"async\" class=\"alignleft size-medium wp-image-10476\" alt=\"arruga Luciano\" src=\"https:\/\/i0.wp.com\/www.24baires.com\/wp-content\/uploads\/2012\/12\/arruga-Luciano.jpg?resize=300%2C215\" width=\"300\" height=\"215\" srcset=\"https:\/\/i0.wp.com\/www.24baires.com\/wp-content\/uploads\/2012\/12\/arruga-Luciano.jpg?resize=300%2C215&amp;ssl=1 300w, https:\/\/i0.wp.com\/www.24baires.com\/wp-content\/uploads\/2012\/12\/arruga-Luciano.jpg?w=560&amp;ssl=1 560w\" sizes=\"auto, (max-width: 300px) 100vw, 300px\" \/><\/a>Lo resolvi\u00f3 la Justicia de Garant\u00edas de La Matanza, tal como lo ven\u00eda reclamando la familia del joven desaparecido y los organismos de derechos humanos. El vicegobernador Gabriel Mariotto dijo desde Mar del Plata que el caso \u201cnos llena de verg\u00fcenza a los bonaerenses\u201d y se mostr\u00f3 de acuerdo con crear una comisi\u00f3n especial en la Legislatura \u201ccomo sucedi\u00f3 con el caso Candela\u00bb. <!--more--><\/p>\n<p>El juez de Garant\u00edas de La Matanza, Gustavo Banco, declin\u00f3 su competencia en la causa por \u201caveriguaci\u00f3n de paradero\u201d de Luciano Arruga y consider\u00f3 que el caso debe ser investigado en el fuero federal como un hecho de \u00abdesaparici\u00f3n forzada de persona\u00bb.<\/p>\n<p>La causa pasar\u00e1 ahora con la nueva calificaci\u00f3n al Juzgado Federal de turno en Mor\u00f3n, seg\u00fan precisaron fuentes judiciales.<\/p>\n<p>Los familiares de Luciano Arruga, junto a organismos de derechos humanos como la Comisi\u00f3n Provincial por la Memoria y el CELS, ven\u00edan reclamando el cambio de car\u00e1tula y el pase de la causa a la justicia federal al considerar que en la provincia de Buenos Aires existe \u00abun circuito de impunidad\u201d que impide el esclarecimiento del caso.<\/p>\n<p>Esta tarde el vicegobernador Gabriel Mariotto dijo que la desaparici\u00f3n de Luciano Arruga \u201cnos llena de verg\u00fcenza a los bonaerenses\u201d.<\/p>\n<p>\u201cEs indignante, esperamos que la Justicia avance hasta las \u00faltimas consecuencias \u00ab, agreg\u00f3 el titular del Senado provincial al ser consultado por la prensa en Mar del Plata, donde acompa\u00f1ar\u00e1 a la presidenta Cristina Fern\u00e1ndez de Kirchner en la recepci\u00f3n de la Fragata Libertad.<\/p>\n<p>Mariotto tambi\u00e9n se manifest\u00f3 de acuerdo con un proyecto que present\u00f3 en marzo pasado el diputado bonaerense Miguel \u00c1ngel Funes para que se conforme una comisi\u00f3n especial que investigue el caso.<\/p>\n<p>\u00abDesde el Senado vamos en la misma direcci\u00f3n y apoyamos la iniciativa del diputado. El caso merece una comisi\u00f3n especial como sucedi\u00f3 con el caso Candela\u00bb, explic\u00f3 el vicegobernador.<\/p>\n<p>Arruga sali\u00f3 de su casa de la localidad bonaerense de Lomas del Mirador, partido de La Matanza, cerca de las 21 del 31 de enero de 2009.<\/p>\n<p>La familia asegura que el adolescente fue conducido al destacamento policial local, que no estaba habilitado para la detenci\u00f3n de personas, y que su desaparici\u00f3n se produjo luego de negarse a robar para la Polic\u00eda.<\/p>\n<p>Ayer fue detenido y separado de la Bonaerense el oficial principal Julio Diego Torales, acusado de torturar a Luciano en septiembre de 2008, aunque a\u00fan siguen en funciones los polic\u00edas involucrados directamente en su desaparici\u00f3n.<\/p>\n<p>&nbsp;<\/p>\n<p>&nbsp;<\/p>\n<p>&nbsp;<\/p>\n<p>&nbsp;<\/p>\n<p>&nbsp;<\/p>\n<p>&nbsp;<\/p>\n<p>&nbsp;<\/p>\n<p>&nbsp;<\/p>\n<p>&nbsp;<\/p>\n<p>&nbsp;<\/p>\n<p>&nbsp;<\/p>\n<p>&nbsp;<\/p>\n<p>&nbsp;<\/p>\n<p>&nbsp;<\/p>\n<p>&nbsp;<\/p>\n<p>&nbsp;<\/p>\n<p>&nbsp;<\/p>\n<p>&nbsp;<\/p>\n<p>&nbsp;<\/p>\n<p>&nbsp;<\/p>\n<p>&nbsp;<\/p>\n<p>&nbsp;<\/p>\n","protected":false},"excerpt":{"rendered":"<p>Lo resolvi\u00f3 la Justicia de Garant\u00edas de La Matanza, tal como lo ven\u00eda reclamando la familia del joven desaparecido y los organismos de derechos humanos. El vicegobernador Gabriel Mariotto dijo desde Mar del Plata que el caso \u201cnos llena de verg\u00fcenza a los bonaerenses\u201d y se mostr\u00f3 de acuerdo con crear una comisi\u00f3n especial en la Legislatura \u201ccomo sucedi\u00f3 con [&#8230;]<\/p>\n","protected":false},"author":4,"featured_media":0,"comment_status":"open","ping_status":"open","sticky":false,"template":"","format":"standard","meta":{"_jetpack_newsletter_access":"","_jetpack_dont_email_post_to_subs":false,"_jetpack_newsletter_tier_id":0,"_jetpack_memberships_contains_paywalled_content":false,"_jetpack_memberships_contains_paid_content":false,"footnotes":""},"categories":[1],"tags":[],"class_list":["post-11633","post","type-post","status-publish","format-standard","hentry","category-sociedad"],"jetpack_featured_media_url":"","jetpack_shortlink":"https:\/\/wp.me\/p2JWE0-31D","jetpack-related-posts":[{"id":15656,"url":"https:\/\/www.24baires.com\/?p=15656","url_meta":{"origin":11633,"position":0},"title":"La causa Luciano Arruga pasar\u00e1 a ser \u201cdesaparici\u00f3n forzada\u201d","author":"AF","date":"14\/02\/2013","format":false,"excerpt":"La Justicia Federal de Mor\u00f3n acept\u00f3 su competencia en la causa por la desaparici\u00f3n de Luciano Arruga, ocurrida en 2009 tras su detenci\u00f3n en el destacamento policial de la localidad bonaerense de Lomas del Mirador, informaron fuentes judiciales. La decisi\u00f3n la tom\u00f3 en las \u00faltimas horas el juez federal 1\u2026","rel":"","context":"En \u00abSociedad\u00bb","block_context":{"text":"Sociedad","link":"https:\/\/www.24baires.com\/?cat=1"},"img":{"alt_text":"","src":"","width":0,"height":0},"classes":[]},{"id":12140,"url":"https:\/\/www.24baires.com\/?p=12140","url_meta":{"origin":11633,"position":1},"title":"Comienzan las excavaciones en destacamento policial en busca de Luciano Arruga","author":"AF","date":"14\/01\/2013","format":false,"excerpt":"LA MATANZA - La orden fue impartida por el Juez de Garant\u00edas de La Matanza, Gustavo Banco en base a una pista que indica que el joven, desaparecido en enero de 2009, podr\u00eda haber sido enterrado all\u00ed. En la \u00faltima semana detuvieron a un oficial de la pol\u00edc\u00eda bonaerense y\u2026","rel":"","context":"En \u00abPoliciales\u00bb","block_context":{"text":"Policiales","link":"https:\/\/www.24baires.com\/?cat=49"},"img":{"alt_text":"ARRUGA LUCIANO river","src":"https:\/\/i0.wp.com\/www.24baires.com\/wp-content\/uploads\/2012\/12\/ARRUGA-LUCIANO-river-300x205.jpg?resize=350%2C200","width":350,"height":200},"classes":[]},{"id":32920,"url":"https:\/\/www.24baires.com\/?p=32920","url_meta":{"origin":11633,"position":2},"title":"Piden juicio pol\u00edtico contra el juez y la fiscal del caso Luciano Arruga","author":"AF","date":"03\/10\/2013","format":false,"excerpt":"Se trata de quienes estaban a cargo de la causa en la Provincia hasta que pas\u00f3 al fuero federal. La querella explic\u00f3 que \u201cla fiscal, con la autorizaci\u00f3n del juez, pinch\u00f3 los tel\u00e9fonos de la familia Arruga al mismo tiempo que investigaba a los polic\u00edas\u201d involucrados en la desaparici\u00f3n del\u2026","rel":"","context":"En \u00abSociedad\u00bb","block_context":{"text":"Sociedad","link":"https:\/\/www.24baires.com\/?cat=1"},"img":{"alt_text":"","src":"","width":0,"height":0},"classes":[]},{"id":32898,"url":"https:\/\/www.24baires.com\/?p=32898","url_meta":{"origin":11633,"position":3},"title":"La querella del caso de Luciano Arruga pedir\u00e1 un jury para dos funcionarios","author":"GB","date":"02\/10\/2013","format":false,"excerpt":"Lo hicieron durante una conferencia de prensa en el CELS. Anunciaron que pedir\u00e1n juicio pol\u00edtico contra los dos principales funcionarios que investigaron la causa antes de que pasara a la Justicia Federal: la fiscal Celia Cejas y el juez de Garant\u00edas de La Matanza, Gustavo Banco. Cada vez que los\u2026","rel":"","context":"En \u00abJUDICIALES\u00bb","block_context":{"text":"JUDICIALES","link":"https:\/\/www.24baires.com\/?cat=68"},"img":{"alt_text":"","src":"","width":0,"height":0},"classes":[]},{"id":14171,"url":"https:\/\/www.24baires.com\/?p=14171","url_meta":{"origin":11633,"position":4},"title":"Se cumplen cuatro a\u00f1os de la desaparici\u00f3n de Luciano Arruga","author":"AF","date":"31\/01\/2013","format":false,"excerpt":"Ten\u00eda 16 a\u00f1os cuando un grupo de polic\u00edas lo detuvo y lo tortur\u00f3 en un destacamento de Lomas del Mirador, en La Matanza. Eso es lo \u00faltimo que se sabe de \u00e9l. Seg\u00fan sus familiares y amigos, todo form\u00f3 parte de una represalia porque el chico hab\u00eda rechazado robar para\u2026","rel":"","context":"En \u00abMemoria\u00bb","block_context":{"text":"Memoria","link":"https:\/\/www.24baires.com\/?cat=50"},"img":{"alt_text":"","src":"","width":0,"height":0},"classes":[]},{"id":11979,"url":"https:\/\/www.24baires.com\/?p=11979","url_meta":{"origin":11633,"position":5},"title":"Caso Arruga: el Polic\u00eda detenido admiti\u00f3 que Luciano estuvo en el destacamento de Lomas","author":"AF","date":"12\/01\/2013","format":false,"excerpt":"Este s\u00e1bado trascendieron algunos puntos de la indagatoria del efectivo de la Bonaerense detenido por golpear salvajemente al joven antes de su desaparici\u00f3n. Tambi\u00e9n se conoci\u00f3 la declaraci\u00f3n de la jefa de Guardia de la seccional, que fue convocada por la Justicia en calidad de testigo. Piden la exoneraci\u00f3n de\u2026","rel":"","context":"En \u00abSociedad\u00bb","block_context":{"text":"Sociedad","link":"https:\/\/www.24baires.com\/?cat=1"},"img":{"alt_text":"","src":"","width":0,"height":0},"classes":[]}],"jetpack_sharing_enabled":true,"jetpack_likes_enabled":true,"_links":{"self":[{"href":"https:\/\/www.24baires.com\/index.php?rest_route=\/wp\/v2\/posts\/11633","targetHints":{"allow":["GET"]}}],"collection":[{"href":"https:\/\/www.24baires.com\/index.php?rest_route=\/wp\/v2\/posts"}],"about":[{"href":"https:\/\/www.24baires.com\/index.php?rest_route=\/wp\/v2\/types\/post"}],"author":[{"embeddable":true,"href":"https:\/\/www.24baires.com\/index.php?rest_route=\/wp\/v2\/users\/4"}],"replies":[{"embeddable":true,"href":"https:\/\/www.24baires.com\/index.php?rest_route=%2Fwp%2Fv2%2Fcomments&post=11633"}],"version-history":[{"count":3,"href":"https:\/\/www.24baires.com\/index.php?rest_route=\/wp\/v2\/posts\/11633\/revisions"}],"predecessor-version":[{"id":11646,"href":"https:\/\/www.24baires.com\/index.php?rest_route=\/wp\/v2\/posts\/11633\/revisions\/11646"}],"wp:attachment":[{"href":"https:\/\/www.24baires.com\/index.php?rest_route=%2Fwp%2Fv2%2Fmedia&parent=11633"}],"wp:term":[{"taxonomy":"category","embeddable":true,"href":"https:\/\/www.24baires.com\/index.php?rest_route=%2Fwp%2Fv2%2Fcategories&post=11633"},{"taxonomy":"post_tag","embeddable":true,"href":"https:\/\/www.24baires.com\/index.php?rest_route=%2Fwp%2Fv2%2Ftags&post=11633"}],"curies":[{"name":"wp","href":"https:\/\/api.w.org\/{rel}","templated":true}]}}