{"id":116296,"date":"2020-09-22T16:47:53","date_gmt":"2020-09-22T19:47:53","guid":{"rendered":"http:\/\/www.24baires.com\/?p=116296"},"modified":"2020-09-22T17:52:01","modified_gmt":"2020-09-22T20:52:01","slug":"guzman-el-presupuesto-2021-es-un-paso-fundamental-en-el-proceso-de-estabilizar-la-economia","status":"publish","type":"post","link":"https:\/\/www.24baires.com\/?p=116296","title":{"rendered":"Guzm\u00e1n: el Presupuesto 2021 \u00abes un paso fundamental en el proceso de estabilizar la econom\u00eda\u00bb"},"content":{"rendered":"<p><img data-recalc-dims=\"1\" loading=\"lazy\" decoding=\"async\" src=\"https:\/\/i0.wp.com\/www.24baires.com\/wp-content\/uploads\/2020\/05\/guzman-1.jpg?resize=560%2C313\" alt=\"\" width=\"560\" height=\"313\" class=\"aligncenter size-full wp-image-115099\" srcset=\"https:\/\/i0.wp.com\/www.24baires.com\/wp-content\/uploads\/2020\/05\/guzman-1.jpg?w=560&amp;ssl=1 560w, https:\/\/i0.wp.com\/www.24baires.com\/wp-content\/uploads\/2020\/05\/guzman-1.jpg?resize=300%2C168&amp;ssl=1 300w\" sizes=\"auto, (max-width: 560px) 100vw, 560px\" \/>El ministro brinda detalles en comisi\u00f3n sobre los principales ejes que contempla un crecimiento del 5,5% del PBI y un gasto total de m\u00e1s de 8 billones de pesos.<!--more--><\/p>\n<p>El ministro de Econom\u00eda, Mart\u00edn Guzm\u00e1n, afirm\u00f3 que \u00abestamos en una situaci\u00f3n muy dif\u00edcil en Argentina y en el mundo\u00bb a causa de la pandemia de coronavirus y subray\u00f3 que la presentaci\u00f3n del proyecto de Presupuesto 2021 es \u201cotro paso fundamental en el proceso de estabilizar a la econom\u00eda argentina y devolverla a un sendero de crecimiento inclusivo y estable\u201d.<\/p>\n<p>En el inicio de su exposici\u00f3n en la C\u00e1mara de Diputados en el marco de un plenario de la Comisi\u00f3n de Presupuesto, Guzm\u00e1n dijo que el Presupuesto 2021 es \u201cel ancla del esquema integral macroecon\u00f3mico de transici\u00f3n entre el lugar en el que est\u00e1 hoy la econom\u00eda Argentina y el lugar al que se quiere llegar\u201d.<\/p>\n<p>El ministro remarc\u00f3 que el proyecto de Presupuesto 2012 \u00abapunta a un d\u00e9ficit fiscal primario del 4,5 por ciento del producto bruto\u00bb, lo que consider\u00f3 como \u00abun nivel adecuado en el contexto de las restricciones que enfrenta el pa\u00eds y para apuntar a una recuperaci\u00f3n sostenible de la actividad econ\u00f3mica y del empleo\u00bb.<\/p>\n<p>\u00abEse 4,5% del producto refleja lo que es la visi\u00f3n del Gobierno, no solo en lo macroecon\u00f3mco, sino en relaci\u00f3n a cinco objetivos: inclusi\u00f3n, din\u00e1mica productiva, estabilidad macro, federalismo y soberan\u00eda\u00bb, detall\u00f3.<\/p>\n","protected":false},"excerpt":{"rendered":"<p>El ministro brinda detalles en comisi\u00f3n sobre los principales ejes que contempla un crecimiento del 5,5% del PBI y un gasto total de m\u00e1s de 8 billones de pesos.<\/p>\n","protected":false},"author":4,"featured_media":0,"comment_status":"open","ping_status":"open","sticky":false,"template":"","format":"standard","meta":{"_jetpack_newsletter_access":"","_jetpack_dont_email_post_to_subs":false,"_jetpack_newsletter_tier_id":0,"_jetpack_memberships_contains_paywalled_content":false,"_jetpack_memberships_contains_paid_content":false,"footnotes":""},"categories":[45],"tags":[],"class_list":["post-116296","post","type-post","status-publish","format-standard","hentry","category-economia"],"jetpack_featured_media_url":"","jetpack_shortlink":"https:\/\/wp.me\/p2JWE0-ufK","jetpack-related-posts":[{"id":118334,"url":"https:\/\/www.24baires.com\/?p=118334","url_meta":{"origin":116296,"position":0},"title":"Guzm\u00e1n dijo que el Presupuesto 2022 propicia \u00abla doble recuperaci\u00f3n econ\u00f3mica y sanitaria\u00bb","author":"AF","date":"13\/12\/2021","format":false,"excerpt":"El ministro de Econom\u00eda, junto con su equipo, expuso este lunes ante la comisi\u00f3n de Presupuesto los alcances de la propuesta que prev\u00e9 un crecimiento del 4% del PBI, una inflaci\u00f3n del 33% y un d\u00f3lar a $131,1. El ministro de Econom\u00eda, Mart\u00edn Guzm\u00e1n, asegur\u00f3 esta tarde que el Presupuesto\u2026","rel":"","context":"En \u00abEconom\u00eda\u00bb","block_context":{"text":"Econom\u00eda","link":"https:\/\/www.24baires.com\/?cat=45"},"img":{"alt_text":"","src":"https:\/\/i0.wp.com\/www.24baires.com\/wp-content\/uploads\/2021\/11\/guzman.jpg?resize=350%2C200","width":350,"height":200,"srcset":"https:\/\/i0.wp.com\/www.24baires.com\/wp-content\/uploads\/2021\/11\/guzman.jpg?resize=350%2C200 1x, https:\/\/i0.wp.com\/www.24baires.com\/wp-content\/uploads\/2021\/11\/guzman.jpg?resize=525%2C300 1.5x"},"classes":[]},{"id":116456,"url":"https:\/\/www.24baires.com\/?p=116456","url_meta":{"origin":116296,"position":1},"title":"El FMI dijo que Argentina caer\u00e1 este a\u00f1o y repuntar\u00e1 en 2021","author":"AF","date":"13\/10\/2020","format":false,"excerpt":"El FMI prev\u00e9 que la econom\u00eda argentina caer\u00e1 este a\u00f1o 11,8% y repuntar\u00e1 4,9% en 2021. El Fondo Monetario Internacional (FMI) vaticin\u00f3 hoy que la econom\u00eda argentina caer\u00e1 este a\u00f1o un 11,8% y repuntar\u00e1 el 4,9% durante 2021. As\u00ed lo indic\u00f3 en el Informe de Perspectivas Econ\u00f3micas (WEO, por sus\u2026","rel":"","context":"En \u00abEconom\u00eda\u00bb","block_context":{"text":"Econom\u00eda","link":"https:\/\/www.24baires.com\/?cat=45"},"img":{"alt_text":"","src":"https:\/\/i0.wp.com\/www.24baires.com\/wp-content\/uploads\/2019\/08\/fmi.jpg?resize=350%2C200","width":350,"height":200,"srcset":"https:\/\/i0.wp.com\/www.24baires.com\/wp-content\/uploads\/2019\/08\/fmi.jpg?resize=350%2C200 1x, https:\/\/i0.wp.com\/www.24baires.com\/wp-content\/uploads\/2019\/08\/fmi.jpg?resize=525%2C300 1.5x"},"classes":[]},{"id":116244,"url":"https:\/\/www.24baires.com\/?p=116244","url_meta":{"origin":116296,"position":2},"title":"Guzman present\u00f3 el presupuesto 2021","author":"GB","date":"16\/09\/2020","format":false,"excerpt":"El proyecto prev\u00e9 para esta a\u00f1o una ca\u00edda del PBI del 13,6% que se recuperar\u00eda a partir del a\u00f1o que viene con un crecimiento de mas de 5 puntos. Adem\u00e1s incluye por primera vez una perspectiva de g\u00e9nero El ministro de Econom\u00eda, Mart\u00edn Guzmanm present\u00f3 el proyecto de Presupuesto 2021,\u2026","rel":"","context":"En \u00abEconom\u00eda\u00bb","block_context":{"text":"Econom\u00eda","link":"https:\/\/www.24baires.com\/?cat=45"},"img":{"alt_text":"","src":"https:\/\/i0.wp.com\/www.24baires.com\/wp-content\/uploads\/2020\/05\/guzman-1.jpg?resize=350%2C200","width":350,"height":200,"srcset":"https:\/\/i0.wp.com\/www.24baires.com\/wp-content\/uploads\/2020\/05\/guzman-1.jpg?resize=350%2C200 1x, https:\/\/i0.wp.com\/www.24baires.com\/wp-content\/uploads\/2020\/05\/guzman-1.jpg?resize=525%2C300 1.5x"},"classes":[]},{"id":118254,"url":"https:\/\/www.24baires.com\/?p=118254","url_meta":{"origin":116296,"position":3},"title":"Guzm\u00e1n: \u201cEstamos viviendo un proceso de recuperaci\u00f3n econ\u00f3mica muy fuerte\u201d","author":"GB","date":"25\/11\/2021","format":false,"excerpt":"Durante su exposici\u00f3n en el cierre de las Jornadas Monetarias 2021 organizadas por el Banco Central, el ministro de Econom\u00eda Mart\u00edn Guzm\u00e1n afirm\u00f3 que \u201cla econom\u00eda este a\u00f1o va a crecer m\u00e1s que el 9%\u201d. El ministro de Econom\u00eda, Mart\u00edn Guzm\u00e1n, expuso este mi\u00e9rcoles en el cierre de las \u201cJornadas\u2026","rel":"","context":"En \u00abEconom\u00eda\u00bb","block_context":{"text":"Econom\u00eda","link":"https:\/\/www.24baires.com\/?cat=45"},"img":{"alt_text":"","src":"https:\/\/i0.wp.com\/www.24baires.com\/wp-content\/uploads\/2021\/11\/guzman.jpg?resize=350%2C200","width":350,"height":200,"srcset":"https:\/\/i0.wp.com\/www.24baires.com\/wp-content\/uploads\/2021\/11\/guzman.jpg?resize=350%2C200 1x, https:\/\/i0.wp.com\/www.24baires.com\/wp-content\/uploads\/2021\/11\/guzman.jpg?resize=525%2C300 1.5x"},"classes":[]},{"id":118612,"url":"https:\/\/www.24baires.com\/?p=118612","url_meta":{"origin":116296,"position":4},"title":"Guzm\u00e1n: \u00abArgentina enfrenta una situaci\u00f3n de gran potencial desestabilizador\u00bb","author":"AF","date":"07\/03\/2022","format":false,"excerpt":"Tras encabezar cumbre clave con diputados del Frente de Todos, el ministro de Econom\u00eda asiste a la C\u00e1mara de Diputados en el inicio del tratamiento del proyecto. El ministro de Econom\u00eda, Mart\u00edn Guzm\u00e1n, dijo hoy que la Argentina \"enfrenta una situaci\u00f3n de gran potencial desestablizador por la combinaci\u00f3n de la\u2026","rel":"","context":"En \u00abPol\u00edtica\u00bb","block_context":{"text":"Pol\u00edtica","link":"https:\/\/www.24baires.com\/?cat=51"},"img":{"alt_text":"","src":"https:\/\/i0.wp.com\/www.24baires.com\/wp-content\/uploads\/2021\/11\/guzman.jpg?resize=350%2C200","width":350,"height":200,"srcset":"https:\/\/i0.wp.com\/www.24baires.com\/wp-content\/uploads\/2021\/11\/guzman.jpg?resize=350%2C200 1x, https:\/\/i0.wp.com\/www.24baires.com\/wp-content\/uploads\/2021\/11\/guzman.jpg?resize=525%2C300 1.5x"},"classes":[]},{"id":118574,"url":"https:\/\/www.24baires.com\/?p=118574","url_meta":{"origin":116296,"position":5},"title":"El Banco Mundial confirm\u00f3 cr\u00e9ditos por US$ 2000 millones para Argentina","author":"AF","date":"22\/02\/2022","format":false,"excerpt":"El anuncio se realiz\u00f3 tras una reuni\u00f3n entre Mart\u00edn Guzm\u00e1n, Gustavo Beliz y el director de operaciones del Banco Mundial, Axel van Trtsenburg, quien destac\u00f3 el crecimiento logrado por la Argentina en 2021. El director de operaciones del Banco Mundial, Axel van Trotsenburg, confirm\u00f3 este martes al ministro de Econom\u00eda,\u2026","rel":"","context":"En \u00abEconom\u00eda\u00bb","block_context":{"text":"Econom\u00eda","link":"https:\/\/www.24baires.com\/?cat=45"},"img":{"alt_text":"","src":"https:\/\/i0.wp.com\/www.24baires.com\/wp-content\/uploads\/2022\/02\/621570a23d8c6_900.jpg?resize=350%2C200","width":350,"height":200,"srcset":"https:\/\/i0.wp.com\/www.24baires.com\/wp-content\/uploads\/2022\/02\/621570a23d8c6_900.jpg?resize=350%2C200 1x, https:\/\/i0.wp.com\/www.24baires.com\/wp-content\/uploads\/2022\/02\/621570a23d8c6_900.jpg?resize=525%2C300 1.5x"},"classes":[]}],"jetpack_sharing_enabled":true,"jetpack_likes_enabled":true,"_links":{"self":[{"href":"https:\/\/www.24baires.com\/index.php?rest_route=\/wp\/v2\/posts\/116296","targetHints":{"allow":["GET"]}}],"collection":[{"href":"https:\/\/www.24baires.com\/index.php?rest_route=\/wp\/v2\/posts"}],"about":[{"href":"https:\/\/www.24baires.com\/index.php?rest_route=\/wp\/v2\/types\/post"}],"author":[{"embeddable":true,"href":"https:\/\/www.24baires.com\/index.php?rest_route=\/wp\/v2\/users\/4"}],"replies":[{"embeddable":true,"href":"https:\/\/www.24baires.com\/index.php?rest_route=%2Fwp%2Fv2%2Fcomments&post=116296"}],"version-history":[{"count":1,"href":"https:\/\/www.24baires.com\/index.php?rest_route=\/wp\/v2\/posts\/116296\/revisions"}],"predecessor-version":[{"id":116297,"href":"https:\/\/www.24baires.com\/index.php?rest_route=\/wp\/v2\/posts\/116296\/revisions\/116297"}],"wp:attachment":[{"href":"https:\/\/www.24baires.com\/index.php?rest_route=%2Fwp%2Fv2%2Fmedia&parent=116296"}],"wp:term":[{"taxonomy":"category","embeddable":true,"href":"https:\/\/www.24baires.com\/index.php?rest_route=%2Fwp%2Fv2%2Fcategories&post=116296"},{"taxonomy":"post_tag","embeddable":true,"href":"https:\/\/www.24baires.com\/index.php?rest_route=%2Fwp%2Fv2%2Ftags&post=116296"}],"curies":[{"name":"wp","href":"https:\/\/api.w.org\/{rel}","templated":true}]}}