{"id":116292,"date":"2020-09-22T12:12:20","date_gmt":"2020-09-22T15:12:20","guid":{"rendered":"http:\/\/www.24baires.com\/?p=116292"},"modified":"2020-09-22T11:15:23","modified_gmt":"2020-09-22T14:15:23","slug":"el-banco-central-aclaro-que-no-hay-impedimentos-para-la-compra-de-dolares","status":"publish","type":"post","link":"https:\/\/www.24baires.com\/?p=116292","title":{"rendered":"El Banco Central aclar\u00f3 que no hay impedimentos para la compra de d\u00f3lares"},"content":{"rendered":"<p><img data-recalc-dims=\"1\" loading=\"lazy\" decoding=\"async\" src=\"https:\/\/i0.wp.com\/www.24baires.com\/wp-content\/uploads\/2019\/08\/d%C3%B3lar.jpg?resize=560%2C314\" alt=\"\" width=\"560\" height=\"314\" class=\"aligncenter size-full wp-image-111462\" srcset=\"https:\/\/i0.wp.com\/www.24baires.com\/wp-content\/uploads\/2019\/08\/d%C3%B3lar.jpg?w=560&amp;ssl=1 560w, https:\/\/i0.wp.com\/www.24baires.com\/wp-content\/uploads\/2019\/08\/d%C3%B3lar.jpg?resize=300%2C168&amp;ssl=1 300w\" sizes=\"auto, (max-width: 560px) 100vw, 560px\" \/>La autoridad monetaria asegur\u00f3 que no existe ninguna traba para que los bancos ofrezcan la compra y venta de d\u00f3lares a trav\u00e9s de las plataformas digitales.<!--more--><\/p>\n<p>El Banco Central (BCRA) asegur\u00f3 este lunes que no hay impedimentos para que las entidades financieras vendan d\u00f3lares a los clientes que cumplan con los requisitos para hacerlo, pese a que la operatoria est\u00e1 inhabilitada en las homebanking de todos los bancos desde el mi\u00e9rcoles de la semana pasada.<\/p>\n<p>La autoridad monetaria se\u00f1al\u00f3 que la base de datos de las personas que reciben un plan social -uno de los criterios de exclusi\u00f3n para comprar hasta US$ 200 para atesorar por mes- est\u00e1 disponible en Internet y es p\u00fablica, por lo que los bancos pueden consultarla.<\/p>\n<p>En tanto, desde los bancos argumentaron que para acceder a esa informaci\u00f3n es necesario ingresar manualmente los datos de cada cliente en la p\u00e1gina web de la Anses, lo que torna al cotejo \u00abvirtualmente imposible\u00bb para las operaciones a trav\u00e9s de Internet.<\/p>\n<p>\u00abNo hay impedimento para que los bancos vendan d\u00f3lares. La web de Anses estuvo siempre disponible. La base de datos es p\u00fablica y los bancos pueden hacer a la consulta\u00bb, aseguraron fuentes del Banco Central a T\u00e9lam.<\/p>\n<p>El martes pasado, a trav\u00e9s de la comunicaci\u00f3n \u00abA\u00bb 7105, el Central determin\u00f3 que no podr\u00e1n comprar d\u00f3lar los beneficiarios de un plan o programa de ayuda social, incluyendo los subsidios de car\u00e1cter alimentario, entre otra media docena de nuevas restrcciones. Ante este escenario, los bancos trabajaron durante los \u00faltimos d\u00edas para actualizar sus sistemas e instrumentar las normativas y pidieron a la Anses la base de datos de quienes tienen un plan social para cruzarla con sus clientes. Sin embargo, esto \u00faltimo no ocurri\u00f3.<\/p>\n<p>\u00abM\u00e1s de 4 millones de personas compraron d\u00f3lares en agosto. Es imposible cargar a mano los nombres de todos para saber si tienen o no un plan social. Necesitamos tener el aval del Banco Central para que los clientes firmen una declaraci\u00f3n jurada o que Anses nos de la base de datos\u00bb, confiaron a T\u00e9lam voceros de uno de los principales bancos del pa\u00eds.<\/p>\n","protected":false},"excerpt":{"rendered":"<p>La autoridad monetaria asegur\u00f3 que no existe ninguna traba para que los bancos ofrezcan la compra y venta de d\u00f3lares a trav\u00e9s de las plataformas digitales.<\/p>\n","protected":false},"author":8,"featured_media":0,"comment_status":"open","ping_status":"open","sticky":false,"template":"","format":"standard","meta":{"_jetpack_newsletter_access":"","_jetpack_dont_email_post_to_subs":false,"_jetpack_newsletter_tier_id":0,"_jetpack_memberships_contains_paywalled_content":false,"_jetpack_memberships_contains_paid_content":false,"footnotes":""},"categories":[45],"tags":[],"class_list":["post-116292","post","type-post","status-publish","format-standard","hentry","category-economia"],"jetpack_featured_media_url":"","jetpack_shortlink":"https:\/\/wp.me\/p2JWE0-ufG","jetpack-related-posts":[{"id":111880,"url":"https:\/\/www.24baires.com\/?p=111880","url_meta":{"origin":116292,"position":0},"title":"La jornada abre expectante por el d\u00f3lar: los bancos extender\u00e1n la atenci\u00f3n hasta las 17","author":"GB","date":"02\/09\/2019","format":false,"excerpt":"Seg\u00fan el gobierno ninguna persona estar\u00e1 limitada para extraer en los bancos, pero se podr\u00e1 comprar hasta US$ 10.000. Los anuncios del gobierno nacional en torno al control de cambios generar profundas repercusiones en el \u00e1mbito pol\u00edtico y este lunes se reflejar\u00e1 en lo econ\u00f3mico financiero. En ese sentido, mientras\u2026","rel":"","context":"En \u00abEconom\u00eda\u00bb","block_context":{"text":"Econom\u00eda","link":"https:\/\/www.24baires.com\/?cat=45"},"img":{"alt_text":"","src":"https:\/\/i0.wp.com\/www.24baires.com\/wp-content\/uploads\/2019\/08\/d%C3%B3lar.jpg?resize=350%2C200","width":350,"height":200,"srcset":"https:\/\/i0.wp.com\/www.24baires.com\/wp-content\/uploads\/2019\/08\/d%C3%B3lar.jpg?resize=350%2C200 1x, https:\/\/i0.wp.com\/www.24baires.com\/wp-content\/uploads\/2019\/08\/d%C3%B3lar.jpg?resize=525%2C300 1.5x"},"classes":[]},{"id":112171,"url":"https:\/\/www.24baires.com\/?p=112171","url_meta":{"origin":116292,"position":1},"title":"El Banco Central analizar\u00e1 la posibilidad de flexibilizar la compra de d\u00f3lares para vivienda \u00fanica","author":"AF","date":"21\/09\/2019","format":false,"excerpt":"Seg\u00fan inform\u00f3 el organismo que conduce Guido Sandleris, se tratar\u00e1 de un monto permitido en torno a 150 mil d\u00f3lares. El presidente del Colegio Profesional de Inmobiliarias de la Ciudad de Buenos Aires, Armando Pepe, sostuvo este s\u00e1bado que el Banco Central analizar\u00e1 el jueves una nueva medida para permitir\u2026","rel":"","context":"En \u00abEconom\u00eda\u00bb","block_context":{"text":"Econom\u00eda","link":"https:\/\/www.24baires.com\/?cat=45"},"img":{"alt_text":"","src":"https:\/\/i0.wp.com\/www.24baires.com\/wp-content\/uploads\/2013\/12\/viviendas.jpg?resize=350%2C200","width":350,"height":200,"srcset":"https:\/\/i0.wp.com\/www.24baires.com\/wp-content\/uploads\/2013\/12\/viviendas.jpg?resize=350%2C200 1x, https:\/\/i0.wp.com\/www.24baires.com\/wp-content\/uploads\/2013\/12\/viviendas.jpg?resize=525%2C300 1.5x"},"classes":[]},{"id":103623,"url":"https:\/\/www.24baires.com\/?p=103623","url_meta":{"origin":116292,"position":2},"title":"Volvi\u00f3 el cepo: el Banco Central redujo el cupo de compra de d\u00f3lares diarios","author":"Grupo Sierra","date":"01\/08\/2018","format":false,"excerpt":"El Banco Central anunci\u00f3 que reducir\u00e1 la venta de d\u00f3lares diarios. La decisi\u00f3n est\u00e1 \"asociada al componente de apoyo presupuestario del financiamiento provisto por el Fondo Monetario Internacional\", indic\u00f3 Hacienda en un comunicado. El Ministerio de Hacienda emiti\u00f3 un comunicado en el que le orden\u00f3 al Banco Central que baje\u2026","rel":"","context":"En \u00abEconom\u00eda\u00bb","block_context":{"text":"Econom\u00eda","link":"https:\/\/www.24baires.com\/?cat=45"},"img":{"alt_text":"","src":"https:\/\/i0.wp.com\/www.24baires.com\/wp-content\/uploads\/2014\/07\/d%C3%B3lares.jpg?resize=350%2C200","width":350,"height":200,"srcset":"https:\/\/i0.wp.com\/www.24baires.com\/wp-content\/uploads\/2014\/07\/d%C3%B3lares.jpg?resize=350%2C200 1x, https:\/\/i0.wp.com\/www.24baires.com\/wp-content\/uploads\/2014\/07\/d%C3%B3lares.jpg?resize=525%2C300 1.5x"},"classes":[]},{"id":111954,"url":"https:\/\/www.24baires.com\/?p=111954","url_meta":{"origin":116292,"position":3},"title":"El Banco Central hace nuevas aclaraciones sobre la regulaci\u00f3n cambiaria","author":"AF","date":"05\/09\/2019","format":false,"excerpt":"La autoridad monetaria dispuso que se podr\u00e1n comprar m\u00e1s de 10 mil d\u00f3lares mensuales para pagar las tarjetas de cr\u00e9dito. La vuelta de un control de cambios, anunciado el domingo pasado, gener\u00f3 dudas acerca de la letra chica de su aplicaci\u00f3n. Por esta raz\u00f3n, cuatro d\u00edas m\u00e1s tarde de instauradas\u2026","rel":"","context":"En \u00abEconom\u00eda\u00bb","block_context":{"text":"Econom\u00eda","link":"https:\/\/www.24baires.com\/?cat=45"},"img":{"alt_text":"","src":"https:\/\/i0.wp.com\/www.24baires.com\/wp-content\/uploads\/2013\/12\/banco-central.jpg?resize=350%2C200","width":350,"height":200,"srcset":"https:\/\/i0.wp.com\/www.24baires.com\/wp-content\/uploads\/2013\/12\/banco-central.jpg?resize=350%2C200 1x, https:\/\/i0.wp.com\/www.24baires.com\/wp-content\/uploads\/2013\/12\/banco-central.jpg?resize=525%2C300 1.5x"},"classes":[]},{"id":111871,"url":"https:\/\/www.24baires.com\/?p=111871","url_meta":{"origin":116292,"position":4},"title":"En agosto las reservas del Banco Central cayeron casi 14 mil millones de d\u00f3lares","author":"AF","date":"30\/08\/2019","format":false,"excerpt":"Solo este viernes el Central perdi\u00f3 reservas por 1.904 millones de d\u00f3lares. Un demoledor informe del BNP Paribas anticipa que al gobierno de Macri no le quedar\u00e1 otra opci\u00f3n m\u00e1s que imponer un cepo. El gobierno de Mauricio Macri no logra encontrar la manera de frenar la sangr\u00eda de reservas\u2026","rel":"","context":"En \u00abEconom\u00eda\u00bb","block_context":{"text":"Econom\u00eda","link":"https:\/\/www.24baires.com\/?cat=45"},"img":{"alt_text":"","src":"https:\/\/i0.wp.com\/www.24baires.com\/wp-content\/uploads\/2013\/12\/banco-central.jpg?resize=350%2C200","width":350,"height":200,"srcset":"https:\/\/i0.wp.com\/www.24baires.com\/wp-content\/uploads\/2013\/12\/banco-central.jpg?resize=350%2C200 1x, https:\/\/i0.wp.com\/www.24baires.com\/wp-content\/uploads\/2013\/12\/banco-central.jpg?resize=525%2C300 1.5x"},"classes":[]},{"id":111923,"url":"https:\/\/www.24baires.com\/?p=111923","url_meta":{"origin":116292,"position":5},"title":"Las reservas del Banco Central cayeron otros 995 millones de d\u00f3lares","author":"AF","date":"03\/09\/2019","format":false,"excerpt":"La autoridad monetaria inform\u00f3 que las reservas internacionales totales quedaron este martes en 52.149 millones de d\u00f3lares. Las Reservas Internacionales del Banco Central finalizaron este martes en 52.149 millones de d\u00f3lares, inform\u00f3 la autoridad monetario en su resumen diario de Variables Financieras. Con este resultado, las reservas quedaron 995 millones\u2026","rel":"","context":"En \u00abEconom\u00eda\u00bb","block_context":{"text":"Econom\u00eda","link":"https:\/\/www.24baires.com\/?cat=45"},"img":{"alt_text":"","src":"https:\/\/i0.wp.com\/www.24baires.com\/wp-content\/uploads\/2013\/12\/banco-central.jpg?resize=350%2C200","width":350,"height":200,"srcset":"https:\/\/i0.wp.com\/www.24baires.com\/wp-content\/uploads\/2013\/12\/banco-central.jpg?resize=350%2C200 1x, https:\/\/i0.wp.com\/www.24baires.com\/wp-content\/uploads\/2013\/12\/banco-central.jpg?resize=525%2C300 1.5x"},"classes":[]}],"jetpack_sharing_enabled":true,"jetpack_likes_enabled":true,"_links":{"self":[{"href":"https:\/\/www.24baires.com\/index.php?rest_route=\/wp\/v2\/posts\/116292","targetHints":{"allow":["GET"]}}],"collection":[{"href":"https:\/\/www.24baires.com\/index.php?rest_route=\/wp\/v2\/posts"}],"about":[{"href":"https:\/\/www.24baires.com\/index.php?rest_route=\/wp\/v2\/types\/post"}],"author":[{"embeddable":true,"href":"https:\/\/www.24baires.com\/index.php?rest_route=\/wp\/v2\/users\/8"}],"replies":[{"embeddable":true,"href":"https:\/\/www.24baires.com\/index.php?rest_route=%2Fwp%2Fv2%2Fcomments&post=116292"}],"version-history":[{"count":1,"href":"https:\/\/www.24baires.com\/index.php?rest_route=\/wp\/v2\/posts\/116292\/revisions"}],"predecessor-version":[{"id":116293,"href":"https:\/\/www.24baires.com\/index.php?rest_route=\/wp\/v2\/posts\/116292\/revisions\/116293"}],"wp:attachment":[{"href":"https:\/\/www.24baires.com\/index.php?rest_route=%2Fwp%2Fv2%2Fmedia&parent=116292"}],"wp:term":[{"taxonomy":"category","embeddable":true,"href":"https:\/\/www.24baires.com\/index.php?rest_route=%2Fwp%2Fv2%2Fcategories&post=116292"},{"taxonomy":"post_tag","embeddable":true,"href":"https:\/\/www.24baires.com\/index.php?rest_route=%2Fwp%2Fv2%2Ftags&post=116292"}],"curies":[{"name":"wp","href":"https:\/\/api.w.org\/{rel}","templated":true}]}}